{"id":671788,"date":"2026-01-18T08:08:10","date_gmt":"2026-01-18T08:08:10","guid":{"rendered":"https:\/\/www.europesays.com\/fr\/671788\/"},"modified":"2026-01-18T08:08:10","modified_gmt":"2026-01-18T08:08:10","slug":"sa-villa-a-nice-avec-piscine-jardin-et-terrasse","status":"publish","type":"post","link":"https:\/\/www.europesays.com\/fr\/671788\/","title":{"rendered":"sa villa \u00e0 Nice avec piscine, jardin et terrasse"},"content":{"rendered":"<p class=\"p1\">Samuel Le Bihan est un <strong>embl\u00e8me du cin\u00e9ma<br \/>\nfran\u00e7ais<\/strong>. L\u2019acteur de 60 ans a eu la chance de jouer dans<br \/>\nde nombreux films au succ\u00e8s fulgurant, aux c\u00f4t\u00e9s d\u2019autres grandes<br \/>\nfigures comme la regrett\u00e9e Emilie Dequenne. Mais \u00e0 l\u2019inverse de<br \/>\ncertaines personnalit\u00e9s, celui-ci a choisi de <strong>poser ses<br \/>\nvalises \u00e0 plusieurs kilom\u00e8tres de la capitale.<\/strong> C\u2019est<br \/>\n<a href=\"https:\/\/www.lejournaldelamaison.fr\/le-journal-de-la-maison\/reportages-maisons\/people-maison-isabelle-boulay-quebec-530681.html\" target=\"_blank\" rel=\"noopener\">\u00e0 Nice<\/a> que le com\u00e9dien vit en<br \/>\ncompagnie des autres membres de sa famille.<\/p>\n<p>Samuel Le Bihan : sa grande maison situ\u00e9e dans la<br \/>\nville de Nice<\/p>\n<p class=\"p1\">Pour Samuel Le Bihan, partir s\u2019installer dans le<br \/>\n<a href=\"https:\/\/www.lejournaldelamaison.fr\/le-journal-de-la-maison\/reportages-maisons\/maisons-reportages-maisons\/johnny-hallyday-patrick-bruel-carla-bruni-plus-belles-maisons-stars-sud-france-533061.html\" target=\"_blank\" rel=\"noopener\">Sud de la France<\/a> s\u2019est<br \/>\n<strong>impos\u00e9 comme une \u00e9vidence<\/strong>. L\u2019acteur de la s\u00e9rie<br \/>\nAlex Hugo y est parti entour\u00e9 notamment de sa fille a\u00een\u00e9e<br \/>\nqui est autiste. Et le moins que l\u2019on puisse dire, c\u2019est que ce<br \/>\nchangement de vie radical a \u00e9t\u00e9 b\u00e9n\u00e9fique pour toute la famille.<br \/>\n<strong>\u00ab\u00a0Ma fille, son \u00e9l\u00e9ment, c\u00a0\u00bbest l&rsquo;eau. Et moi, la<br \/>\nmer, c&rsquo;est mon ADN.\u00a0\u00bb<\/strong>, avait expliqu\u00e9 le<br \/>\ncom\u00e9dien dans les colonnes de Ouest France en 2023.<\/p>\n<p class=\"p1\">C\u2019est donc tout naturellement que <strong>Samuel Le<br \/>\nBihan a investi son argent dans la sublime ville de Nice<\/strong>.<br \/>\nL\u00e0-bas, ce dernier a craqu\u00e9 pour une <a href=\"https:\/\/www.lejournaldelamaison.fr\/le-journal-de-la-maison\/reportages-maisons\/maisons-reportages-maisons\/stephanie-monaco-petit-paradis-sans-chichi-maison-paradisiaque-peille-dans-alpes-maritimes-batisse-provencale-murs-couverts-roses-vignes-531982.html\" target=\"_blank\" rel=\"noopener\">maison au style proven\u00e7al<\/a>, dont<br \/>\nles murs ont \u00e9t\u00e9 peints dans un joli jaune. Le toit, quant \u00e0 lui,<br \/>\nest recouvert de tuiles typiques de la r\u00e9gion. Cette demeure<br \/>\nexceptionnelle poss\u00e8de \u00e9galement <strong>une piscine<\/strong>,<br \/>\n\u00e9l\u00e9ment phare pour le p\u00e8re de famille. Samuel Le Bihan en profite<br \/>\nd\u00e8s qu\u2019il le peut et celui-ci le montre sans h\u00e9sitation sur ses<br \/>\nr\u00e9seaux sociaux. Preuve \u00e0 l\u2019appui avec la vid\u00e9o ci-dessous.<\/p>\n<p>Samuel Le Bihan a souhait\u00e9 quitter le tumulte<br \/>\nparisien<\/p>\n<p class=\"p1\">Samuel Le Bihan a eu un <strong>r\u00e9el coup de c\u0153ur<br \/>\npour la ville de Nice<\/strong>. L\u2019ambiance qui y r\u00e8gne correspond<br \/>\nbien plus au temp\u00e9rament de l\u2019acteur. \u00ab\u00a0C&rsquo;est une ville<br \/>\ndouce et agr\u00e9able. Je sais pourquoi je travaille : <strong>je<br \/>\ntravaille pour cr\u00e9er du bonheur<\/strong>. Je n&rsquo;y arrivais pas \u00e0<br \/>\nParis. C&rsquo;est une vraie priorit\u00e9 de cr\u00e9er le bonheur.\u00a0\u00bb,<br \/>\navait aussi d\u00e9clar\u00e9 aupr\u00e8s du m\u00e9dia Nous Deux, il y a<br \/>\nquelques ann\u00e9es.<\/p>\n<p class=\"p1\">Pour <a href=\"https:\/\/www.lejournaldelamaison.fr\/le-journal-de-la-maison\/reportages-maisons\/maisons-bord-de-mer\/samuel-le-bihan-apprecie-odeur-des-pins-vagues-lac-incroyable-maison-secondaire-lacanau-quitte-pour-bretagnne-518847.html\" target=\"_blank\" rel=\"noopener\"><br \/>\nSamuel Le Bihan, quitter Paris<\/a> n\u2019\u00e9tait pas seulement un choix<br \/>\ng\u00e9ographique, mais un <strong>v\u00e9ritable acte de bien-\u00eatre<\/strong>.<br \/>\nLa douceur de vivre ni\u00e7oise, la lumi\u00e8re, le climat et la proximit\u00e9<br \/>\nde la mer sont devenus des <strong>alli\u00e9s au quotidien<\/strong><br \/>\npour lui et ses proches. C\u2019est un choix de vie b\u00e9n\u00e9fique pour<br \/>\nl\u2019ex-compagnon de Daniela Beye.<\/p>\n<blockquote class=\"instagram-media\" style=\"background: #ffffff;border: 0;margin: 1px;width: 100%;padding: 0;max-width: 500px;\" data-instgrm-permalink=\"https:\/\/www.instagram.com\/p\/CVIvN2egIqT\/\" data-instgrm-version=\"14\"\/><p>\nLes r\u00e9sidences secondaires de Samuel<br \/>\nLe Bihan<\/p>\n<p class=\"p1\">Nice est aujourd\u2019hui le <strong>lieu de travail de<br \/>\nSamuel Le Bihan<\/strong>. Pour les besoins de sa s\u00e9rie Carpe<br \/>\nDiem, ce dernier n\u2019a pas besoin de remonter \u00e0 Paris.<br \/>\n\u00ab\u00a0On a des beaux studios, la Victorine, la montagne, toute<br \/>\nla C\u00f4te d\u2019Azur, on a la <strong>cinqui\u00e8me ville de France<\/strong>,<br \/>\nune vieille ville, on a un choix de d\u00e9cors incroyables et j\u2019avais<br \/>\nenvie de tourner ici pour tourner \u00e0 la maison. Et, ensuite,<br \/>\nb\u00e9n\u00e9ficier de ces d\u00e9cors magnifiques.\u00a0\u00bb, avait-il pr\u00e9cis\u00e9<br \/>\n\u00e0 Nice-Matin.<\/p>\n<p class=\"p1\">Outre sa demeure ni\u00e7oise, <a href=\"https:\/\/www.lejournaldelamaison.fr\/le-journal-de-la-maison\/reportages-maisons\/maisons-bord-de-mer\/samuel-le-bihan-apprecie-odeur-des-pins-vagues-lac-incroyable-maison-secondaire-lacanau-quitte-pour-bretagnne-518847.html\" target=\"_blank\" rel=\"noopener\">Samuel Le Bihan<\/a> a choisi de<br \/>\n<strong>compl\u00e9ter son patrimoine immobilier<\/strong> avec d\u2019autres<br \/>\nr\u00e9sidences, dont <strong>une autre maison \u00e0 Lacanau<\/strong>.<br \/>\n\u00ab\u00a0\u00c0 Lacanau, j&rsquo;ai une maison secondaire. [\u2026] J&rsquo;appr\u00e9cie<br \/>\n\u00e9norm\u00e9ment l&rsquo;odeur des pins, les vagues, l\u00e0-bas il y a un lac<br \/>\naussi. C&rsquo;est une r\u00e9gion tr\u00e8s sportive, tr\u00e8s nature. Les gens sont<br \/>\nsympas. C&rsquo;est un endroit que j&rsquo;appr\u00e9cie vraiment.\u00a0\u00bb,<br \/>\navait-il ajout\u00e9 dans le magazine\u00a0Une R\u00e9gion, une<br \/>\nStar.<\/p>\n<p><script async src=\"\/\/www.instagram.com\/embed.js\"><\/script><\/p>\n","protected":false},"excerpt":{"rendered":"Samuel Le Bihan est un embl\u00e8me du cin\u00e9ma fran\u00e7ais. L\u2019acteur de 60 ans a eu la chance de&hellip;\n","protected":false},"author":2,"featured_media":671789,"comment_status":"","ping_status":"","sticky":false,"template":"","format":"standard","meta":{"footnotes":""},"categories":[2819],"tags":[930,13041,1111,11,846,3031,3396,77140,2511,12219,1777,674,1011,27,4027,3354,4743,6127,33564,11078,12,2401,5922,69283,882,25,10649,9863,77141,1969,16963,133,7825],"class_list":{"0":"post-671788","1":"post","2":"type-post","3":"status-publish","4":"format-standard","5":"has-post-thumbnail","7":"category-nice","8":"tag-le","9":"tag-a","10":"tag-actu","11":"tag-actualites","12":"tag-adn","13":"tag-au","14":"tag-avec","15":"tag-bihan","16":"tag-cest","17":"tag-et","18":"tag-eu","19":"tag-europe","20":"tag-fr","21":"tag-france","22":"tag-grande","23":"tag-jardin","24":"tag-la","25":"tag-mer","26":"tag-moi","27":"tag-mon","28":"tag-news","29":"tag-nice","30":"tag-piscine","31":"tag-provencal","32":"tag-provence-alpes-cote-dazur","33":"tag-republique-francaise","34":"tag-sa","35":"tag-samuel","36":"tag-somptueuse","37":"tag-style","38":"tag-terrasse","39":"tag-video","40":"tag-villa"},"share_on_mastodon":{"url":"https:\/\/pubeurope.com\/@fr\/115915083234183861","error":""},"_links":{"self":[{"href":"https:\/\/www.europesays.com\/fr\/wp-json\/wp\/v2\/posts\/671788","targetHints":{"allow":["GET"]}}],"collection":[{"href":"https:\/\/www.europesays.com\/fr\/wp-json\/wp\/v2\/posts"}],"about":[{"href":"https:\/\/www.europesays.com\/fr\/wp-json\/wp\/v2\/types\/post"}],"author":[{"embeddable":true,"href":"https:\/\/www.europesays.com\/fr\/wp-json\/wp\/v2\/users\/2"}],"replies":[{"embeddable":true,"href":"https:\/\/www.europesays.com\/fr\/wp-json\/wp\/v2\/comments?post=671788"}],"version-history":[{"count":0,"href":"https:\/\/www.europesays.com\/fr\/wp-json\/wp\/v2\/posts\/671788\/revisions"}],"wp:featuredmedia":[{"embeddable":true,"href":"https:\/\/www.europesays.com\/fr\/wp-json\/wp\/v2\/media\/671789"}],"wp:attachment":[{"href":"https:\/\/www.europesays.com\/fr\/wp-json\/wp\/v2\/media?parent=671788"}],"wp:term":[{"taxonomy":"category","embeddable":true,"href":"https:\/\/www.europesays.com\/fr\/wp-json\/wp\/v2\/categories?post=671788"},{"taxonomy":"post_tag","embeddable":true,"href":"https:\/\/www.europesays.com\/fr\/wp-json\/wp\/v2\/tags?post=671788"}],"curies":[{"name":"wp","href":"https:\/\/api.w.org\/{rel}","templated":true}]}}