{"id":671823,"date":"2026-01-18T08:27:16","date_gmt":"2026-01-18T08:27:16","guid":{"rendered":"https:\/\/www.europesays.com\/fr\/671823\/"},"modified":"2026-01-18T08:27:16","modified_gmt":"2026-01-18T08:27:16","slug":"un-archeologue-russe-piege-par-ses-fouilles-illegales-dans-lest-de-la-crimee","status":"publish","type":"post","link":"https:\/\/www.europesays.com\/fr\/671823\/","title":{"rendered":"un arch\u00e9ologue russe pi\u00e9g\u00e9 par ses \u00ab\u00a0fouilles ill\u00e9gales\u00a0\u00bb dans l\u2019est de la Crim\u00e9e"},"content":{"rendered":"<p>\n    <strong>R\u00c9CIT &#8211; <\/strong>Alexandre Boutaguine, un sp\u00e9cialiste des civilisations antiques affili\u00e9 au mus\u00e9e de l\u2019Ermitage, a \u00e9t\u00e9 arr\u00eat\u00e9 en Pologne \u00e0 la demande de Kiev, qui r\u00e9clame son extradition. L\u2019affaire illustre le caract\u00e8re ultrasensible de la m\u00e9moire historique dans le contexte de la guerre en Ukraine.<\/p>\n<p class=\"fig-paragraph\">\u00abLe dernier jour de Pomp\u00e9i\u00a0\u00bb. Tel \u00e9tait le titre de la conf\u00e9rence que devait donner l\u2019arch\u00e9ologue russe\u00a0<a href=\"http:\/\/www.lefigaro.fr\/culture\/patrimoine\/l-ukraine-demande-l-extradition-d-un-archeologue-russe-accuse-de-fouilles-illegales-en-crimee-20251229\" data-fig-type=\"Article\" data-gtm-custom-categorie=\"navigation\" data-gtm-custom-action=\"crossclick\" data-gtm-custom-label=\"Contextuel\" data-gtm-event=\"customEventSPE\" data-fig-domain=\"LEFIGARO\" target=\"_blank\" rel=\"noopener\">Alexandre Boutiagine<\/a>, le 4 d\u00e9cembre dernier, \u00e0 Varsovie. Ironie du sort\u00a0: cette date semble surtout avoir sonn\u00e9, pour l\u2019heure, le cr\u00e9puscule de sa propre libert\u00e9. Sp\u00e9cialiste renomm\u00e9 en Russie de l\u2019arch\u00e9ologie antique, Alexandre Boutiaguine, 54 ans, dirige l\u2019une des sections d\u2019arch\u00e9ologie du prestigieux mus\u00e9e de l\u2019Ermitage, \u00e0\u00a0<a href=\"https:\/\/www.lefigaro.fr\/international\/guerre-en-ukraine-a-saint-petersbourg-un-drone-ukrainien-abattu-pres-d-un-terminal-petrolier-20240118\" data-fig-type=\"Article\" data-gtm-custom-categorie=\"navigation\" data-gtm-custom-action=\"crossclick\" data-gtm-custom-label=\"Contextuel\" data-gtm-event=\"customEventSPE\" data-fig-domain=\"LEFIGARO\" target=\"_blank\" rel=\"noopener\">Saint-P\u00e9tersbourg<\/a>, sa ville natale. Organisateur d\u2019expositions, il est connu pour ses travaux de vulgarisation sur l\u2019histoire des civilisations antiques et donne fr\u00e9quemment des conf\u00e9rences et des interviews relay\u00e9es sur ses r\u00e9seaux sociaux.<\/p>\n<p class=\"fig-paragraph\">Mais le 29 novembre, lorsqu\u2019il d\u00e9voile les contours de la tourn\u00e9e europ\u00e9enne qu\u2019il s\u2019appr\u00eate \u00e0 effectuer, Alexandre Boutiaguine ne se doute pas du destin chahut\u00e9 qui l\u2019attend. \u00ab J\u2019esp\u00e8re que j\u2019arriverai \u00e0 temps partout\u00a0!\u00a0\u00bb, lance-t-il alors sur son compte Telegram.<\/p>\n<p>                                            Demande d\u2019extradition<\/p>\n<p class=\"fig-paragraph\">Au programme\u00a0: des s\u00e9minaires dans plusieurs\u2026<\/p>\n<p class=\"fig-premium-paywall__infos\">\n        Cet article est r\u00e9serv\u00e9 aux abonn\u00e9s.        Il vous reste 91% \u00e0 d\u00e9couvrir.\n    <\/p>\n<p>                <img  data- alt=\"Le Figaro\" class=\"fig-img--complete fig-img\"\/><\/p>\n<p class=\"fig-premium-paywall__title\">Le Figaro c\u00e9l\u00e8bre ses 200 ans<\/p>\n<p class=\"fig-premium-paywall__subtitle\">Offre anniversaire : 2\u20ac\/mois pendant 200 semaines<\/p>\n<p class=\"fig-premium-paywall__connect\">\n                D\u00e9j\u00e0 abonn\u00e9\u00a0?                <a class=\"fig-premium-paywall__connect-link\" href=\"https:\/\/connect.lefigaro.fr\/login?client=horizon_web&amp;type=main&amp;redirect_uri=https%3A%2F%2Fwww.lefigaro.fr%2Finternational%2Fun-archeologue-russe-piege-par-ses-fouilles-illegales-dans-l-est-de-la-crimee-20260118\" data-js-gtm=\"{&quot;customCategorie&quot;: &quot;conversion&quot;, &quot;customAction&quot;: &quot;before_Landing_Connexion_paywall_auto&quot;, &quot;customLabel&quot;: &quot;bGVmaWdhcm8uZnJfXzFmMGYyZTY4LThmZmQtNjg1MC05YTZkLTM1OGJlMmFiMGFiYl9fQXJ0aWNsZQ==_\u00ab\u00a0Jusqu\u2019\u00e0 20 ans d\u2019emprisonnement\u00a0\u00bb\u00a0: un arch\u00e9ologue russe pi\u00e9g\u00e9 par ses \u00ab\u00a0fouilles ill\u00e9gales\u00a0\u00bb dans l\u2019est de la Crim\u00e9e_42&quot;, &quot;customIDSPE&quot;: &quot;bGVmaWdhcm8uZnJfXzFmMGYyZTY4LThmZmQtNjg1MC05YTZkLTM1OGJlMmFiMGFiYl9fQXJ0aWNsZQ==&quot;, &quot;event&quot;: &quot;customEventSPE&quot;}\" target=\"_blank\" rel=\"noopener\"><br \/>\n                    Connectez-vous<br \/>\n                <\/a>\n            <\/p>\n","protected":false},"excerpt":{"rendered":"R\u00c9CIT &#8211; Alexandre Boutaguine, un sp\u00e9cialiste des civilisations antiques affili\u00e9 au mus\u00e9e de l\u2019Ermitage, a \u00e9t\u00e9 arr\u00eat\u00e9 en&hellip;\n","protected":false},"author":2,"featured_media":671824,"comment_status":"","ping_status":"","sticky":false,"template":"","format":"standard","meta":{"footnotes":""},"categories":[1591],"tags":[11,730,1887,12,2437,1885,1886,132,220],"class_list":{"0":"post-671823","1":"post","2":"type-post","3":"status-publish","4":"format-standard","5":"has-post-thumbnail","7":"category-russie","8":"tag-actualites","9":"tag-archeologie","10":"tag-federation-de-russie","11":"tag-news","12":"tag-pologne","13":"tag-russia","14":"tag-russian-federation","15":"tag-russie","16":"tag-ukraine"},"share_on_mastodon":{"url":"https:\/\/pubeurope.com\/@fr\/115915158060857899","error":""},"_links":{"self":[{"href":"https:\/\/www.europesays.com\/fr\/wp-json\/wp\/v2\/posts\/671823","targetHints":{"allow":["GET"]}}],"collection":[{"href":"https:\/\/www.europesays.com\/fr\/wp-json\/wp\/v2\/posts"}],"about":[{"href":"https:\/\/www.europesays.com\/fr\/wp-json\/wp\/v2\/types\/post"}],"author":[{"embeddable":true,"href":"https:\/\/www.europesays.com\/fr\/wp-json\/wp\/v2\/users\/2"}],"replies":[{"embeddable":true,"href":"https:\/\/www.europesays.com\/fr\/wp-json\/wp\/v2\/comments?post=671823"}],"version-history":[{"count":0,"href":"https:\/\/www.europesays.com\/fr\/wp-json\/wp\/v2\/posts\/671823\/revisions"}],"wp:featuredmedia":[{"embeddable":true,"href":"https:\/\/www.europesays.com\/fr\/wp-json\/wp\/v2\/media\/671824"}],"wp:attachment":[{"href":"https:\/\/www.europesays.com\/fr\/wp-json\/wp\/v2\/media?parent=671823"}],"wp:term":[{"taxonomy":"category","embeddable":true,"href":"https:\/\/www.europesays.com\/fr\/wp-json\/wp\/v2\/categories?post=671823"},{"taxonomy":"post_tag","embeddable":true,"href":"https:\/\/www.europesays.com\/fr\/wp-json\/wp\/v2\/tags?post=671823"}],"curies":[{"name":"wp","href":"https:\/\/api.w.org\/{rel}","templated":true}]}}