{"id":671896,"date":"2026-01-18T09:17:25","date_gmt":"2026-01-18T09:17:25","guid":{"rendered":"https:\/\/www.europesays.com\/fr\/671896\/"},"modified":"2026-01-18T09:17:25","modified_gmt":"2026-01-18T09:17:25","slug":"les-bibliotheques-ideales-redonnent-le-micro-au-public-du-24-janvier-au-1er-fevrier","status":"publish","type":"post","link":"https:\/\/www.europesays.com\/fr\/671896\/","title":{"rendered":"les Biblioth\u00e8ques id\u00e9ales (re)donnent le micro au public, du 24 janvier au 1er f\u00e9vrier"},"content":{"rendered":"<p>\u201cUn livre peut-il transformer une vie\u00a0?\u201d, \u201cComment un r\u00e9gime totalitaire se met en place par la langue\u00a0?\u201d, \u201cFaut-il s\u2019excuser de la colonisation\u00a0?\u201d ou encore \u201cL\u2019\u00e9lection peut-elle mener \u00e0 un pouvoir antid\u00e9mocratique\u00a0?\u201d Ces questions qu\u2019on ne devrait \u201csurtout pas poser en d\u00e9but d\u2019ann\u00e9e\u201d vont pourtant rythmer la nouvelle \u00e9dition des Biblioth\u00e8ques id\u00e9ales qui se tiendra du 24\u00a0janvier au 1er \u00a0f\u00e9vrier dans l\u2019auditorium de la Biblioth\u00e8que nationale et universitaire (BNU).<\/p>\n<p>\u00c0 cette occasion, le <a href=\"https:\/\/www.dna.fr\/culture-loisirs\/2026\/01\/17\/cecile-coulon-constance-debre-judith-godreche-des-voix-fortes-aux-bibliotheques-ideales\" target=\"_blank\" rel=\"noopener\">festival litt\u00e9raire de Strasbourg<\/a> renoue avec un ancien format, puisque les spectateurs pourront \u00e0 nouveau poser des questions aux auteurs. \u00ab\u00a0On va m\u00eame plus loin, le public deviendra l\u2019animateur de ces rencontres puisque pr\u00e8s de&#8230;<\/p>\n","protected":false},"excerpt":{"rendered":"\u201cUn livre peut-il transformer une vie\u00a0?\u201d, \u201cComment un r\u00e9gime totalitaire se met en place par la langue\u00a0?\u201d, \u201cFaut-il&hellip;\n","protected":false},"author":2,"featured_media":671897,"comment_status":"","ping_status":"","sticky":false,"template":"","format":"standard","meta":{"footnotes":""},"categories":[2820],"tags":[1111,11,2389,6211,1687,3206,2880,1777,674,6757,107,1011,27,775,2410,12,5486,25,104,640,2879,1254],"class_list":{"0":"post-671896","1":"post","2":"type-post","3":"status-publish","4":"format-standard","5":"has-post-thumbnail","7":"category-strasbourg","8":"tag-actu","9":"tag-actualites","10":"tag-alsace","11":"tag-conference","12":"tag-culture-loisirs","13":"tag-defense-guerre-conflit","14":"tag-edition-strasbourg","15":"tag-eu","16":"tag-europe","17":"tag-feminisme","18":"tag-fil-info","19":"tag-fr","20":"tag-france","21":"tag-grand-est","22":"tag-livres-bd","23":"tag-news","24":"tag-rencontre","25":"tag-republique-francaise","26":"tag-societe","27":"tag-strasbourg","28":"tag-strasbourg-ville","29":"tag-terrorisme"},"share_on_mastodon":{"url":"https:\/\/pubeurope.com\/@fr\/115915354541267895","error":""},"_links":{"self":[{"href":"https:\/\/www.europesays.com\/fr\/wp-json\/wp\/v2\/posts\/671896","targetHints":{"allow":["GET"]}}],"collection":[{"href":"https:\/\/www.europesays.com\/fr\/wp-json\/wp\/v2\/posts"}],"about":[{"href":"https:\/\/www.europesays.com\/fr\/wp-json\/wp\/v2\/types\/post"}],"author":[{"embeddable":true,"href":"https:\/\/www.europesays.com\/fr\/wp-json\/wp\/v2\/users\/2"}],"replies":[{"embeddable":true,"href":"https:\/\/www.europesays.com\/fr\/wp-json\/wp\/v2\/comments?post=671896"}],"version-history":[{"count":0,"href":"https:\/\/www.europesays.com\/fr\/wp-json\/wp\/v2\/posts\/671896\/revisions"}],"wp:featuredmedia":[{"embeddable":true,"href":"https:\/\/www.europesays.com\/fr\/wp-json\/wp\/v2\/media\/671897"}],"wp:attachment":[{"href":"https:\/\/www.europesays.com\/fr\/wp-json\/wp\/v2\/media?parent=671896"}],"wp:term":[{"taxonomy":"category","embeddable":true,"href":"https:\/\/www.europesays.com\/fr\/wp-json\/wp\/v2\/categories?post=671896"},{"taxonomy":"post_tag","embeddable":true,"href":"https:\/\/www.europesays.com\/fr\/wp-json\/wp\/v2\/tags?post=671896"}],"curies":[{"name":"wp","href":"https:\/\/api.w.org\/{rel}","templated":true}]}}