{"id":671904,"date":"2026-01-18T09:21:21","date_gmt":"2026-01-18T09:21:21","guid":{"rendered":"https:\/\/www.europesays.com\/fr\/671904\/"},"modified":"2026-01-18T09:21:21","modified_gmt":"2026-01-18T09:21:21","slug":"lincendiaire-de-la-cathedrale-de-nantes-juge-pour-assassinat-en-vendee","status":"publish","type":"post","link":"https:\/\/www.europesays.com\/fr\/671904\/","title":{"rendered":"L&rsquo;incendiaire de la cath\u00e9drale de Nantes jug\u00e9 pour assassinat en Vend\u00e9e"},"content":{"rendered":"\n<p>Emmanuel Abayisenga sera jug\u00e9 devant la Cour d\u2019Assises de la Vend\u00e9e, \u00e0 partir de ce lundi (19 janvier) et jusqu\u2019\u00e0 jeudi (22 janvier), \u00e0 La Roche-sur-Yon. L\u2019homme de 45 ans est soup\u00e7onn\u00e9 d\u2019avoir assassin\u00e9 le p\u00e8re Olivier Maire, pr\u00eatre de 60 ans, tu\u00e9 dans la nuit du 8 au 9 ao\u00fbt 2021 \u00e0 Saint-Laurent-sur-S\u00e8vre.<\/p>\n<p>Le corps du religieux avait \u00e9t\u00e9 retrouv\u00e9 dans ce village de 3 600 habitants.<\/p>\n<p>Le suspect de nationalit\u00e9 rwandaise s\u2019\u00e9tait d\u00e9nonc\u00e9 le lendemain aupr\u00e8s des gendarmes. Arriv\u00e9 en France en 2012, Emmanuel Abayisenga avait \u00e9t\u00e9 b\u00e9n\u00e9vole pour le dioc\u00e8se de Nantes \u00e0 partir de 2016. Ses demandes d&rsquo;asile n&rsquo;ont jamais abouti.<\/p>\n<p>\u00a0<\/p>\n<blockquote><p>\nL&rsquo;incendiaire de la cath\u00e9drale de Nantes\n<\/p><\/blockquote>\n<p>\u00a0<\/p>\n<p>D\u00e9j\u00e0 connu de la justice, Emmanuel Abayisenga avait \u00e9t\u00e9 condamn\u00e9 en 2023 \u00e0 quatre ans de prison pour l\u2019incendie de la cath\u00e9drale de Nantes, trois ans plus t\u00f4t. Sorti de d\u00e9tention quelques jours avant les faits, apr\u00e8s une hospitalisation en psychiatrie, il \u00e9tait alors plac\u00e9 sous contr\u00f4le judiciaire et h\u00e9berg\u00e9 par la communaut\u00e9 religieuse.<\/p>\n<p><strong>L\u2019autopsie a r\u00e9v\u00e9l\u00e9 que le pr\u00eatre \u00e9tait mort des suites de coups violents port\u00e9s \u00e0 la t\u00eate.<\/strong> Un crime qui avait provoqu\u00e9 une vive \u00e9motion, jusqu\u2019au Vatican, le pape Fran\u00e7ois ayant exprim\u00e9 publiquement sa douleur.<\/p>\n<p>Ce proc\u00e8s tr\u00e8s attendu devra faire toute la lumi\u00e8re sur les circonstances du drame.<\/p>\n","protected":false},"excerpt":{"rendered":"Emmanuel Abayisenga sera jug\u00e9 devant la Cour d\u2019Assises de la Vend\u00e9e, \u00e0 partir de ce lundi (19 janvier)&hellip;\n","protected":false},"author":2,"featured_media":671905,"comment_status":"","ping_status":"","sticky":false,"template":"","format":"standard","meta":{"footnotes":""},"categories":[2818],"tags":[1111,11,13292,1438,1465,13293,3450,829,4356,2171,4357,3472,434,1777,674,9593,3337,3321,2257,1011,27,9518,848,1114,13289,2693,66,3047,1781,13291,13290,3729,766,12,9144,2636,3319,584,25,4937,3728,3272,60,3087,3165,2546],"class_list":{"0":"post-671904","1":"post","2":"type-post","3":"status-publish","4":"format-standard","5":"has-post-thumbnail","7":"category-nantes","8":"tag-actu","9":"tag-actualites","10":"tag-aeroport-notre-dame-des-landes","11":"tag-angers","12":"tag-basket","13":"tag-bonnets-rouges","14":"tag-brest","15":"tag-bretagne","16":"tag-coronavirus","17":"tag-cotes-darmor","18":"tag-covid-19","19":"tag-dinan","20":"tag-epidemie","21":"tag-eu","22":"tag-europe","23":"tag-fcn","24":"tag-festivals","25":"tag-finistere","26":"tag-foot","27":"tag-fr","28":"tag-france","29":"tag-hand","30":"tag-ille-et-vilaine","31":"tag-infos","32":"tag-la-roche-sur-yon","33":"tag-laval","34":"tag-ligue-1","35":"tag-loire-atlantique","36":"tag-lorient","37":"tag-maine-et-loire","38":"tag-mayenne","39":"tag-morbihan","40":"tag-nantes","41":"tag-news","42":"tag-ouest","43":"tag-pays-de-la-loire","44":"tag-quimper","45":"tag-rennes","46":"tag-republique-francaise","47":"tag-saint-brieuc","48":"tag-saint-malo","49":"tag-saint-nazaire","50":"tag-sports","51":"tag-stade-rennais","52":"tag-vannes","53":"tag-vendee"},"share_on_mastodon":{"url":"","error":"Validation failed: Text character limit of 500 exceeded"},"_links":{"self":[{"href":"https:\/\/www.europesays.com\/fr\/wp-json\/wp\/v2\/posts\/671904","targetHints":{"allow":["GET"]}}],"collection":[{"href":"https:\/\/www.europesays.com\/fr\/wp-json\/wp\/v2\/posts"}],"about":[{"href":"https:\/\/www.europesays.com\/fr\/wp-json\/wp\/v2\/types\/post"}],"author":[{"embeddable":true,"href":"https:\/\/www.europesays.com\/fr\/wp-json\/wp\/v2\/users\/2"}],"replies":[{"embeddable":true,"href":"https:\/\/www.europesays.com\/fr\/wp-json\/wp\/v2\/comments?post=671904"}],"version-history":[{"count":0,"href":"https:\/\/www.europesays.com\/fr\/wp-json\/wp\/v2\/posts\/671904\/revisions"}],"wp:featuredmedia":[{"embeddable":true,"href":"https:\/\/www.europesays.com\/fr\/wp-json\/wp\/v2\/media\/671905"}],"wp:attachment":[{"href":"https:\/\/www.europesays.com\/fr\/wp-json\/wp\/v2\/media?parent=671904"}],"wp:term":[{"taxonomy":"category","embeddable":true,"href":"https:\/\/www.europesays.com\/fr\/wp-json\/wp\/v2\/categories?post=671904"},{"taxonomy":"post_tag","embeddable":true,"href":"https:\/\/www.europesays.com\/fr\/wp-json\/wp\/v2\/tags?post=671904"}],"curies":[{"name":"wp","href":"https:\/\/api.w.org\/{rel}","templated":true}]}}