{"id":671924,"date":"2026-01-18T09:31:24","date_gmt":"2026-01-18T09:31:24","guid":{"rendered":"https:\/\/www.europesays.com\/fr\/671924\/"},"modified":"2026-01-18T09:31:24","modified_gmt":"2026-01-18T09:31:24","slug":"metropole-de-lyon-une-femme-de-70-ans-decede-dans-lincendie-de-son-logement-a-caluire-et-cuire","status":"publish","type":"post","link":"https:\/\/www.europesays.com\/fr\/671924\/","title":{"rendered":"M\u00e9tropole de Lyon : une femme de 70 ans d\u00e9c\u00e8de dans l&rsquo;incendie de son logement \u00e0 Caluire-et-Cuire"},"content":{"rendered":"<p>Une femme d&rsquo;environ 70 ans a perdu la vie ce samedi 17 janvier en fin d&rsquo;apr\u00e8s-midi dans l&rsquo;incendie de son appartement \u00e0 Caluire-et-Cuire. Les secours n&rsquo;ont pas pu la sauver malgr\u00e9 une intervention rapide.<\/p>\n<p>L&rsquo;alerte a \u00e9t\u00e9 donn\u00e9e vers 18 heures ce <b>samedi 17 janvier<\/b> lorsque des flammes se sont d\u00e9clar\u00e9es dans un appartement de <b>Caluire-et-Cuire<\/b>, au nord de Lyon.\u00a0<\/p>\n<p>\u00c0 l&rsquo;int\u00e9rieur, une septuag\u00e9naire se trouvait encore dans le logement lorsque l&rsquo;incendie s&rsquo;est propag\u00e9 au 5e \u00e9tage d&rsquo;un immeuble de six \u00e9tages situ\u00e9 dans le quartier de <b>Montessuy<\/b>, \u00e0 Caluire-et-Cuire.\u00a0<\/p>\n<p>Malgr\u00e9 l&rsquo;arriv\u00e9e rapide des pompiers, la victime \u00e2g\u00e9e d&rsquo;environ 70 ans n&rsquo;a pas pu \u00eatre secourue \u00e0 temps et est d\u00e9c\u00e9d\u00e9e sur place. Les circonstances exactes du d\u00e9part de feu ne sont pour l&rsquo;heure pas connues.<\/p>\n<p>La victime retrouv\u00e9e en arr\u00eat cardio-respiratoire\u00a0<\/p>\n<p>Selon les premiers \u00e9l\u00e9ments relay\u00e9s par <a class=\"url\" href=\"https:\/\/c.leprogres.fr\/faits-divers-justice\/2026\/01\/18\/une-septuagenaire-decede-dans-l-incendie-de-son-appartement-a-caluire-et-cuire\" target=\"_blank\" rel=\"noopener\">Le Progr\u00e8s<\/a>, les secours ont d\u00e9couvert la victime en <b>arr\u00eat cardio-respiratoire<\/b> et n&rsquo;ont pas pu la r\u00e9animer. Il s&rsquo;agissait de la propri\u00e9taire du logement, qui vivait seule d&rsquo;apr\u00e8s les services de la pr\u00e9fecture.\u00a0<\/p>\n<p>Si les flammes ont \u00e9t\u00e9 ma\u00eetris\u00e9es, le bilan humain reste lourd avec le d\u00e9c\u00e8s de cette femme \u00e2g\u00e9e. Au total, 37 sapeurs-pompiers ont \u00e9t\u00e9 mobilis\u00e9s.<\/p>\n<p><img loading=\"lazy\" decoding=\"async\" src=\"https:\/\/www.europesays.com\/fr\/wp-content\/uploads\/2026\/01\/1768728684_638_img.jpeg\" width=\"350\" height=\"200\" border=\"0\" title=\"Des policiers pendant un contr\u00c3\u00b4le routier\"\/><\/p>\n<p>\u25baFaits divers<\/p>\n<p style=\"font-size: 22px;\"><b>Lyon : un policier percut\u00e9 lors d&rsquo;un rod\u00e9o en Presqu&rsquo;\u00eele\u00a0<\/b><\/p>\n<p>Un motard de la police a \u00e9t\u00e9 violemment percut\u00e9&#8230;<\/p>\n<p><\/p>\n","protected":false},"excerpt":{"rendered":"Une femme d&rsquo;environ 70 ans a perdu la vie ce samedi 17 janvier en fin d&rsquo;apr\u00e8s-midi dans l&rsquo;incendie&hellip;\n","protected":false},"author":2,"featured_media":184505,"comment_status":"","ping_status":"","sticky":false,"template":"","format":"standard","meta":{"footnotes":""},"categories":[1889],"tags":[1111,11,77147,2430,15842,24563,1777,674,1011,27,1310,2428,77146,12,25,7342,77145],"class_list":{"0":"post-671924","1":"post","2":"type-post","3":"status-publish","4":"format-standard","5":"has-post-thumbnail","7":"category-lyon","8":"tag-actu","9":"tag-actualites","10":"tag-arrt-cardio-respiratoire","11":"tag-auvergne-rhone-alpes","12":"tag-caluire-et-cuire","13":"tag-dcs","14":"tag-eu","15":"tag-europe","16":"tag-fr","17":"tag-france","18":"tag-incendie","19":"tag-lyon","20":"tag-montessuy","21":"tag-news","22":"tag-republique-francaise","23":"tag-secours","24":"tag-septuagnaire"},"share_on_mastodon":{"url":"https:\/\/pubeurope.com\/@fr\/115915409506234037","error":""},"_links":{"self":[{"href":"https:\/\/www.europesays.com\/fr\/wp-json\/wp\/v2\/posts\/671924","targetHints":{"allow":["GET"]}}],"collection":[{"href":"https:\/\/www.europesays.com\/fr\/wp-json\/wp\/v2\/posts"}],"about":[{"href":"https:\/\/www.europesays.com\/fr\/wp-json\/wp\/v2\/types\/post"}],"author":[{"embeddable":true,"href":"https:\/\/www.europesays.com\/fr\/wp-json\/wp\/v2\/users\/2"}],"replies":[{"embeddable":true,"href":"https:\/\/www.europesays.com\/fr\/wp-json\/wp\/v2\/comments?post=671924"}],"version-history":[{"count":0,"href":"https:\/\/www.europesays.com\/fr\/wp-json\/wp\/v2\/posts\/671924\/revisions"}],"wp:featuredmedia":[{"embeddable":true,"href":"https:\/\/www.europesays.com\/fr\/wp-json\/wp\/v2\/media\/184505"}],"wp:attachment":[{"href":"https:\/\/www.europesays.com\/fr\/wp-json\/wp\/v2\/media?parent=671924"}],"wp:term":[{"taxonomy":"category","embeddable":true,"href":"https:\/\/www.europesays.com\/fr\/wp-json\/wp\/v2\/categories?post=671924"},{"taxonomy":"post_tag","embeddable":true,"href":"https:\/\/www.europesays.com\/fr\/wp-json\/wp\/v2\/tags?post=671924"}],"curies":[{"name":"wp","href":"https:\/\/api.w.org\/{rel}","templated":true}]}}