{"id":671941,"date":"2026-01-18T09:41:59","date_gmt":"2026-01-18T09:41:59","guid":{"rendered":"https:\/\/www.europesays.com\/fr\/671941\/"},"modified":"2026-01-18T09:41:59","modified_gmt":"2026-01-18T09:41:59","slug":"caraibe-royaume-uni-la-dette-non-soldee-de-lesclavage-episode-du-podcast-reparations-coloniales-une-quete-mondiale","status":"publish","type":"post","link":"https:\/\/www.europesays.com\/fr\/671941\/","title":{"rendered":"Cara\u00efbe\/Royaume-Uni, la dette non sold\u00e9e de l\u2019esclavage : \u00e9pisode du podcast R\u00e9parations coloniales\u00a0: une qu\u00eate mondiale"},"content":{"rendered":"<p class=\"PopSlotParagraph qg-tx2 qg-xtra-lh svelte-1r0pyek\">\u00c0 l\u2019issue du sommet du Commonwealth d\u2019octobre 2024 (le prochain \u00e9tant pr\u00e9vu en novembre 2026), et sous la pression des \u00c9tats carib\u00e9ens, le roi Charles III et le gouvernement Starmer ont reconnu que \u00ab\u00a0le moment \u00e9tait venu\u00a0\u00bb d\u2019aborder la question de la justice r\u00e9paratrice li\u00e9e \u00e0 l\u2019esclavage.<\/p>\n<p class=\"PopSlotParagraph qg-tx2 qg-xtra-lh svelte-1r0pyek\">Une reconnaissance tardive, alors que l\u2019esclavage a profond\u00e9ment structur\u00e9 l\u2019\u00e9conomie britannique\u00a0: la base de donn\u00e9es \u201cLegacies of British slave-ownership\u201d de l\u2019University College London (UCL), 10 \u00e0 20% de la richesse britannique aurait aujourd\u2019hui encore des liens avec l\u2019esclavage, pourtant aboli depuis 1833. Cette prise de position tranche avec l\u2019h\u00e9ritage du XIX\u1d49 si\u00e8cle, lorsque l\u2019\u00c9tat britannique avait choisi d\u2019indemniser les propri\u00e9taires d\u2019esclaves, et non les esclaves eux-m\u00eames, et ce jusqu\u2019en 2015 au b\u00e9n\u00e9fice de leurs descendants.<\/p>\n<p class=\"PopSlotParagraph qg-tx2 qg-xtra-lh svelte-1r0pyek\">Pour l\u2019heure, Londres refuse toutefois les revendications port\u00e9es par la CARICOM, qui estime le montant des r\u00e9parations \u00e0 21 500 milliards d\u2019euros. Ce blocage pousse les \u00c9tats carib\u00e9ens \u00e0 multiplier les actions collectives et diplomatiques, comme l\u2019envoi de repr\u00e9sentants \u00e0 Londres en novembre dernier, mais aussi \u00e0 s\u2019\u00e9loigner progressivement de la Couronne britannique, \u00e0 l\u2019image de la Barbade devenue r\u00e9publique en 2021.<\/p>\n<p class=\"PopSlotParagraph qg-tx2 qg-xtra-lh svelte-1r0pyek\">Comment la lutte pour la r\u00e9paration de l\u2019esclavage a-t-elle \u00e9merg\u00e9 et circul\u00e9 entre les Etats de la Cara\u00efbe\u00a0? Comment se sont-ils structur\u00e9s politiquement pour formuler leurs revendications collectives face au Royaume-Uni\u00a0? De quels leviers disposent-ils pour peser sur Londres, et comment l\u2019actuel gouvernement travailliste compose-t-il face \u00e0 ces demandes\u00a0?<\/p>\n<p class=\"PopSlotParagraph qg-tx2 qg-xtra-lh svelte-1r0pyek\">M\u00e9lanie Chalandon s&rsquo;entretient avec Fabienne Viala et Maboula Soumahoro.<\/p>\n<p> Focus &#8211; France\/Ha\u00efti, la \u201cdouble dette\u201d<\/p>\n<p class=\"PopSlotParagraph qg-tx2 qg-xtra-lh svelte-1r0pyek\">Avec\u00a0Jean-Marie Th\u00e9odat,\u00a0directeur du d\u00e9partement de g\u00e9ographie \u00e0 l\u2019universit\u00e9 Paris 1 Panth\u00e9on-Sorbonne.<\/p>\n<p class=\"PopSlotParagraph qg-tx2 qg-xtra-lh svelte-1r0pyek\">Lors de la cr\u00e9ation de la commission mixte entre Ha\u00efti et la France, le pr\u00e9sident Emmanuel Macron \u00e9voquait une \u201cdouble dette\u201d. En effet, la question des r\u00e9parations li\u00e9es \u00e0 la p\u00e9riode coloniale existe, mais pour Ha\u00efti, cela se double de la demande de remboursement des \u201cindemnit\u00e9s\u201d que l\u2019\u00eele a d\u00fb payer en 1825 pour que la France reconnaisse son ind\u00e9pendance.<\/p>\n<p> Pour aller plus loinR\u00e9f\u00e9rences sonores<\/p>\n<ul>\n<li>Aloun Ndombet-Assamba, avocate jama\u00efcaine, revendique l\u2019importance du versement des r\u00e9parations par le Royaume-Uni lors d\u2019une plaidoirie organis\u00e9e &#8211;\u00a0<a href=\"https:\/\/www.youtube.com\/watch?v=h_go5Pa-8yE\" target=\"_blank\" rel=\"noopener noreferrer\" class=\"\" data-testid=\"link\">Oxford Union Society<\/a>, 14\/07\/2015<\/li>\n<li>A la tribune de l\u2019ONU, la Premi\u00e8re ministre de la Barbade Mia Amor Mottley demande des r\u00e9parations globales au Royaume-Uni pour la colonisation et l\u2019esclavage &#8211;\u00a0<a href=\"https:\/\/www.youtube.com\/shorts\/G9wjs4PdV1k\" target=\"_blank\" rel=\"noopener noreferrer\" class=\"\" data-testid=\"link\">Authentic African<\/a>, 02\/01\/2025<\/li>\n<li>Opal Palmer Adisa, po\u00e9tesse jama\u00efcaine, explique le principe m\u00eame de la d\u00e9marche de r\u00e9parations qu\u2019elle assimile \u00e0 un geste de dignit\u00e9 &#8211;\u00a0<a href=\"https:\/\/www.youtube.com\/watch?v=s14G1SuykmM\" target=\"_blank\" rel=\"noopener noreferrer\" class=\"\" data-testid=\"link\">SBS Dateline<\/a>, 15\/03\/2023<\/li>\n<li>Keir Starmer estime qu\u2019il vaut mieux se tourner vers l\u2019avenir et combattre ensemble le changement climatique et raffermir la coop\u00e9ration commerciale &#8211;\u00a0<a href=\"https:\/\/www.youtube.com\/shorts\/G__JKjUe9qE\" target=\"_blank\" rel=\"noopener noreferrer\" class=\"\" data-testid=\"link\">DailyMail News<\/a>, 25\/10\/2024<\/li>\n<li>Une militante jama\u00efcaine pour la r\u00e9forme constitutionnelle et le passage de la monarchie \u00e0 la R\u00e9publique lit la lettre qu\u2019elle a adress\u00e9e \u00e0 Charles III &#8211; <a href=\"https:\/\/www.youtube.com\/watch?v=s14G1SuykmM\" target=\"_blank\" rel=\"noopener noreferrer\" class=\"\" data-testid=\"link\">SBS Dateline<\/a>, 15\/03\/2023<\/li>\n<li>Discours du pr\u00e9sident ha\u00eftien Jean-Baptiste Aristide de 2003 o\u00f9 il demande le remboursement de la dette &#8211;\u00a0<a href=\"https:\/\/www.youtube.com\/watch?v=Yd4dQENC3GA&amp;t=70s\" target=\"_blank\" rel=\"noopener noreferrer\" class=\"\" data-testid=\"link\">INA actu<\/a>, 01\/05\/2025<\/li>\n<\/ul>\n<p>R\u00e9f\u00e9rence musicale<\/p>\n","protected":false},"excerpt":{"rendered":"\u00c0 l\u2019issue du sommet du Commonwealth d\u2019octobre 2024 (le prochain \u00e9tant pr\u00e9vu en novembre 2026), et sous la&hellip;\n","protected":false},"author":2,"featured_media":671942,"comment_status":"","ping_status":"","sticky":false,"template":"","format":"standard","meta":{"footnotes":""},"categories":[1588],"tags":[11,1777,674,12,473,1853,1851,1850,1852],"class_list":{"0":"post-671941","1":"post","2":"type-post","3":"status-publish","4":"format-standard","5":"has-post-thumbnail","7":"category-royaume-uni","8":"tag-actualites","9":"tag-eu","10":"tag-europe","11":"tag-news","12":"tag-royaume-uni","13":"tag-royaume-uni-de-grande-bretagne-et-dirlande-du-nord","14":"tag-uk","15":"tag-united-kingdom","16":"tag-united-kingdom-of-great-britain-and-northern-ireland"},"share_on_mastodon":{"url":"https:\/\/pubeurope.com\/@fr\/115915452808104936","error":""},"_links":{"self":[{"href":"https:\/\/www.europesays.com\/fr\/wp-json\/wp\/v2\/posts\/671941","targetHints":{"allow":["GET"]}}],"collection":[{"href":"https:\/\/www.europesays.com\/fr\/wp-json\/wp\/v2\/posts"}],"about":[{"href":"https:\/\/www.europesays.com\/fr\/wp-json\/wp\/v2\/types\/post"}],"author":[{"embeddable":true,"href":"https:\/\/www.europesays.com\/fr\/wp-json\/wp\/v2\/users\/2"}],"replies":[{"embeddable":true,"href":"https:\/\/www.europesays.com\/fr\/wp-json\/wp\/v2\/comments?post=671941"}],"version-history":[{"count":0,"href":"https:\/\/www.europesays.com\/fr\/wp-json\/wp\/v2\/posts\/671941\/revisions"}],"wp:featuredmedia":[{"embeddable":true,"href":"https:\/\/www.europesays.com\/fr\/wp-json\/wp\/v2\/media\/671942"}],"wp:attachment":[{"href":"https:\/\/www.europesays.com\/fr\/wp-json\/wp\/v2\/media?parent=671941"}],"wp:term":[{"taxonomy":"category","embeddable":true,"href":"https:\/\/www.europesays.com\/fr\/wp-json\/wp\/v2\/categories?post=671941"},{"taxonomy":"post_tag","embeddable":true,"href":"https:\/\/www.europesays.com\/fr\/wp-json\/wp\/v2\/tags?post=671941"}],"curies":[{"name":"wp","href":"https:\/\/api.w.org\/{rel}","templated":true}]}}