{"id":672056,"date":"2026-01-18T11:00:27","date_gmt":"2026-01-18T11:00:27","guid":{"rendered":"https:\/\/www.europesays.com\/fr\/672056\/"},"modified":"2026-01-18T11:00:27","modified_gmt":"2026-01-18T11:00:27","slug":"la-grece-nouvelle-porte-dentree-de-la-cocaine-en-europe","status":"publish","type":"post","link":"https:\/\/www.europesays.com\/fr\/672056\/","title":{"rendered":"La Gr\u00e8ce, nouvelle porte d\u2019entr\u00e9e de la coca\u00efne en Europe ?"},"content":{"rendered":"\n<p>Un navire arraisonn\u00e9 avec 4,7\u00a0tonnes de coca\u00efne, l\u2019arrestation de l\u2019\u201cEscobar grec\u201d et de sept autres personnes\u00a0: en quelques mois, plusieurs grosses affaires de trafic de drogue ont \u00e9merg\u00e9 en Gr\u00e8ce.<\/p>\n<p><a target=\"_blank\" href=\"https:\/\/www.tanea.gr\/print\/2025\/12\/18\/world\/tha-glitosei-i-eyropi-apo-to-leyko-tsounami\/\" rel=\"noopener\">Pour le quotidien <strong>Ta Nea<\/strong><\/a><strong>, <\/strong>elles \u201ct\u00e9moignent d\u2019une situation qui s\u2019enracine de plus en plus et qui repr\u00e9sente un v\u00e9ritable casse-t\u00eate pour les autorit\u00e9s polici\u00e8res \u00e0 travers le continent\u00a0: les ports europ\u00e9ens sont inond\u00e9s de coca\u00efne, provenant principalement de pays d\u2019Am\u00e9rique latine\u201d.<\/p>\n<p>Selon les derni\u00e8res donn\u00e9es officielles, publi\u00e9es en juin 2025 par <a target=\"_blank\" href=\"https:\/\/www.euda.europa.eu\/publications\/european-drug-report\/2025\/drug-supply-production-and-precursors_en\" rel=\"noopener\">l\u2019Agence de l\u2019Union europ\u00e9enne (UE) sur les drogues<\/a>, 2023 a \u00e9t\u00e9 une ann\u00e9e record pour les saisies de coca\u00efne dans les pays\u00a0de l\u2019UE. Avec 419\u00a0tonnes de drogues saisies au cours de 95\u00a0000\u00a0op\u00e9rations, ce record a \u00e9t\u00e9 battu pour la septi\u00e8me ann\u00e9e d\u2019affil\u00e9e.<\/p>\n<p>                    Par voie maritime       <\/p>\n<p>La principale voie d\u2019importation de la coca\u00efne en Europe est le transport maritime, par le biais de conteneurs arrivant dans les ports europ\u00e9ens. L\u2019Agence de l\u2019Union europ\u00e9enne sur les drogues estime qu\u2019environ 80\u00a0% de la coca\u00efne saisie dans le monde est achemin\u00e9e par voie maritime.<\/p>\n<p>Et tandis que certains des ports les plus importants du continent voient les quantit\u00e9s de drogues saisies diminuer, <a target=\"_blank\" href=\"https:\/\/www.courrierinternational.com\/article\/drogues-anvers-et-rotterdam-points-d-entree-du-marche-europeen-de-la-cocaine\" rel=\"noopener\">comme \u00e0 Anvers ou \u00e0 Rotterdam,<\/a> d\u2019autres subissent au contraire une augmentation des importations, comme le port du Pir\u00e9e.<\/p>\n<p>\u201cLes autorit\u00e9s soulignent que notre pays est l\u2019une des\u00a0principales portes d\u2019entr\u00e9e\u00a0de la coca\u00efne latino-am\u00e9ricaine vers l\u2019UE, destin\u00e9e soit \u00e0 un trafic en Europe, soit \u00e0 la consommation int\u00e9rieure\u201d, note Ta Nea.<\/p>\n<p>En 2024, 1,1 tonne de coca\u00efne \u00e9tait saisie en Gr\u00e8ce, pour une valeur commerciale estim\u00e9e \u00e0 83,7\u00a0millions d\u2019euros. Les derni\u00e8res ann\u00e9es \u00e0 plus de 1\u00a0tonne de drogue saisie (record de 1,7\u00a0tonne en 2023) tranchent avec la p\u00e9riode 2014-2018, durant laquelle moins de 200\u00a0kilos \u00e9taient saisis chaque ann\u00e9e dans le pays.<\/p>\n<p>               \u201cUn laboratoire particuli\u00e8rement bien \u00e9quip\u00e9\u201d       <\/p>\n<p>Les m\u00e9thodes d\u2019importation sont semblables \u00e0 celles observ\u00e9es dans les autres ports europ\u00e9ens\u00a0: la drogue est dissimul\u00e9e dans des conteneurs transportant l\u00e9galement des bananes, des crevettes ou des calamars \u00e0 destination du Pir\u00e9e et de Thessalonique.<\/p>\n<p>\u201cCette tendance s\u2019est poursuivie en 2025, et l\u2019on note que, cette ann\u00e9e-l\u00e0, un laboratoire particuli\u00e8rement \u00e9quip\u00e9 a \u00e9galement \u00e9t\u00e9 d\u00e9couvert, o\u00f9 l\u2019on extrayait de la coca\u00efne de peaux de bovins brutes impr\u00e9gn\u00e9es, qui avaient \u00e9galement \u00e9t\u00e9 import\u00e9es dans des conteneurs\u201d, pr\u00e9cise le quotidien grec.<\/p>\n<p>\u201cCe qui est certain, c\u2019est que m\u00eame si notre pays poss\u00e8de l\u2019un des cadres l\u00e9gislatifs les plus stricts d\u2019Europe en mati\u00e8re de trafic de drogue et qu\u2019il est l\u2019un des rares pays de l\u2019UE \u00e0 pr\u00e9voir une peine de prison \u00e0 perp\u00e9tuit\u00e9 pour les affaires de drogue, les trafiquants ne semblent pas d\u00e9courag\u00e9s\u201d, regrette Ta Nea.<\/p>\n","protected":false},"excerpt":{"rendered":"Un navire arraisonn\u00e9 avec 4,7\u00a0tonnes de coca\u00efne, l\u2019arrestation de l\u2019\u201cEscobar grec\u201d et de sept autres personnes\u00a0: en quelques&hellip;\n","protected":false},"author":2,"featured_media":672057,"comment_status":"","ping_status":"","sticky":false,"template":"","format":"standard","meta":{"footnotes":""},"categories":[1586],"tags":[11,1777,674,1011,27,25984,12,25,1857,887],"class_list":{"0":"post-672056","1":"post","2":"type-post","3":"status-publish","4":"format-standard","5":"has-post-thumbnail","7":"category-europe","8":"tag-actualites","9":"tag-eu","10":"tag-europe","11":"tag-fr","12":"tag-france","13":"tag-gru00e8ce","14":"tag-news","15":"tag-republique-francaise","16":"tag-sociu00e9tu00e9","17":"tag-trafic-de-drogue"},"share_on_mastodon":{"url":"https:\/\/pubeurope.com\/@fr\/115915759671982404","error":""},"_links":{"self":[{"href":"https:\/\/www.europesays.com\/fr\/wp-json\/wp\/v2\/posts\/672056","targetHints":{"allow":["GET"]}}],"collection":[{"href":"https:\/\/www.europesays.com\/fr\/wp-json\/wp\/v2\/posts"}],"about":[{"href":"https:\/\/www.europesays.com\/fr\/wp-json\/wp\/v2\/types\/post"}],"author":[{"embeddable":true,"href":"https:\/\/www.europesays.com\/fr\/wp-json\/wp\/v2\/users\/2"}],"replies":[{"embeddable":true,"href":"https:\/\/www.europesays.com\/fr\/wp-json\/wp\/v2\/comments?post=672056"}],"version-history":[{"count":0,"href":"https:\/\/www.europesays.com\/fr\/wp-json\/wp\/v2\/posts\/672056\/revisions"}],"wp:featuredmedia":[{"embeddable":true,"href":"https:\/\/www.europesays.com\/fr\/wp-json\/wp\/v2\/media\/672057"}],"wp:attachment":[{"href":"https:\/\/www.europesays.com\/fr\/wp-json\/wp\/v2\/media?parent=672056"}],"wp:term":[{"taxonomy":"category","embeddable":true,"href":"https:\/\/www.europesays.com\/fr\/wp-json\/wp\/v2\/categories?post=672056"},{"taxonomy":"post_tag","embeddable":true,"href":"https:\/\/www.europesays.com\/fr\/wp-json\/wp\/v2\/tags?post=672056"}],"curies":[{"name":"wp","href":"https:\/\/api.w.org\/{rel}","templated":true}]}}