{"id":672086,"date":"2026-01-18T11:20:12","date_gmt":"2026-01-18T11:20:12","guid":{"rendered":"https:\/\/www.europesays.com\/fr\/672086\/"},"modified":"2026-01-18T11:20:12","modified_gmt":"2026-01-18T11:20:12","slug":"et-si-vos-nuits-revelaient-la-maladie-de-charcot-des-annees-a-lavance","status":"publish","type":"post","link":"https:\/\/www.europesays.com\/fr\/672086\/","title":{"rendered":"Et si vos nuits r\u00e9v\u00e9laient la maladie de Charcot des ann\u00e9es \u00e0 l\u2019avance ?"},"content":{"rendered":"<p>Selon une \u00e9quipe fran\u00e7aise, les troubles du sommeil pr\u00e9existent \u00e0 la survenue des sympt\u00f4mes moteurs dans la <a href=\"https:\/\/www.futura-sciences.com\/sante\/actualites\/medecine-deces-stephen-hawking-quest-ce-maladie-charcot-70517\/\" title=\"D\u00e9c\u00e8s de Stephen Hawking : qu&#039;est-ce que la maladie de Charcot ?\" target=\"_blank\" rel=\"noopener\">maladie de Charcot<\/a>. Traiter les troubles du sommeil est-il un moyen de freiner la progression de la maladie ? C&rsquo;est ce que les scientifiques ont observ\u00e9 chez la souris.<\/p>\n<p>\u00c0 ce jour, il n&rsquo;existe aucun traitement pour soigner la maladie de Charcot qui conduit au d\u00e9c\u00e8s du patient dans les 3 \u00e0 5 ans qui suivent l&rsquo;apparition de la maladie. La <a href=\"https:\/\/www.futura-sciences.com\/sante\/definitions\/medecine-maladie-charcot-12568\/\" target=\"_blank\" rel=\"noopener\">scl\u00e9rose lat\u00e9rale amyotrophique<\/a> (<a href=\"https:\/\/www.futura-sciences.com\/tech\/definitions\/impression-3d-stereolithographie-16589\/\" target=\"_blank\" rel=\"noopener\">SLA<\/a>) ou maladie de Charcot est une <a href=\"https:\/\/www.futura-sciences.com\/sante\/actualites\/virus-22-virus-differents-suspectes-etre-associes-maladies-neurodegeneratives-103187\/\" title=\"22 virus diff\u00e9rents suspect\u00e9s d&#039;\u00eatre associ\u00e9s aux maladies neurod\u00e9g\u00e9n\u00e9ratives\" target=\"_blank\" rel=\"noopener\">maladie neurod\u00e9g\u00e9n\u00e9rative<\/a> li\u00e9e \u00e0 la mort progressive des cellules nerveuses appel\u00e9es motoneurones. Celle-ci est responsable d&rsquo;une atrophie progressive et rapide des muscles, l&rsquo;apparition de troubles et d\u00e9ficits moteurs \u00e0 l&rsquo;origine de la perte d&rsquo;<a href=\"https:\/\/www.futura-sciences.com\/tech\/definitions\/technologie-autonomie-18346\/\" target=\"_blank\" rel=\"noopener\">autonomie<\/a> des patients. L&rsquo;atteinte des muscles respiratoires provoque le d\u00e9c\u00e8s.<\/p>\n<p>Comme c&rsquo;est le cas pour plusieurs autres maladies neurod\u00e9g\u00e9n\u00e9ratives, des chercheurs de l&rsquo;Inserm et de l&rsquo;Universit\u00e9 de Strasbourg se sont demand\u00e9 si des <a href=\"https:\/\/www.futura-sciences.com\/sante\/actualites\/sommeil-lien-etabli-troubles-sommeil-paradoxal-troubles-mentaux-74488\/\" title=\"Un lien \u00e9tabli entre troubles du sommeil paradoxal et troubles mentaux\" target=\"_blank\" rel=\"noopener\">troubles du sommeil<\/a> &#8211; induits par l&rsquo;\u00e9volution de la maladie &#8211; pouvaient pr\u00e9exister aux troubles moteurs et si la restauration du sommeil pouvait freiner l&rsquo;\u00e9volution de la maladie. Ils ont ainsi analys\u00e9 des dizaines d&rsquo;enregistrements de sommeil de groupes de personnes atteintes de SLA, \u00e0 diff\u00e9rents stades de la maladie &#8211; un groupe n&rsquo;avait pas encore d\u00e9velopp\u00e9 de sympt\u00f4mes respiratoires, un autre \u00e9tait porteur de mutations <a href=\"https:\/\/www.futura-sciences.com\/sante\/definitions\/genetique-genetique-152\/\" target=\"_blank\" rel=\"noopener\">g\u00e9n\u00e9tiques<\/a> et pr\u00e9sentait un risque accru de d\u00e9velopper la maladie. Ces r\u00e9sultats ont \u00e9t\u00e9 compar\u00e9s \u00e0 ceux de groupes contr\u00f4les.<\/p>\n<p class=\"fs-media\">\n<p><img decoding=\"async\" data-imgid=\"full\" src=\"https:\/\/www.europesays.com\/fr\/wp-content\/uploads\/2025\/12\/maladie-charcot-sla-paralysie.jpg\" width=\"1080\" height=\"718\" alt=\"\" loading=\"lazy\"\/><br \/>\nLa maladie de Charcot, maladie neurod\u00e9g\u00e9n\u00e9rative sans traitement curatif jusqu&rsquo;\u00e0 pr\u00e9sent, pourrait se manifester pr\u00e9cocement par des troubles du sommeil. Cette d\u00e9couverte ouvre une nouvelle piste th\u00e9rapeutique pour ralentir la progression de la maladie. \u00a9 David Herraez Calzada, shutterstock.com<\/p>\n<p>L\u2019hypothalamus impliqu\u00e9 dans les troubles du sommeil<\/p>\n<p>\u00ab Ces tests indiquent que les deux groupes d&rsquo;individus souffraient du m\u00eame type de troubles du sommeil : un temps d&rsquo;\u00e9veil plus important et une quantit\u00e9 de <a href=\"https:\/\/www.futura-sciences.com\/sante\/definitions\/sommeil-sommeil-profond-14877\/\" target=\"_blank\" rel=\"noopener\">sommeil profond<\/a> inf\u00e9rieure aux donn\u00e9es issues des groupes contr\u00f4les \u00bb, \u00e9crivent les auteurs de l&rsquo;\u00e9tude dans un communiqu\u00e9, publi\u00e9 mardi 4 f\u00e9vrier. Les r\u00e9sultats, publi\u00e9s dans le journal <a href=\"https:\/\/www.science.org\/doi\/10.1126\/scitranslmed.adm7580\" title=\"Les troubles du sommeil \u00e0 apparition pr\u00e9coce observ\u00e9s chez les patients atteints de scl\u00e9rose lat\u00e9rale amyotrophique sont att\u00e9nu\u00e9s par un antagoniste de l&#039;orexine dans des mod\u00e8les murins\" target=\"_blank\" rel=\"noopener\">Science Translational Medicine<\/a>, sugg\u00e8rent que les troubles du sommeil sont pr\u00e9sents et observables, et ce, de fa\u00e7on pr\u00e9coce, plusieurs ann\u00e9es avant la manifestation des troubles moteurs.<\/p>\n<p>Les scientifiques ont ensuite cherch\u00e9 l&rsquo;origine de ces <a href=\"https:\/\/www.futura-sciences.com\/sante\/actualites\/sommeil-effets-caches-mauvais-sommeil-quarantaine-cela-determinera-sante-votre-cerveau-117395\/\" title=\"Les effets cach\u00e9s d\u2019un mauvais sommeil \u00e0 la quarantaine : cela d\u00e9terminera la sant\u00e9 de votre cerveau\" target=\"_blank\" rel=\"noopener\">troubles du sommeil dans le cerveau<\/a>. Une piste : les <a href=\"https:\/\/www.futura-sciences.com\/sante\/definitions\/medecine-neurone-orexine-4442\/\" target=\"_blank\" rel=\"noopener\">neurones \u00e0 orexine<\/a>, des neurones sp\u00e9cifiques de l&rsquo;<a href=\"https:\/\/www.futura-sciences.com\/sante\/definitions\/biologie-hypothalamus-4133\/\" target=\"_blank\" rel=\"noopener\">hypothalamus<\/a> connus pour jouer un r\u00f4le dans la <a href=\"https:\/\/www.futura-sciences.com\/sante\/definitions\/biologie-stimulation-829\/\" target=\"_blank\" rel=\"noopener\">stimulation<\/a> de l&rsquo;\u00e9tat d&rsquo;\u00e9veil. Chez des mod\u00e8les de souris atteintes de SLA, chez qui les m\u00eames troubles de sommeil ont \u00e9t\u00e9 observ\u00e9s, les chercheurs ont d\u00e9couvert que les circuits de neurones o\u00f9 sont int\u00e9gr\u00e9s les neurones \u00e0 orexine sont alt\u00e9r\u00e9s, par la disparition de neurones annexes au cours de la maladie.<\/p>\n<p>Une mol\u00e9cule prometteuse pour ralentir la progression de la maladie<\/p>\n<p>Une <a href=\"https:\/\/www.futura-sciences.com\/sciences\/definitions\/chimie-molecule-783\/\" target=\"_blank\" rel=\"noopener\">mol\u00e9cule<\/a> inhibitrice de l&rsquo;orexine, d\u00e9j\u00e0 prescrite contre les <a href=\"https:\/\/www.futura-sciences.com\/sante\/questions-reponses\/sommeil-penser-melatonine-insomnies-1348\/\" title=\"Que penser de la m\u00e9latonine contre les insomnies ?\" target=\"_blank\" rel=\"noopener\">insomnies<\/a>, a \u00e9t\u00e9 administr\u00e9e aux souris malades. R\u00e9sultats : apr\u00e8s une seule prise orale le sommeil des souris a \u00e9t\u00e9 restaur\u00e9. L&rsquo;activit\u00e9 des neurones annexes des neurones \u00e0 orexine a \u00e9t\u00e9 \u00e9galement restaur\u00e9e et apr\u00e8s 15 jours de traitement, une conservation des motoneurones a \u00e9t\u00e9 observ\u00e9e chez la souris. L&rsquo;\u00e9quipe de chercheurs veulent d\u00e9sormais tester la mol\u00e9cule chez des patients atteints de SLA : restaurer leur sommeil peut-il freiner la maladie ?<\/p>\n<p>\u00ab Les d\u00e9couvertes de notre \u00e9quipe sont importantes \u00e0 deux niveaux. Tout d&rsquo;abord, elles mettent en <a href=\"https:\/\/www.futura-sciences.com\/sciences\/definitions\/physique-lumiere-326\/\" target=\"_blank\" rel=\"noopener\">lumi\u00e8re<\/a> une nouvelle chronologie des sympt\u00f4mes de la SLA, questionnant \u00e0 nouveau les origines de la maladie, et notamment le r\u00f4le du <a href=\"https:\/\/www.futura-sciences.com\/sante\/definitions\/biologie-cerveau-3125\/\" target=\"_blank\" rel=\"noopener\">cerveau<\/a> dans sa gen\u00e8se, explique Luc Dupuis, co-dernier auteur de l&rsquo;\u00e9tude. Elles repr\u00e9sentent aussi un l\u00e9ger espoir pour les malades, et ceux qui d\u00e9clareront la maladie, en imaginant qu&rsquo;agir sur les premi\u00e8res manifestations de celle-ci puissent ralentir sa progression extr\u00eamement rapide\u00a0\u00bb.<\/p>\n<p>        Le saviez-vous<\/p>\n<p>La scl\u00e9rose lat\u00e9rale amyotrophique (SLA), ou maladie de Charcot, concerne 8 000 patients en France, selon l\u2019Association pour la recherche sur la SLA. Son incidence annuelle s\u2019\u00e9l\u00e8ve \u00e0 2,7 cas pour 100 000 habitants. Il s\u2019agit d\u2019une pathologie neurod\u00e9g\u00e9n\u00e9rative rare qui se caract\u00e9rise par la destruction des neurones responsables de la motricit\u00e9, les motoneurones.<\/p>\n<p>La maladie survient g\u00e9n\u00e9ralement entre 50 et 70 ans. La SLA est une pathologie progressive qui m\u00e8ne au d\u00e9c\u00e8s dans les 3 \u00e0 5 ans qui suivent les premiers signes. C\u2019est le plus souvent l\u2019atteinte des muscles respiratoires qui conduisent \u00e0 la mort du patient. Elle peut d\u2019abord se manifester par des difficult\u00e9s \u00e0 articuler ou \u00e0 d\u00e9glutir, dans 30 % des cas. Sinon, la maladie peut d\u00e9buter \u00ab par une faiblesse et une g\u00eane au niveau d\u2019un bras, d\u2019une jambe ou d\u2019une main que se manifeste le d\u00e9but de la maladie \u00bb.<\/p>\n<p>Progression de la maladie :<\/p>\n<ul>\n<li>des contractures, des raideurs des muscles et des articulations ;<\/li>\n<li>une fonte musculaire et des troubles de la coordination g\u00eanant la marche, la pr\u00e9hension des objets et des difficult\u00e9s \u00e0 d\u00e9glutir ou \u00e0 articuler ;<\/li>\n<li>\u00e0 un stade avanc\u00e9 de la maladie, les muscles respiratoires ne parviennent plus \u00e0 remplir leur fonction.<\/li>\n<\/ul>\n","protected":false},"excerpt":{"rendered":"Selon une \u00e9quipe fran\u00e7aise, les troubles du sommeil pr\u00e9existent \u00e0 la survenue des sympt\u00f4mes moteurs dans la maladie&hellip;\n","protected":false},"author":2,"featured_media":672087,"comment_status":"","ping_status":"","sticky":false,"template":"","format":"standard","meta":{"footnotes":""},"categories":[10],"tags":[62752,231,10592,1011,27,72,14092,12503,74048,74049,74050,27924,74052,71,77164,279,77163,1257],"class_list":{"0":"post-672086","1":"post","2":"type-post","3":"status-publish","4":"format-standard","5":"has-post-thumbnail","7":"category-sante","8":"tag-cellules-nerveuses","9":"tag-cerveau","10":"tag-charcot","11":"tag-fr","12":"tag-france","13":"tag-health","14":"tag-hypothalamus","15":"tag-maladie-de-charcot","16":"tag-maladie-neuro-degenerative","17":"tag-motoneurones","18":"tag-muscle-respiratoire","19":"tag-neurone","20":"tag-neurone-a-orexine","21":"tag-sante","22":"tag-sla","23":"tag-sommeil","24":"tag-trouble-moteur","25":"tag-troubles-du-sommeil"},"share_on_mastodon":{"url":"https:\/\/pubeurope.com\/@fr\/115915838231745149","error":""},"_links":{"self":[{"href":"https:\/\/www.europesays.com\/fr\/wp-json\/wp\/v2\/posts\/672086","targetHints":{"allow":["GET"]}}],"collection":[{"href":"https:\/\/www.europesays.com\/fr\/wp-json\/wp\/v2\/posts"}],"about":[{"href":"https:\/\/www.europesays.com\/fr\/wp-json\/wp\/v2\/types\/post"}],"author":[{"embeddable":true,"href":"https:\/\/www.europesays.com\/fr\/wp-json\/wp\/v2\/users\/2"}],"replies":[{"embeddable":true,"href":"https:\/\/www.europesays.com\/fr\/wp-json\/wp\/v2\/comments?post=672086"}],"version-history":[{"count":0,"href":"https:\/\/www.europesays.com\/fr\/wp-json\/wp\/v2\/posts\/672086\/revisions"}],"wp:featuredmedia":[{"embeddable":true,"href":"https:\/\/www.europesays.com\/fr\/wp-json\/wp\/v2\/media\/672087"}],"wp:attachment":[{"href":"https:\/\/www.europesays.com\/fr\/wp-json\/wp\/v2\/media?parent=672086"}],"wp:term":[{"taxonomy":"category","embeddable":true,"href":"https:\/\/www.europesays.com\/fr\/wp-json\/wp\/v2\/categories?post=672086"},{"taxonomy":"post_tag","embeddable":true,"href":"https:\/\/www.europesays.com\/fr\/wp-json\/wp\/v2\/tags?post=672086"}],"curies":[{"name":"wp","href":"https:\/\/api.w.org\/{rel}","templated":true}]}}