{"id":6721,"date":"2025-04-07T01:47:17","date_gmt":"2025-04-07T01:47:17","guid":{"rendered":"https:\/\/www.europesays.com\/fr\/6721\/"},"modified":"2025-04-07T01:47:17","modified_gmt":"2025-04-07T01:47:17","slug":"la-manifestation-qui-fera-le-plus-de-bruit-ce-dimanche-nest-pas-celle-quon-croit","status":"publish","type":"post","link":"https:\/\/www.europesays.com\/fr\/6721\/","title":{"rendered":"La manifestation qui fera le plus de bruit ce dimanche n\u2019est pas celle qu\u2019on croit"},"content":{"rendered":"<p><strong>Motards en col\u00e8re &#8211; Entre le rassemblement de soutien \u00e0 Marine Le Pen et la contre-manifestation de LFI et des Ecologistes, les motards en col\u00e8re organise, ce dimanche, une manif sous les fen\u00eatres d\u2019Anne Hidalgo pour demander l\u2019enterrement d\u00e9finitif des ZFE<\/strong><\/p>\n<p>Difficile de passer \u00e0 c\u00f4t\u00e9 ce dimanche \u00e0 <a href=\"https:\/\/www.20minutes.fr\/paris\/\" rel=\"nofollow noopener\" target=\"_blank\" data-ylk=\"slk:Paris;elm:context_link;itc:0;sec:content-canvas\" class=\"link \">Paris<\/a>. Si les regards et cam\u00e9ras devraient \u00eatre \u00e9cartel\u00e9s entre la place Vauban (7e arrondissement), o\u00f9 <a href=\"https:\/\/www.20minutes.fr\/politique\/4146381-20250402-condamnation-marine-pen-manifestation-dimanche-faux-air-capitole-francaise\" rel=\"nofollow noopener\" target=\"_blank\" data-ylk=\"slk:le RN manifestera;elm:context_link;itc:0;sec:content-canvas\" class=\"link \">le RN manifestera<\/a> en soutien \u00e0 <a href=\"https:\/\/www.20minutes.fr\/politique\/marine-le-pen\/\" rel=\"nofollow noopener\" target=\"_blank\" data-ylk=\"slk:Marine Le Pen;elm:context_link;itc:0;sec:content-canvas\" class=\"link \">Marine Le Pen<\/a> apr\u00e8s <a href=\"https:\/\/www.20minutes.fr\/justice\/4146633-20250402-condamnation-marine-pen-beneficie-traitement-faveur-obtenant-proces-appel-rapidement\" rel=\"nofollow noopener\" target=\"_blank\" data-ylk=\"slk:sa condamnation;elm:context_link;itc:0;sec:content-canvas\" class=\"link \">sa condamnation<\/a>, et la place de la R\u00e9publique (11e arrondissement) o\u00f9 les Ecologistes et la LFI organisent <a href=\"https:\/\/www.20minutes.fr\/politique\/assemblee_nationale\/4146374-20250402-condamnation-marine-pen-soutien-justice-interrogations-comment-reagissent-autres-camps\" rel=\"nofollow noopener\" target=\"_blank\" data-ylk=\"slk:une contre-manifestation;elm:context_link;itc:0;sec:content-canvas\" class=\"link \">une contre-manifestation<\/a>, les oreilles, elles, devraient tendre vers le centre de la capitale.<\/p>\n<p>Car c\u2019est devant l\u2019H\u00f4tel de ville de Paris (4e arrondissement) qu\u2019on devrait entendre le plus de bruit. Perdue dans l\u2019actualit\u00e9 politique, une mobilisation organis\u00e9e par la F\u00e9d\u00e9ration fran\u00e7aise des motards en col\u00e8re (FFMC) aura lieu sous les fen\u00eatres d\u2019<a href=\"https:\/\/www.20minutes.fr\/dossier\/anne_hidalgo\" rel=\"nofollow noopener\" target=\"_blank\" data-ylk=\"slk:Anne Hidalgo;elm:context_link;itc:0;sec:content-canvas\" class=\"link \">Anne Hidalgo<\/a> en protestation contre les <a href=\"https:\/\/www.20minutes.fr\/planete\/zone-faibles-emissions\/\" rel=\"nofollow noopener\" target=\"_blank\" data-ylk=\"slk:ZFE;elm:context_link;itc:0;sec:content-canvas\" class=\"link \">ZFE<\/a>.<\/p>\n<p>Le risque d\u2019\u00eatre noy\u00e9 dans le flot de manifestations<\/p>\n<p>\u00ab C\u2019est s\u00fbr que ce ne sera pas facile d\u2019exister dans le brouhaha m\u00e9diatique des querelles politiques, mais il n\u2019est pas question d\u2019annuler, explique \u00e0 20 Minutes Jean-Marc Belotti, pr\u00e9sident de la FFMC. On risque d\u2019\u00eatre noy\u00e9 dans le flot de l\u2019actualit\u00e9 mais pas plus que les autres mobilisations. \u00bb<\/p>\n<p>Bien que d\u2019actualit\u00e9 aussi, les revendications de la FFMC et des opposants aux ZFE, qui se sont eux-m\u00eames surnomm\u00e9s \u00ab Les Gueux \u00bb, existent depuis des ann\u00e9es et se poursuivront apr\u00e8s la s\u00e9quence politique actuelle. \u00ab On veut que cela cesse maintenant. Comme toutes les autres formes qui ont exist\u00e9 depuis 2010 sous diff\u00e9rents noms, ZAPA, ZCR et maintenant ZFE, ce sont des inepties qui assignent les plus d\u00e9munis \u00e0 r\u00e9sidence. \u00bb<\/p>\n<p>Dans un communiqu\u00e9 publi(&#8230;)<\/p>\n<p><a href=\"https:\/\/www.20minutes.fr\/paris\/4147065-20250405-paris-manifestation-fera-plus-bruit-dimanche-celle-croit\" rel=\"nofollow noopener\" target=\"_blank\" data-ylk=\"slk:Lire la suite sur 20minutes;elm:context_link;itc:0;sec:content-canvas\" class=\"link \">Lire la suite sur 20minutes<\/a><\/p>\n<p>\u00c0 lire aussi :<br \/><a href=\"https:\/\/www.20minutes.fr\/planete\/4146923-20250403-zfe-gouvernement-va-proposer-garder-uniquement-paris-lyon\" rel=\"nofollow noopener\" target=\"_blank\" data-ylk=\"slk:ZFE : Le gouvernement va proposer de les garder uniquement \u00e0 Paris et Lyon;elm:context_link;itc:0;sec:content-canvas\" class=\"link \">ZFE : Le gouvernement va proposer de les garder uniquement \u00e0 Paris et Lyon<\/a><br \/><a href=\"https:\/\/www.20minutes.fr\/politique\/4145668-20250328-zfe-apres-suppression-commission-zones-faibles-emissions-vont-elles-vraiment-disparaitre\" rel=\"nofollow noopener\" target=\"_blank\" data-ylk=\"slk:ZFE : Apr\u00e8s leur suppression en commission, les zones \u00e0 faibles \u00e9missions vont-elles vraiment dispara\u00eetre ?;elm:context_link;itc:0;sec:content-canvas\" class=\"link \">ZFE : Apr\u00e8s leur suppression en commission, les zones \u00e0 faibles \u00e9missions vont-elles vraiment dispara\u00eetre ?<\/a><\/p>\n","protected":false},"excerpt":{"rendered":"Motards en col\u00e8re &#8211; Entre le rassemblement de soutien \u00e0 Marine Le Pen et la contre-manifestation de LFI&hellip;\n","protected":false},"author":2,"featured_media":6722,"comment_status":"","ping_status":"","sticky":false,"template":"","format":"standard","meta":{"footnotes":""},"categories":[1888],"tags":[1111,1928,11,1927,1777,674,3813,3815,1011,27,780,430,3814,12,1926,626,1925,3092,25,3533],"class_list":{"0":"post-6721","1":"post","2":"type-post","3":"status-publish","4":"format-standard","5":"has-post-thumbnail","7":"category-paris","8":"tag-actu","9":"tag-actu-paris","10":"tag-actualites","11":"tag-actualites-paris","12":"tag-eu","13":"tag-europe","14":"tag-federation-francaise-des-motards-en-colere","15":"tag-ffmc","16":"tag-fr","17":"tag-france","18":"tag-lfi","19":"tag-marine-le-pen","20":"tag-motards-en-colere","21":"tag-news","22":"tag-news-paris","23":"tag-paris","24":"tag-paris-news","25":"tag-place-de-la-republique","26":"tag-republique-francaise","27":"tag-zfe"},"share_on_mastodon":{"url":"https:\/\/pubeurope.com\/@fr\/114294164281097207","error":""},"_links":{"self":[{"href":"https:\/\/www.europesays.com\/fr\/wp-json\/wp\/v2\/posts\/6721","targetHints":{"allow":["GET"]}}],"collection":[{"href":"https:\/\/www.europesays.com\/fr\/wp-json\/wp\/v2\/posts"}],"about":[{"href":"https:\/\/www.europesays.com\/fr\/wp-json\/wp\/v2\/types\/post"}],"author":[{"embeddable":true,"href":"https:\/\/www.europesays.com\/fr\/wp-json\/wp\/v2\/users\/2"}],"replies":[{"embeddable":true,"href":"https:\/\/www.europesays.com\/fr\/wp-json\/wp\/v2\/comments?post=6721"}],"version-history":[{"count":0,"href":"https:\/\/www.europesays.com\/fr\/wp-json\/wp\/v2\/posts\/6721\/revisions"}],"wp:featuredmedia":[{"embeddable":true,"href":"https:\/\/www.europesays.com\/fr\/wp-json\/wp\/v2\/media\/6722"}],"wp:attachment":[{"href":"https:\/\/www.europesays.com\/fr\/wp-json\/wp\/v2\/media?parent=6721"}],"wp:term":[{"taxonomy":"category","embeddable":true,"href":"https:\/\/www.europesays.com\/fr\/wp-json\/wp\/v2\/categories?post=6721"},{"taxonomy":"post_tag","embeddable":true,"href":"https:\/\/www.europesays.com\/fr\/wp-json\/wp\/v2\/tags?post=6721"}],"curies":[{"name":"wp","href":"https:\/\/api.w.org\/{rel}","templated":true}]}}