{"id":672162,"date":"2026-01-18T12:03:11","date_gmt":"2026-01-18T12:03:11","guid":{"rendered":"https:\/\/www.europesays.com\/fr\/672162\/"},"modified":"2026-01-18T12:03:11","modified_gmt":"2026-01-18T12:03:11","slug":"boulevard-des-souvenirs-une-soiree-festive-a-vivre-au-ouistiti-paris","status":"publish","type":"post","link":"https:\/\/www.europesays.com\/fr\/672162\/","title":{"rendered":"\u00ab Boulevard des Souvenirs \u00bb une soir\u00e9e festive \u00e0 vivre au OUISTITI Paris"},"content":{"rendered":"<p><strong>\u00c0 Paris, certaines adresses ont le don de transformer une simple soir\u00e9e en souvenir marquant. Des lieux o\u00f9 l\u2019on vient autant pour l\u2019ambiance que pour l\u2019\u00e9nergie collective, o\u00f9 la musique, les rencontres et l\u2019atmosph\u00e8re cr\u00e9ent une alchimie particuli\u00e8re. Parmi ces spots nocturnes qui comptent, OUISTITI Paris, s\u2019impose comme une valeur s\u00fbre. Ici, on sait que l\u2019on passera une soir\u00e9e festive, \u00e9l\u00e9gante et d\u00e9complex\u00e9e, id\u00e9ale pour se retrouver entre amis ou c\u00e9l\u00e9brer un moment particulier.<\/strong><\/p>\n<p>Le <strong>jeudi 22 janvier<\/strong>, le lieu promet une parenth\u00e8se encore plus singuli\u00e8re avec une <strong>soir\u00e9e exceptionnelle<\/strong> qui illustre parfaitement l\u2019ADN du OUISTITI Paris : chaleureux, nostalgique et r\u00e9solument festif.<\/p>\n<p>Une soir\u00e9e musicale entre souvenirs et f\u00eate<\/p>\n<p><img loading=\"lazy\" decoding=\"async\" width=\"880\" height=\"503\" src=\"data:image\/svg+xml,%3Csvg%20xmlns=\" http:=\"\" alt=\"\" class=\"wp-image-206057\" data-lazy- data-lazy- data-lazy-src=\"https:\/\/www.europesays.com\/fr\/wp-content\/uploads\/2026\/01\/ouistiti-880x503.jpg\"\/><\/p>\n<p>\u00c0 l\u2019occasion de cette date sp\u00e9ciale, <strong>Saint-Honor\u00e9<\/strong>, DJ guest de la soir\u00e9e, prend les commandes pour d\u00e9voiler son univers \u00e0 travers un concept \u00e9vocateur : <strong>\u00ab Boulevard des Souvenirs \u00bb<\/strong>. Un voyage musical pens\u00e9 comme une promenade \u00e9motionnelle, o\u00f9 les sons r\u00e9veillent la m\u00e9moire collective et invitent \u00e0 danser sans retenue. Entre clins d\u2019\u0153il nostalgiques et rythmes entra\u00eenants, la musique cr\u00e9e une ambiance f\u00e9d\u00e9ratrice, propice aux \u00e9changes et \u00e0 la f\u00eate.<\/p>\n<p>Du <strong>mercredi au samedi<\/strong>, le <a href=\"https:\/\/www.ouistiti-restaurant.fr\/\" target=\"_blank\" rel=\"noreferrer noopener\">OUISTITI Paris<\/a> cultive d\u00e9j\u00e0 cet art de la soir\u00e9e r\u00e9ussie, m\u00ealant <strong>chanteurs live<\/strong> et <strong>DJ sets<\/strong>, dans une atmosph\u00e8re \u00e9l\u00e9gante et intimiste. Le 22 janvier s\u2019inscrit dans cette lign\u00e9e, tout en y ajoutant une touche particuli\u00e8re, plus immersive, plus \u00e9motionnelle. Une soir\u00e9e o\u00f9 l\u2019on vient autant pour \u00e9couter que pour ressentir, o\u00f9 la piste se remplit naturellement au fil des morceaux !<\/p>\n<p> L\u2019adresse des soir\u00e9es qui comptent<\/p>\n<p>Si cette soir\u00e9e promet autant, c\u2019est aussi gr\u00e2ce au cadre. <strong>Ouistiti Paris<\/strong> est connu pour son <strong>esprit festif ma\u00eetris\u00e9<\/strong>, o\u00f9 l\u2019\u00e9l\u00e9gance ne prend jamais le pas sur la convivialit\u00e9. Le lieu attire une client\u00e8le \u00e9clectique, fid\u00e8le, qui vient pour l\u2019ambiance, la programmation musicale et cette sensation rare de se sentir imm\u00e9diatement \u00e0 sa place.<br \/>On y <strong>c\u00e9l\u00e8bre des anniversaires, des retrouvailles, des r\u00e9ussites<\/strong> ou simplement l\u2019envie de profiter de la nuit parisienne. Chaque soir\u00e9e y prend une dimension particuli\u00e8re, port\u00e9e par une sc\u00e9nographie soign\u00e9e, un public complice et une programmation musicale pens\u00e9e pour durer jusqu\u2019au bout de la nuit. <br \/>Le <strong>22 janvier<\/strong> s\u2019annonce comme l\u2019un de ces rendez-vous \u00e0 ne pas manquer, o\u00f9 l\u2019on sait d\u2019avance que les souvenirs se cr\u00e9eront sur la piste de danse.<\/p>\n<p>Informations pratiques<\/p>\n<p><strong>Soir\u00e9e exceptionnelle  Boulevard des Souvenirs<\/strong><br \/>\ud83d\udcc5 <strong>Jeudi 22 janvier<\/strong><br \/>\ud83d\udccd <strong>OUISTITI Paris <\/strong><a href=\"https:\/\/www.google.com\/maps\/dir\/?api=1&amp;destination=OUISTITI+Paris+58+rue+de+l%27Arcade++75008+Paris+fr\" target=\"_blank\" rel=\"noreferrer noopener\">58 rue de l\u2019Arcade 75008 Paris<\/a><br \/>\ud83c\udfb6 DJ guest : <strong>Saint-Honor\u00e9<\/strong><br \/>\ud83d\udd7a Ambiance festive, DJ set &amp; musique live<br \/>\u00c0 r\u00e9server en ligne <a href=\"https:\/\/www.ouistiti-restaurant.fr\/\" target=\"_blank\" rel=\"noreferrer noopener\">ici <\/a><\/p>\n<p>Notre article pour en savoir plus sur <a href=\"https:\/\/www.parisselectbook.com\/2025\/10\/06\/ouistiti-paris-ce-restaurant-festif-du-8eme-propose-le-combo-parfait-gastronomie-inventive-soiree-musicale-et-cocktails-dexception\/\" target=\"_blank\" rel=\"noreferrer noopener\">Ouisititi Paris <\/a><\/p>\n<p>Une soir\u00e9e id\u00e9ale pour vivre Paris la nuit, dans l\u2019un de ces lieux o\u00f9 l\u2019on revient toujours, certain de passer un moment m\u00e9morable.<\/p>\n","protected":false},"excerpt":{"rendered":"\u00c0 Paris, certaines adresses ont le don de transformer une simple soir\u00e9e en souvenir marquant. Des lieux o\u00f9&hellip;\n","protected":false},"author":2,"featured_media":672163,"comment_status":"","ping_status":"","sticky":false,"template":"","format":"standard","meta":{"footnotes":""},"categories":[1888],"tags":[11,30992,68249,1777,674,1011,27,2425,12,626,25],"class_list":{"0":"post-672162","1":"post","2":"type-post","3":"status-publish","4":"format-standard","5":"has-post-thumbnail","7":"category-paris","8":"tag-actualites","9":"tag-adresse","10":"tag-chic","11":"tag-eu","12":"tag-europe","13":"tag-fr","14":"tag-france","15":"tag-luxe","16":"tag-news","17":"tag-paris","18":"tag-republique-francaise"},"share_on_mastodon":{"url":"https:\/\/pubeurope.com\/@fr\/115916007349096070","error":""},"_links":{"self":[{"href":"https:\/\/www.europesays.com\/fr\/wp-json\/wp\/v2\/posts\/672162","targetHints":{"allow":["GET"]}}],"collection":[{"href":"https:\/\/www.europesays.com\/fr\/wp-json\/wp\/v2\/posts"}],"about":[{"href":"https:\/\/www.europesays.com\/fr\/wp-json\/wp\/v2\/types\/post"}],"author":[{"embeddable":true,"href":"https:\/\/www.europesays.com\/fr\/wp-json\/wp\/v2\/users\/2"}],"replies":[{"embeddable":true,"href":"https:\/\/www.europesays.com\/fr\/wp-json\/wp\/v2\/comments?post=672162"}],"version-history":[{"count":0,"href":"https:\/\/www.europesays.com\/fr\/wp-json\/wp\/v2\/posts\/672162\/revisions"}],"wp:featuredmedia":[{"embeddable":true,"href":"https:\/\/www.europesays.com\/fr\/wp-json\/wp\/v2\/media\/672163"}],"wp:attachment":[{"href":"https:\/\/www.europesays.com\/fr\/wp-json\/wp\/v2\/media?parent=672162"}],"wp:term":[{"taxonomy":"category","embeddable":true,"href":"https:\/\/www.europesays.com\/fr\/wp-json\/wp\/v2\/categories?post=672162"},{"taxonomy":"post_tag","embeddable":true,"href":"https:\/\/www.europesays.com\/fr\/wp-json\/wp\/v2\/tags?post=672162"}],"curies":[{"name":"wp","href":"https:\/\/api.w.org\/{rel}","templated":true}]}}