{"id":672224,"date":"2026-01-18T12:47:22","date_gmt":"2026-01-18T12:47:22","guid":{"rendered":"https:\/\/www.europesays.com\/fr\/672224\/"},"modified":"2026-01-18T12:47:22","modified_gmt":"2026-01-18T12:47:22","slug":"ateliers-mecaniques-de-la-seyne-le-projet-immersion","status":"publish","type":"post","link":"https:\/\/www.europesays.com\/fr\/672224\/","title":{"rendered":"Ateliers m\u00e9caniques de La Seyne : le projet IMMERSION"},"content":{"rendered":"<p>\t\t\t\t\t\t\t\tLes ateliers m\u00e9caniques de La Seyne au c\u0153ur du projet IMMERSION<\/p>\n<p>Le projet IMMERSION a \u00e9t\u00e9 pr\u00e9sent\u00e9 lors d\u2019une conf\u00e9rence de presse organis\u00e9e mercredi 14 janvier \u00e0 10h30, dans la salle des Sourires de l\u2019H\u00f4tel de Ville de La Seyne-sur-Mer.<\/p>\n<p>\u00c0 cette occasion, le maire Joseph Minniti a d\u00e9taill\u00e9 les grandes lignes de la reconversion des anciens ateliers m\u00e9caniques. Les repr\u00e9sentants du groupement laur\u00e9at de l\u2019appel \u00e0 manifestation d\u2019int\u00e9r\u00eat \u00e9taient \u00e9galement pr\u00e9sents.<\/p>\n<p>Cette \u00e9tape marque un moment important pour un site longtemps rest\u00e9 en friche. Depuis plusieurs ann\u00e9es, son avenir faisait l\u2019objet de nombreuses attentes.<\/p>\n<p><img loading=\"lazy\" decoding=\"async\" class=\"size-full wp-image-58308\" src=\"https:\/\/www.europesays.com\/fr\/wp-content\/uploads\/2026\/01\/Immersion_Tete_info83.jpg\" alt=\"Ateliers m\u00e9caniques de La Seyne_info83\" width=\"800\" height=\"586\"  \/>Ateliers m\u00e9caniques de La Seyne : le projet IMMERSION entre ambition internationale et ancrage local<br \/>\n<img loading=\"lazy\" decoding=\"async\" class=\"size-full wp-image-58310\" src=\"https:\/\/www.europesays.com\/fr\/wp-content\/uploads\/2026\/01\/immersion_interieur_info83.jpg\" alt=\"Ateliers m\u00e9caniques de La Seyne\" width=\"800\" height=\"450\"  \/>L\u2019objectif annonc\u00e9 est de 200 000 visiteurs par an.<br \/>\nUn projet d\u2019envergure pour les ateliers m\u00e9caniques de La Seyne-sur-Mer<\/p>\n<p>D\u00e8s les premi\u00e8res annonces, le projet affiche une port\u00e9e large. IMMERSION ne se limite pas \u00e0 un \u00e9quipement local. Il associe un mus\u00e9e immersif, un centre de recherche, un p\u00f4le d\u2019innovation, des espaces \u00e9v\u00e9nementiels et un h\u00f4tel 4 \u00e9toiles.<\/p>\n<p>Ainsi, le site ambitionne d\u2019attirer chercheurs, entrepreneurs, \u00e9tudiants et touristes. L\u2019objectif annonc\u00e9 est de 200 000 visiteurs par an. De plus, la programmation sera centr\u00e9e sur les enjeux maritimes et climatiques de la M\u00e9diterran\u00e9e. IMMERSION entend donc renforcer le rayonnement de La Seyne-sur-Mer au-del\u00e0 du territoire varois.<\/p>\n<p>Redonner vie \u00e0 un lieu embl\u00e9matique de l\u2019histoire seynoise<\/p>\n<p>Cependant, le projet ne se r\u00e9sume pas \u00e0 une vitrine internationale. Il s\u2019inscrit dans un lieu charg\u00e9 d\u2019histoire : les anciens ateliers m\u00e9caniques. Ce site t\u00e9moigne du pass\u00e9 ouvrier et industriel de la ville.<\/p>\n<p>Le projet pr\u00e9voit la conservation des grandes nefs historiques. Un espace d\u00e9di\u00e9 \u00e0 la m\u00e9moire industrielle doit \u00e9galement \u00eatre int\u00e9gr\u00e9. L\u2019objectif est clair : faire dialoguer patrimoine et modernit\u00e9. Toutefois, la place r\u00e9elle accord\u00e9e \u00e0 cette m\u00e9moire devra \u00eatre pr\u00e9cis\u00e9e au fil du projet.<\/p>\n<p>Un moteur \u00e9conomique attendu pour le territoire<\/p>\n<p>IMMERSION repr\u00e9sente un investissement estim\u00e9 \u00e0 100 millions d\u2019euros. \u00c0 terme, environ 200 emplois directs et indirects sont annonc\u00e9s. Les retomb\u00e9es \u00e9conomiques sont \u00e9valu\u00e9es entre 3,5 et 4 millions d\u2019euros par an.<\/p>\n<p>Pourtant, plusieurs questions demeurent. Quelle part de ces emplois b\u00e9n\u00e9ficiera aux habitants ? Quelles entreprises locales seront associ\u00e9es ? L\u2019enjeu sera de transformer ces annonces en retomb\u00e9es concr\u00e8tes pour le territoire varois.<\/p>\n<p>Un futur lieu de vie pour les Seynois ?<\/p>\n<p>La pr\u00e9sence d\u2019un h\u00f4tel de standing, d\u2019un spa et d\u2019\u00e9quipements touristiques interroge. Les anciens ateliers m\u00e9caniques deviendront-ils un lieu fr\u00e9quent\u00e9 par les Seynois ? Ou resteront-ils avant tout une destination pour les visiteurs ext\u00e9rieurs ?<\/p>\n<p>Tout d\u00e9pendra des choix op\u00e9r\u00e9s. Tarifs du mus\u00e9e, acc\u00e8s aux espaces publics, programmation culturelle locale ou accueil des scolaires seront d\u00e9terminants. En revanche, sans ces leviers, l\u2019appropriation par les habitants pourrait rester limit\u00e9e.<\/p>\n<p><img loading=\"lazy\" decoding=\"async\" class=\"size-full wp-image-58312\" src=\"https:\/\/www.europesays.com\/fr\/wp-content\/uploads\/2026\/01\/immersion5_info83.jpg\" alt=\"Ateliers m\u00e9caniques de La Seyne\" width=\"800\" height=\"451\"  \/>Un futur lieu de vie pour les Seynois ?<br \/>\nUne ambition \u00e9cologique attendue dans les faits<\/p>\n<p>IMMERSION se pr\u00e9sente comme un projet tourn\u00e9 vers la transition \u00e9cologique. Il met en avant l\u2019innovation, la recherche et la sensibilisation du public.<\/p>\n<p>N\u00e9anmoins, cette ambition devra se traduire concr\u00e8tement. Performance \u00e9nerg\u00e9tique des b\u00e2timents, gestion des ressources, d\u00e9pollution du site et suivi environnemental seront observ\u00e9s de pr\u00e8s. \u00c0 ce stade, ces \u00e9l\u00e9ments restent \u00e0 pr\u00e9ciser.<\/p>\n<p>Entre vitrine internationale et projet de territoire<\/p>\n<p>IMMERSION se situe \u00e0 la crois\u00e9e de plusieurs logiques : culturelle, \u00e9conomique, scientifique et touristique. D\u2019un c\u00f4t\u00e9, le projet vise un rayonnement large. De l\u2019autre, il doit rester lisible et accessible pour les habitants.<\/p>\n<p>Ainsi, l\u2019enjeu principal sera de concilier attractivit\u00e9 ext\u00e9rieure et usages locaux. Cet \u00e9quilibre conditionnera la r\u00e9ussite du projet sur le long terme.<\/p>\n<p>Un projet \u00e0 suivre dans la dur\u00e9e<\/p>\n<p>La reconversion des anciens ateliers m\u00e9caniques ouvre un nouveau chapitre pour La Seyne-sur-Mer. Le projet IMMERSION affiche de fortes ambitions. Il suscite aussi des note attentes.<\/p>\n<p>Son succ\u00e8s ne se mesurera pas seulement \u00e0 sa fr\u00e9quentation. Il d\u00e9pendra surtout de sa capacit\u00e9 \u00e0 s\u2019ancrer dans la vie locale, \u00e0 associer les Seynois et \u00e0 r\u00e9pondre aux besoins concrets du territoire varois.<\/p>\n<p>Marcel TRIMBOLI<\/p>\n<p>A lire aussi<\/p>\n<p><a href=\"https:\/\/www.info83.fr\/fort-napoleon-de-nouveaux-amenagements-pour-preserver-lespace-naturel-sensible-a-la-seyne-sur-mer\/\" target=\"_blank\" rel=\"noopener nofollow\">Fort Napol\u00e9on : de nouveaux am\u00e9nagements pour pr\u00e9server l\u2019Espace naturel sensible \u00e0 La Seyne-sur-Mer<\/a><\/p>\n<p><strong><img decoding=\"async\" class=\"emoji\" role=\"img\" draggable=\"false\" src=\"https:\/\/s.w.org\/images\/core\/emoji\/13.1.0\/svg\/1f538.svg\" alt=\"\ud83d\udd38\" data-pin-no-hover=\"true\"\/>Info83, le Var proche de vous<br \/><\/strong><\/p>\n<p><img decoding=\"async\" class=\"emoji\" role=\"img\" draggable=\"false\" src=\"https:\/\/s.w.org\/images\/core\/emoji\/13.1.0\/svg\/27a1.svg\" alt=\"\u27a1\ufe0f\" data-pin-no-hover=\"true\"\/>\u00a0<a href=\"https:\/\/bit.ly\/2OZZMMK\" target=\"_blank\" rel=\"noopener noreferrer nofollow\">Facebook Info83<\/a><\/p>\n<p><img decoding=\"async\" class=\"emoji\" role=\"img\" draggable=\"false\" src=\"https:\/\/s.w.org\/images\/core\/emoji\/13.1.0\/svg\/27a1.svg\" alt=\"\u27a1\ufe0f\" data-pin-no-hover=\"true\"\/>\u00a0<a href=\"https:\/\/bit.ly\/2ONkTC9\" target=\"_blank\" rel=\"noopener noreferrer nofollow\">Youtube Info83<\/a><\/p>\n","protected":false},"excerpt":{"rendered":"Les ateliers m\u00e9caniques de La Seyne au c\u0153ur du projet IMMERSION Le projet IMMERSION a \u00e9t\u00e9 pr\u00e9sent\u00e9 lors&hellip;\n","protected":false},"author":2,"featured_media":672225,"comment_status":"","ping_status":"","sticky":false,"template":"","format":"standard","meta":{"footnotes":"","_share_on_mastodon":"0"},"categories":[9619],"tags":[1111,11,77175,77176,1777,674,1011,27,12,69218,77177,77178,882,77179,25,2310,16155,7506],"class_list":["post-672224","post","type-post","status-publish","format-standard","has-post-thumbnail","category-toulon","tag-actu","tag-actualites","tag-anciens-ateliers-mecaniques","tag-ateliers-mecaniques-la-seyne-sur-mer","tag-eu","tag-europe","tag-fr","tag-france","tag-news","tag-patrimoine-industriel","tag-projet-immersion","tag-projet-urbain-la-seyne-sur-mer","tag-provence-alpes-cote-dazur","tag-reconversion-friche-industrielle","tag-republique-francaise","tag-toulon","tag-transition-ecologique","tag-var"],"share_on_mastodon":{"url":"https:\/\/pubeurope.com\/@fr\/115916180522324124","error":""},"_links":{"self":[{"href":"https:\/\/www.europesays.com\/fr\/wp-json\/wp\/v2\/posts\/672224","targetHints":{"allow":["GET"]}}],"collection":[{"href":"https:\/\/www.europesays.com\/fr\/wp-json\/wp\/v2\/posts"}],"about":[{"href":"https:\/\/www.europesays.com\/fr\/wp-json\/wp\/v2\/types\/post"}],"author":[{"embeddable":true,"href":"https:\/\/www.europesays.com\/fr\/wp-json\/wp\/v2\/users\/2"}],"replies":[{"embeddable":true,"href":"https:\/\/www.europesays.com\/fr\/wp-json\/wp\/v2\/comments?post=672224"}],"version-history":[{"count":0,"href":"https:\/\/www.europesays.com\/fr\/wp-json\/wp\/v2\/posts\/672224\/revisions"}],"wp:featuredmedia":[{"embeddable":true,"href":"https:\/\/www.europesays.com\/fr\/wp-json\/wp\/v2\/media\/672225"}],"wp:attachment":[{"href":"https:\/\/www.europesays.com\/fr\/wp-json\/wp\/v2\/media?parent=672224"}],"wp:term":[{"taxonomy":"category","embeddable":true,"href":"https:\/\/www.europesays.com\/fr\/wp-json\/wp\/v2\/categories?post=672224"},{"taxonomy":"post_tag","embeddable":true,"href":"https:\/\/www.europesays.com\/fr\/wp-json\/wp\/v2\/tags?post=672224"}],"curies":[{"name":"wp","href":"https:\/\/api.w.org\/{rel}","templated":true}]}}