{"id":672237,"date":"2026-01-18T12:59:30","date_gmt":"2026-01-18T12:59:30","guid":{"rendered":"https:\/\/www.europesays.com\/fr\/672237\/"},"modified":"2026-01-18T12:59:30","modified_gmt":"2026-01-18T12:59:30","slug":"la-laiterie-renovee-garde-son-ame-et-se-devoile-en-29-photos","status":"publish","type":"post","link":"https:\/\/www.europesays.com\/fr\/672237\/","title":{"rendered":"La Laiterie r\u00e9nov\u00e9e garde son \u00e2me et se d\u00e9voile en 29 photos !"},"content":{"rendered":"<p>    <img loading=\"lazy\" width=\"1800\" height=\"900\" src=\"https:\/\/www.europesays.com\/fr\/wp-content\/uploads\/2025\/11\/jeanne-callthepolice.jpg\" class=\"attachment-full size-full\" alt=\"\" id=\"imageLove\" decoding=\"async\"  \/><\/p>\n<p id=\"breadcrumbs\"><a href=\"https:\/\/pokaa.fr\/\" target=\"_blank\" rel=\"noopener\">Accueil<\/a> \/ <a href=\"https:\/\/pokaa.fr\/categories\/actu\/\" target=\"_blank\" rel=\"noopener\">Info locale<\/a> \/ <a href=\"https:\/\/pokaa.fr\/categories\/actu\/culture\/\" target=\"_blank\" rel=\"noopener\">Culture<\/a> \/ Strasbourg : La Laiterie r\u00e9nov\u00e9e garde son \u00e2me et se d\u00e9voile en 29 photos !<\/p>\n<p>                    Culture<\/p>\n<p>publi\u00e9 le 16 Jan 2026 \u00e0 9 h 39 min<\/p>\n<p><strong>Inaugur\u00e9e en 1994, La Laiterie est depuis plus de 30 ans dans le coeur des Strasbourgeois(es). Si la mythique salle de concerts est ferm\u00e9e pour travaux depuis l\u2019\u00e9t\u00e9 2024, sa r\u00e9ouverture approche \u00e0 grands pas. Et avant d\u2019attaquer une nouvelle \u00e8re avec <a href=\"https:\/\/pokaa.fr\/2025\/07\/08\/strasbourg-on-connait-la-date-et-le-concert-de-reouverture-de-la-laiterie-2-0\/\" target=\"_blank\" rel=\"noopener\">le groupe Last Train le 24 avril prochain<\/a>, on a eu l\u2019occasion de faire une petite visite. C\u2019est parti !\u00a0<\/strong><\/p>\n<p>De la <strong>jauge passant de 870 \u00e0 1164 personnes <\/strong>au meilleur accueil du public et des artistes, apr\u00e8s 15 mois de chantier, La Laiterie a d\u00e9j\u00e0 bien chang\u00e9. Commenc\u00e9s il y a deux ans, <strong>les travaux \u00e9taient, selon Jeanne Barseghian en mars 2024,\u00a0<\/strong><strong>\u00ab attendus, indispensables et n\u00e9cessaires \u00bb. <\/strong>Des mots partag\u00e9s par Thierry Danet, directeur de la salle.<\/p>\n<p>                <a href=\"https:\/\/pokaa.fr\/2024\/03\/27\/strasbourg-la-laiterie\/\" target=\"_blank\" rel=\"noopener\"><br \/>\n                    <img width=\"450\" height=\"270\" src=\"https:\/\/www.europesays.com\/fr\/wp-content\/uploads\/2025\/06\/laiterie-weber-keiling-associes-450x270.png\" class=\"attachment-card-horizontal--same-subject size-card-horizontal--same-subject wp-post-image\" alt=\"\" decoding=\"async\" loading=\"lazy\"\/>                <\/a><\/p>\n<p>    <img width=\"800\" height=\"533\" src=\"https:\/\/www.europesays.com\/fr\/wp-content\/uploads\/2026\/01\/france-inauguration-laiterie-artefact-wr-90-sur-90-800x533.jpg\" class=\"attachment-image-size-L size-image-size-L\" alt=\"LAITERIE ARTEFACT, facade, salle, concert\" decoding=\"async\" loading=\"lazy\"  \/>         \u00a9 Wilfried Rion \/ Pokaa <\/p>\n<p>Pour avoir un avant-go\u00fbt,<strong> on a jou\u00e9 les curieux \u00e0 l\u2019occasion de la pr\u00e9sentation des voeux de la maire<\/strong>. Fa\u00e7ades noires et m\u00e9talliques, b\u00e9ton brut, nouvelle entr\u00e9e rue du Ban-de-la-Roche, toiture sur\u00e9lev\u00e9e, \u00e9clairage modernis\u00e9, bar et salles r\u00e9nov\u00e9s : \u00e0 l\u2019ext\u00e9rieur et \u00e0 l\u2019int\u00e9rieur, tout est d\u00e9j\u00e0 m\u00e9connaissable m\u00eame si le lieu garde son \u00e2me.<\/p>\n<p>                <img width=\"750\" height=\"500\" src=\"https:\/\/www.europesays.com\/fr\/wp-content\/uploads\/2026\/01\/france-inauguration-laiterie-artefact-wr-88-sur-90-750x500.jpg\" class=\"attachment-gallery size-gallery\" alt=\"LAITERIE ARTEFACT, facade, v\u00e9lo\" data-full-url=\"https:\/\/pokaa.fr\/wp-content\/uploads\/2026\/01\/16\/france-inauguration-laiterie-artefact-wr-88-sur-90.jpg\" decoding=\"async\" loading=\"lazy\"  \/>            <\/p>\n<p>                <img width=\"750\" height=\"500\" src=\"https:\/\/www.europesays.com\/fr\/wp-content\/uploads\/2026\/01\/france-inauguration-laiterie-artefact-wr-87-sur-90-750x500.jpg\" class=\"attachment-gallery size-gallery\" alt=\"LAITERIE ARTEFACT, facade, public\" data-full-url=\"https:\/\/pokaa.fr\/wp-content\/uploads\/2026\/01\/16\/france-inauguration-laiterie-artefact-wr-87-sur-90.jpg\" decoding=\"async\" loading=\"lazy\"  \/>            <\/p>\n<p>                <img width=\"750\" height=\"500\" src=\"https:\/\/www.europesays.com\/fr\/wp-content\/uploads\/2026\/01\/france-inauguration-laiterie-artefact-wr-74-sur-90-750x500.jpg\" class=\"attachment-gallery size-gallery\" alt=\"LAITERIE ARTEFACT, hall\" data-full-url=\"https:\/\/pokaa.fr\/wp-content\/uploads\/2026\/01\/16\/france-inauguration-laiterie-artefact-wr-74-sur-90.jpg\" decoding=\"async\" loading=\"lazy\"  \/>            <\/p>\n<p>                    \u00a9 Wilfried Rion \/ Pokaa<\/p>\n<p>    <img width=\"800\" height=\"533\" src=\"https:\/\/www.europesays.com\/fr\/wp-content\/uploads\/2026\/01\/france-inauguration-laiterie-artefact-wr-81-sur-90-800x533.jpg\" class=\"attachment-image-size-L size-image-size-L\" alt=\"LAITERIE ARTEFACT, salle, gens\" decoding=\"async\" loading=\"lazy\"  \/>         \u00a9 Wilfried Rion \/ Pokaa <\/p>\n<p>                <img width=\"750\" height=\"500\" src=\"https:\/\/www.europesays.com\/fr\/wp-content\/uploads\/2026\/01\/france-inauguration-laiterie-artefact-wr-83-sur-90-750x500.jpg\" class=\"attachment-gallery size-gallery\" alt=\"LAITERIE ARTEFACT, gradins, instruments\" data-full-url=\"https:\/\/pokaa.fr\/wp-content\/uploads\/2026\/01\/16\/france-inauguration-laiterie-artefact-wr-83-sur-90.jpg\" decoding=\"async\" loading=\"lazy\"  \/>            <\/p>\n<p>                <img width=\"333\" height=\"500\" src=\"https:\/\/www.europesays.com\/fr\/wp-content\/uploads\/2026\/01\/france-inauguration-laiterie-artefact-wr-77-sur-90-333x500.jpg\" class=\"attachment-gallery size-gallery\" alt=\"LAITERIE ARTEFACT, hall, transat\" data-full-url=\"https:\/\/pokaa.fr\/wp-content\/uploads\/2026\/01\/16\/france-inauguration-laiterie-artefact-wr-77-sur-90.jpg\" decoding=\"async\" loading=\"lazy\"  \/>            <\/p>\n<p>                <img width=\"750\" height=\"500\" src=\"https:\/\/www.europesays.com\/fr\/wp-content\/uploads\/2026\/01\/france-inauguration-laiterie-artefact-wr-75-sur-90-750x500.jpg\" class=\"attachment-gallery size-gallery\" alt=\"LAITERIE ARTEFACT, hall\" data-full-url=\"https:\/\/pokaa.fr\/wp-content\/uploads\/2026\/01\/16\/france-inauguration-laiterie-artefact-wr-75-sur-90.jpg\" decoding=\"async\" loading=\"lazy\"  \/>            <\/p>\n<p>                    \u00a9 Wilfried Rion \/ Pokaa<\/p>\n<p>    <img width=\"800\" height=\"533\" src=\"https:\/\/www.europesays.com\/fr\/wp-content\/uploads\/2026\/01\/france-inauguration-laiterie-artefact-wr-34-sur-90-800x533.jpg\" class=\"attachment-image-size-L size-image-size-L\" alt=\"LAITERIE ARTEFACT, salle, hall\" decoding=\"async\" loading=\"lazy\"  \/>         \u00a9 Wilfried Rion \/ Pokaa <\/p>\n<p>                <img width=\"750\" height=\"500\" src=\"https:\/\/www.europesays.com\/fr\/wp-content\/uploads\/2026\/01\/france-inauguration-laiterie-artefact-wr-71-sur-90-750x500.jpg\" class=\"attachment-gallery size-gallery\" alt=\"LAITERIE ARTEFACT, hall\" data-full-url=\"https:\/\/pokaa.fr\/wp-content\/uploads\/2026\/01\/16\/france-inauguration-laiterie-artefact-wr-71-sur-90.jpg\" decoding=\"async\" loading=\"lazy\"  \/>            <\/p>\n<p>                <img width=\"333\" height=\"500\" src=\"https:\/\/www.europesays.com\/fr\/wp-content\/uploads\/2026\/01\/france-inauguration-laiterie-artefact-wr-57-sur-90-333x500.jpg\" class=\"attachment-gallery size-gallery\" alt=\"LAITERIE ARTEFACT, Jeanne Barseghian, discours\" data-full-url=\"https:\/\/pokaa.fr\/wp-content\/uploads\/2026\/01\/16\/france-inauguration-laiterie-artefact-wr-57-sur-90.jpg\" decoding=\"async\" loading=\"lazy\"  \/>            <\/p>\n<p>                <img width=\"750\" height=\"500\" src=\"https:\/\/www.europesays.com\/fr\/wp-content\/uploads\/2026\/01\/france-inauguration-laiterie-artefact-wr-67-sur-90-750x500.jpg\" class=\"attachment-gallery size-gallery\" alt=\"LAITERIE ARTEFACT, hall\" data-full-url=\"https:\/\/pokaa.fr\/wp-content\/uploads\/2026\/01\/16\/france-inauguration-laiterie-artefact-wr-67-sur-90.jpg\" decoding=\"async\" loading=\"lazy\"  \/>            <\/p>\n<p>                <img width=\"750\" height=\"500\" src=\"https:\/\/www.europesays.com\/fr\/wp-content\/uploads\/2026\/01\/france-inauguration-laiterie-artefact-wr-65-sur-90-750x500.jpg\" class=\"attachment-gallery size-gallery\" alt=\"LAITERIE ARTEFACT, gradin, concert, salle, foule, gens\" data-full-url=\"https:\/\/pokaa.fr\/wp-content\/uploads\/2026\/01\/16\/france-inauguration-laiterie-artefact-wr-65-sur-90.jpg\" decoding=\"async\" loading=\"lazy\"  \/>            <\/p>\n<p>                    \u00a9 Wilfried Rion \/ Pokaa<\/p>\n<p>    <img width=\"800\" height=\"533\" src=\"https:\/\/www.europesays.com\/fr\/wp-content\/uploads\/2026\/01\/france-inauguration-laiterie-artefact-wr-44-sur-90-800x533.jpg\" class=\"attachment-image-size-L size-image-size-L\" alt=\"LAITERIE ARTEFACT, gradin, concert, salle, scene\" decoding=\"async\" loading=\"lazy\"  \/>         \u00a9 Wilfried Rion \/ Pokaa <\/p>\n<p>    <img width=\"800\" height=\"533\" src=\"https:\/\/www.europesays.com\/fr\/wp-content\/uploads\/2026\/01\/france-inauguration-laiterie-artefact-wr-33-sur-90-800x533.jpg\" class=\"attachment-image-size-L size-image-size-L\" alt=\"LAITERIE ARTEFACT, hall\" decoding=\"async\" loading=\"lazy\"  \/>         \u00a9 Wilfried Rion \/ Pokaa <\/p>\n<p>                <img width=\"333\" height=\"500\" src=\"https:\/\/www.europesays.com\/fr\/wp-content\/uploads\/2026\/01\/france-inauguration-laiterie-artefact-wr-48-sur-90-333x500.jpg\" class=\"attachment-gallery size-gallery\" alt=\"LAITERIE ARTEFACT, gradin, concert, salle\" data-full-url=\"https:\/\/pokaa.fr\/wp-content\/uploads\/2026\/01\/16\/france-inauguration-laiterie-artefact-wr-48-sur-90.jpg\" decoding=\"async\" loading=\"lazy\"  \/>            <\/p>\n<p>                <img width=\"750\" height=\"500\" src=\"https:\/\/www.europesays.com\/fr\/wp-content\/uploads\/2026\/01\/france-inauguration-laiterie-artefact-wr-32-sur-90-750x500.jpg\" class=\"attachment-gallery size-gallery\" alt=\"LAITERIE ARTEFACT, gradin, concert, salle\" data-full-url=\"https:\/\/pokaa.fr\/wp-content\/uploads\/2026\/01\/16\/france-inauguration-laiterie-artefact-wr-32-sur-90.jpg\" decoding=\"async\" loading=\"lazy\"  \/>            <\/p>\n<p>                <img width=\"333\" height=\"500\" src=\"https:\/\/www.europesays.com\/fr\/wp-content\/uploads\/2026\/01\/france-inauguration-laiterie-artefact-wr-39-sur-90-333x500.jpg\" class=\"attachment-gallery size-gallery\" alt=\"LAITERIE ARTEFACT, passerelle, n\u00e9ons\" data-full-url=\"https:\/\/pokaa.fr\/wp-content\/uploads\/2026\/01\/16\/france-inauguration-laiterie-artefact-wr-39-sur-90.jpg\" decoding=\"async\" loading=\"lazy\"  \/>            <\/p>\n<p>                <img width=\"750\" height=\"500\" src=\"https:\/\/www.europesays.com\/fr\/wp-content\/uploads\/2026\/01\/france-inauguration-laiterie-artefact-wr-35-sur-90-750x500.jpg\" class=\"attachment-gallery size-gallery\" alt=\"LAITERIE ARTEFACT, salle, concert, signal\u00e9tique\" data-full-url=\"https:\/\/pokaa.fr\/wp-content\/uploads\/2026\/01\/16\/france-inauguration-laiterie-artefact-wr-35-sur-90.jpg\" decoding=\"async\" loading=\"lazy\"  \/>            <\/p>\n<p>                <img width=\"750\" height=\"500\" src=\"https:\/\/www.europesays.com\/fr\/wp-content\/uploads\/2026\/01\/france-inauguration-laiterie-artefact-wr-36-sur-90-750x500.jpg\" class=\"attachment-gallery size-gallery\" alt=\"LAITERIE ARTEFACT, hall\" data-full-url=\"https:\/\/pokaa.fr\/wp-content\/uploads\/2026\/01\/16\/france-inauguration-laiterie-artefact-wr-36-sur-90.jpg\" decoding=\"async\" loading=\"lazy\"  \/>            <\/p>\n<p>                    \u00a9 Wilfried Rion \/ Pokaa<\/p>\n<p>    <img width=\"800\" height=\"533\" src=\"https:\/\/www.europesays.com\/fr\/wp-content\/uploads\/2026\/01\/france-inauguration-laiterie-artefact-wr-31-sur-90-800x533.jpg\" class=\"attachment-image-size-L size-image-size-L\" alt=\"LAITERIE ARTEFACT, structure, sc\u00e8ne\" decoding=\"async\" loading=\"lazy\"  \/>         \u00a9 Wilfried Rion \/ Pokaa <\/p>\n<p>    <img width=\"800\" height=\"533\" src=\"https:\/\/www.europesays.com\/fr\/wp-content\/uploads\/2026\/01\/france-inauguration-laiterie-artefact-wr-29-sur-90-800x533.jpg\" class=\"attachment-image-size-L size-image-size-L\" alt=\"LAITERIE ARTEFACT, gradin, concert, salle\" decoding=\"async\" loading=\"lazy\"  \/>         \u00a9 Wilfried Rion \/ Pokaa <\/p>\n<p>                <img width=\"333\" height=\"500\" src=\"https:\/\/www.europesays.com\/fr\/wp-content\/uploads\/2026\/01\/france-inauguration-laiterie-artefact-wr-23-sur-90-333x500.jpg\" class=\"attachment-gallery size-gallery\" alt=\"LAITERIE ARTEFACT, bar, signal\u00e9tique\" data-full-url=\"https:\/\/pokaa.fr\/wp-content\/uploads\/2026\/01\/16\/france-inauguration-laiterie-artefact-wr-23-sur-90.jpg\" decoding=\"async\" loading=\"lazy\"  \/>            <\/p>\n<p>                <img width=\"333\" height=\"500\" src=\"https:\/\/www.europesays.com\/fr\/wp-content\/uploads\/2026\/01\/france-inauguration-laiterie-artefact-wr-49-sur-90-333x500.jpg\" class=\"attachment-gallery size-gallery\" alt=\"architectes Weber &amp; Keiling, LAITERIE ARTEFACT\" data-full-url=\"https:\/\/pokaa.fr\/wp-content\/uploads\/2026\/01\/16\/france-inauguration-laiterie-artefact-wr-49-sur-90.jpg\" decoding=\"async\" loading=\"lazy\"  \/>            <\/p>\n<p>                <img width=\"750\" height=\"500\" src=\"https:\/\/www.europesays.com\/fr\/wp-content\/uploads\/2026\/01\/france-inauguration-laiterie-artefact-wr-22-sur-90-750x500.jpg\" class=\"attachment-gallery size-gallery\" alt=\"LAITERIE ARTEFACT, passerelle, hall\" data-full-url=\"https:\/\/pokaa.fr\/wp-content\/uploads\/2026\/01\/16\/france-inauguration-laiterie-artefact-wr-22-sur-90.jpg\" decoding=\"async\" loading=\"lazy\"  \/>            <\/p>\n<p>                <img width=\"333\" height=\"500\" src=\"https:\/\/www.europesays.com\/fr\/wp-content\/uploads\/2026\/01\/france-inauguration-laiterie-artefact-wr-19-sur-90-333x500.jpg\" class=\"attachment-gallery size-gallery\" alt=\"LAITERIE ARTEFACT, vestiaire, porte manteau\" data-full-url=\"https:\/\/pokaa.fr\/wp-content\/uploads\/2026\/01\/16\/france-inauguration-laiterie-artefact-wr-19-sur-90.jpg\" decoding=\"async\" loading=\"lazy\"  \/>            <\/p>\n<p>                <img width=\"750\" height=\"500\" src=\"https:\/\/www.europesays.com\/fr\/wp-content\/uploads\/2026\/01\/france-inauguration-laiterie-artefact-wr-2-sur-90-750x500.jpg\" class=\"attachment-gallery size-gallery\" alt=\"LAITERIE ARTEFACT, salle, concert, caisse, spectacle, hall\" data-full-url=\"https:\/\/pokaa.fr\/wp-content\/uploads\/2026\/01\/16\/france-inauguration-laiterie-artefact-wr-2-sur-90.jpg\" decoding=\"async\" loading=\"lazy\"  \/>            <\/p>\n<p>                <img width=\"750\" height=\"500\" src=\"https:\/\/www.europesays.com\/fr\/wp-content\/uploads\/2026\/01\/france-inauguration-laiterie-artefact-wr-15-sur-90-750x500.jpg\" class=\"attachment-gallery size-gallery\" alt=\"LAITERIE ARTEFACT, fa\u00e7ade, public, salle, concert\" data-full-url=\"https:\/\/pokaa.fr\/wp-content\/uploads\/2026\/01\/16\/france-inauguration-laiterie-artefact-wr-15-sur-90.jpg\" decoding=\"async\" loading=\"lazy\"  \/>            <\/p>\n<p>                    En 2. l&rsquo;architecte Pierre Keiling, qui a conduit la r\u00e9novation. \u00a9 Wilfried Rion \/ Pokaa<\/p>\n<p>    <img width=\"800\" height=\"533\" src=\"https:\/\/www.europesays.com\/fr\/wp-content\/uploads\/2026\/01\/france-inauguration-laiterie-artefact-wr-5-sur-90-800x533.jpg\" class=\"attachment-image-size-L size-image-size-L\" alt=\"LAITERIE ARTEFACT, discours\" decoding=\"async\" loading=\"lazy\"  \/>         \u00a9 Wilfried Rion \/ Pokaa <\/p>\n","protected":false},"excerpt":{"rendered":"Accueil \/ Info locale \/ Culture \/ Strasbourg : La Laiterie r\u00e9nov\u00e9e garde son \u00e2me et se d\u00e9voile&hellip;\n","protected":false},"author":2,"featured_media":672238,"comment_status":"","ping_status":"","sticky":false,"template":"","format":"standard","meta":{"footnotes":""},"categories":[2820],"tags":[1111,11,4107,1777,674,1011,27,775,76282,12,25,32862,853,640,58524,2086],"class_list":{"0":"post-672237","1":"post","2":"type-post","3":"status-publish","4":"format-standard","5":"has-post-thumbnail","7":"category-strasbourg","8":"tag-actu","9":"tag-actualites","10":"tag-chantier","11":"tag-eu","12":"tag-europe","13":"tag-fr","14":"tag-france","15":"tag-grand-est","16":"tag-la-laiterie","17":"tag-news","18":"tag-republique-francaise","19":"tag-salle-de-concert","20":"tag-spectacles","21":"tag-strasbourg","22":"tag-strasbourg-actualite","23":"tag-travaux"},"share_on_mastodon":{"url":"https:\/\/pubeurope.com\/@fr\/115916228954725971","error":""},"_links":{"self":[{"href":"https:\/\/www.europesays.com\/fr\/wp-json\/wp\/v2\/posts\/672237","targetHints":{"allow":["GET"]}}],"collection":[{"href":"https:\/\/www.europesays.com\/fr\/wp-json\/wp\/v2\/posts"}],"about":[{"href":"https:\/\/www.europesays.com\/fr\/wp-json\/wp\/v2\/types\/post"}],"author":[{"embeddable":true,"href":"https:\/\/www.europesays.com\/fr\/wp-json\/wp\/v2\/users\/2"}],"replies":[{"embeddable":true,"href":"https:\/\/www.europesays.com\/fr\/wp-json\/wp\/v2\/comments?post=672237"}],"version-history":[{"count":0,"href":"https:\/\/www.europesays.com\/fr\/wp-json\/wp\/v2\/posts\/672237\/revisions"}],"wp:featuredmedia":[{"embeddable":true,"href":"https:\/\/www.europesays.com\/fr\/wp-json\/wp\/v2\/media\/672238"}],"wp:attachment":[{"href":"https:\/\/www.europesays.com\/fr\/wp-json\/wp\/v2\/media?parent=672237"}],"wp:term":[{"taxonomy":"category","embeddable":true,"href":"https:\/\/www.europesays.com\/fr\/wp-json\/wp\/v2\/categories?post=672237"},{"taxonomy":"post_tag","embeddable":true,"href":"https:\/\/www.europesays.com\/fr\/wp-json\/wp\/v2\/tags?post=672237"}],"curies":[{"name":"wp","href":"https:\/\/api.w.org\/{rel}","templated":true}]}}