{"id":672313,"date":"2026-01-18T13:46:09","date_gmt":"2026-01-18T13:46:09","guid":{"rendered":"https:\/\/www.europesays.com\/fr\/672313\/"},"modified":"2026-01-18T13:46:09","modified_gmt":"2026-01-18T13:46:09","slug":"si-vous-pleurez-en-ecoutant-de-la-musique-seul-ces-9-traits-emotionnels-en-disent-long-sur-vous","status":"publish","type":"post","link":"https:\/\/www.europesays.com\/fr\/672313\/","title":{"rendered":"Si vous pleurez en \u00e9coutant de la musique seul, ces 9 traits \u00e9motionnels en disent long sur vous"},"content":{"rendered":"<p>Il y a ces moments \u00e9tranges o\u00f9, seul dans votre salon, un simple<br \/>\nmorceau au casque suffit \u00e0 faire monter les larmes. Pas de sc\u00e8ne<br \/>\ndramatique, personne autour, parfois m\u00eame pas de paroles. Pourtant<br \/>\nvotre gorge se serre, vos yeux piquent, et vous ne sauriez pas<br \/>\nvraiment dire si c\u00a0\u00bbest de la tristesse, de la joie ou autre<br \/>\nchose.<\/p>\n<p>Contrairement \u00e0 ce que l&rsquo;on croit souvent, ce genre de r\u00e9action<br \/>\nn&rsquo;a rien d&rsquo;exceptionnel. Des travaux cit\u00e9s par le neuroscientifique<br \/>\nam\u00e9ricain R. Douglas Fields indiquent qu&rsquo;environ 90 % des personnes<br \/>\nont d\u00e9j\u00e0 pleur\u00e9 \u00e0 cause d&rsquo;une musique. Si vous vous surprenez \u00e0<br \/>\n<strong>pleurer en \u00e9coutant de la musique<\/strong> quand personne<br \/>\nn&rsquo;est l\u00e0, cette sensibilit\u00e9 raconte m\u00eame beaucoup de choses sur<br \/>\nvotre fa\u00e7on de ressentir le monde.<\/p>\n<p>Pleurer en \u00e9coutant de la musique, un ph\u00e9nom\u00e8ne courant et tr\u00e8s<br \/>\nhumain<\/p>\n<p>\u00ab\u00a0The phenomenon of crying sparked by music is an interesting,<br \/>\nbut little-studied behavior\u00a0\u00bb, explique R. Douglas Fields, cit\u00e9 par<br \/>\ngeediting.com. Ses travaux indiquent que, parmi les personnes qui<br \/>\nversent des larmes sur une chanson, environ 63 % parlent d&rsquo;une<br \/>\n\u00e9motion proche de la tristesse et 37 % d&rsquo;un sentiment<br \/>\nd&rsquo;\u00e9merveillement. Vos larmes ne sont donc pas forc\u00e9ment un signe de<br \/>\nmal-\u00eatre ; elles peuvent aussi traduire un choc de beaut\u00e9.<\/p>\n<p>Les recherches en neuropsychologie d\u00e9crites par S\u00e9verine Samson<br \/>\net Delphine Dellacherie montrent que la musique active les aires<br \/>\nauditives, le cortex frontal, l&rsquo;amygdale et le striatum ventral,<br \/>\nr\u00e9gions li\u00e9es \u00e0 la r\u00e9compense. Elle peut provoquer des r\u00e9actions<br \/>\nphysiques, comme le fameux <strong>frisson musical<\/strong>, et<br \/>\nfait bouger deux curseurs : la valence (agr\u00e9able ou d\u00e9sagr\u00e9able) et<br \/>\nl&rsquo;intensit\u00e9 (calmante ou tr\u00e8s stimulante). Quand un morceau coche<br \/>\nces param\u00e8tres pour vous, la larme devient presque logique.<\/p>\n<p>Neuf traits \u00e9motionnels souvent cach\u00e9s derri\u00e8re ces larmes<\/p>\n<p>Les personnes que la musique \u00e9meut aux larmes partagent<br \/>\nfr\u00e9quemment un m\u00eame profil affectif. Dans la litt\u00e9rature<br \/>\nscientifique et psychologique, on retrouve neuf traits qui<br \/>\nreviennent sans cesse :<\/p>\n<ul>\n<li><strong>Profondeur \u00e9motionnelle<\/strong><\/li>\n<li><strong>Ouverture \u00e0 l&rsquo;exp\u00e9rience<\/strong><\/li>\n<li>Traitement par l&rsquo;art<\/li>\n<li><strong>Empathie \u00e9lev\u00e9e<\/strong><\/li>\n<li>Vuln\u00e9rabilit\u00e9 assum\u00e9e en priv\u00e9<\/li>\n<li>Sensibilit\u00e9 esth\u00e9tique<\/li>\n<li>R\u00e9gulation \u00e9motionnelle<\/li>\n<li>Frisson fr\u00e9quent<\/li>\n<li>Sensibilit\u00e9 comme force et <strong>intelligence<br \/>\n\u00e9motionnelle<\/strong><\/li>\n<\/ul>\n<p>Dans le corps, certaines \u00e9tudes rapprochent les larmes de pics<br \/>\nd&rsquo;ocytocine, hormone li\u00e9e au lien social, ce qui \u00e9voque une forte<br \/>\nempathie. Le fait de chercher une chanson pour traverser une<br \/>\nrupture ou un deuil montre aussi une capacit\u00e9 \u00e0 utiliser la musique<br \/>\ncomme outil de r\u00e9gulation, pas seulement comme distraction.<\/p>\n<p>Apprivoiser cette hypersensibilit\u00e9<br \/>\nmusicale au quotidien<\/p>\n<p>Vivre tout cela peut fatiguer quand on se sent d\u00e9j\u00e0 \u00e0 fleur de<br \/>\npeau. Cr\u00e9er des petits rituels aide souvent : choisir les moments<br \/>\no\u00f9 l&rsquo;on \u00e9coute les morceaux les plus charg\u00e9s en souvenirs, tenir un<br \/>\ncarnet pour noter ce qui remonte apr\u00e8s une s\u00e9ance d&rsquo;\u00e9coute, ou au<br \/>\ncontraire privil\u00e9gier des musiques apaisantes quand la journ\u00e9e a<br \/>\n\u00e9t\u00e9 \u00e9prouvante.<\/p>\n<p>Si les larmes deviennent constantes et s&rsquo;accompagnent d&rsquo;un<br \/>\nmal-\u00eatre g\u00e9n\u00e9ral, l&rsquo;appui d&rsquo;un professionnel de sant\u00e9 peut \u00eatre<br \/>\nutile ; en dehors de ce cas, cette intensit\u00e9 reste une fa\u00e7on parmi<br \/>\nd&rsquo;autres d&rsquo;\u00eatre humain. R. Douglas Fields rappelle d&rsquo;ailleurs :<br \/>\n\u00ab\u00a0Music is powerful stuff\u00a0\u00bb. Accepter que la musique vous traverse de<br \/>\ncette fa\u00e7on, c&rsquo;est simplement reconna\u00eetre ce pouvoir.<\/p>\n","protected":false},"excerpt":{"rendered":"Il y a ces moments \u00e9tranges o\u00f9, seul dans votre salon, un simple morceau au casque suffit \u00e0&hellip;\n","protected":false},"author":2,"featured_media":672314,"comment_status":"","ping_status":"","sticky":false,"template":"","format":"standard","meta":{"footnotes":""},"categories":[10],"tags":[4983,7078,1011,27,72,873,206,71,2072],"class_list":{"0":"post-672313","1":"post","2":"type-post","3":"status-publish","4":"format-standard","5":"has-post-thumbnail","7":"category-sante","8":"tag-bien-etre","9":"tag-etude","10":"tag-fr","11":"tag-france","12":"tag-health","13":"tag-musique","14":"tag-psycho","15":"tag-sante","16":"tag-sante-mentale"},"share_on_mastodon":{"url":"https:\/\/pubeurope.com\/@fr\/115916412264444359","error":""},"_links":{"self":[{"href":"https:\/\/www.europesays.com\/fr\/wp-json\/wp\/v2\/posts\/672313","targetHints":{"allow":["GET"]}}],"collection":[{"href":"https:\/\/www.europesays.com\/fr\/wp-json\/wp\/v2\/posts"}],"about":[{"href":"https:\/\/www.europesays.com\/fr\/wp-json\/wp\/v2\/types\/post"}],"author":[{"embeddable":true,"href":"https:\/\/www.europesays.com\/fr\/wp-json\/wp\/v2\/users\/2"}],"replies":[{"embeddable":true,"href":"https:\/\/www.europesays.com\/fr\/wp-json\/wp\/v2\/comments?post=672313"}],"version-history":[{"count":0,"href":"https:\/\/www.europesays.com\/fr\/wp-json\/wp\/v2\/posts\/672313\/revisions"}],"wp:featuredmedia":[{"embeddable":true,"href":"https:\/\/www.europesays.com\/fr\/wp-json\/wp\/v2\/media\/672314"}],"wp:attachment":[{"href":"https:\/\/www.europesays.com\/fr\/wp-json\/wp\/v2\/media?parent=672313"}],"wp:term":[{"taxonomy":"category","embeddable":true,"href":"https:\/\/www.europesays.com\/fr\/wp-json\/wp\/v2\/categories?post=672313"},{"taxonomy":"post_tag","embeddable":true,"href":"https:\/\/www.europesays.com\/fr\/wp-json\/wp\/v2\/tags?post=672313"}],"curies":[{"name":"wp","href":"https:\/\/api.w.org\/{rel}","templated":true}]}}