{"id":672398,"date":"2026-01-18T14:36:13","date_gmt":"2026-01-18T14:36:13","guid":{"rendered":"https:\/\/www.europesays.com\/fr\/672398\/"},"modified":"2026-01-18T14:36:13","modified_gmt":"2026-01-18T14:36:13","slug":"groenland-les-soldats-allemands-retournent-deja-en-allemagne","status":"publish","type":"post","link":"https:\/\/www.europesays.com\/fr\/672398\/","title":{"rendered":"Groenland &#8211; Les soldats allemands retournent d\u00e9j\u00e0 en Allemagne"},"content":{"rendered":"<p><img decoding=\"async\" class=\"w-full object-contain\" style=\"aspect-ratio:150 \/ 100;opacity:1\" alt=\"Groenland - Les soldats allemands retournent d\u00e9j\u00e0 en Allemagne\" width=\"512\" height=\"341\" fetchpriority=\"high\" src=\"https:\/\/www.europesays.com\/fr\/wp-content\/uploads\/2026\/01\/DU3URNB3CRCJTLWXSHQB7LCQII.jpg\"  \/><\/p>\n<p class=\"ap-StoryElement ap-StoryElement--mb ap-StoryText\">Le quotidien Bild avait d\u00e9j\u00e0 annonc\u00e9 le retour des soldats allemands en diffusant une photo d&rsquo;eux \u00e0 l&rsquo;a\u00e9roport, o\u00f9 ils doivent prendre un vol Icelandair.<\/p>\n<p class=\"ap-StoryElement ap-StoryElement--mb ap-StoryText\">L&rsquo;\u00e9quipe allemande est arriv\u00e9e vendredi dans la capitale, Nuuk, afin d&rsquo;explorer les conditions pour l&rsquo;exercice militaire. La dur\u00e9e de la mission \u00e9tait impossible \u00e0 pr\u00e9voir, avait-il \u00e9t\u00e9 annonc\u00e9 samedi soir.<\/p>\n<p class=\"ap-StoryElement ap-StoryElement--mb ap-StoryText\">Un porte-parole de l&rsquo;arm\u00e9e indique \u00e0 pr\u00e9sent que les militaires ont rempli leur mission. \u00ab\u00a0Les r\u00e9sultats de la reconnaissance seront \u00e9valu\u00e9s dans les prochains jours.\u00a0\u00bb<\/p>\n","protected":false},"excerpt":{"rendered":"Le quotidien Bild avait d\u00e9j\u00e0 annonc\u00e9 le retour des soldats allemands en diffusant une photo d&rsquo;eux \u00e0 l&rsquo;a\u00e9roport,&hellip;\n","protected":false},"author":2,"featured_media":2837,"comment_status":"","ping_status":"","sticky":false,"template":"","format":"standard","meta":{"footnotes":""},"categories":[1587],"tags":[11,672,1804,2120,145,1805,1803,312,73,1777,674,1801,146,12,1802],"class_list":{"0":"post-672398","1":"post","2":"type-post","3":"status-publish","4":"format-standard","5":"has-post-thumbnail","7":"category-allemagne","8":"tag-actualites","9":"tag-allemagne","10":"tag-bundesrepublik-deutschland","11":"tag-conflit","12":"tag-danemark","13":"tag-de","14":"tag-deutschland","15":"tag-diplomatie","16":"tag-etats-unis","17":"tag-eu","18":"tag-europe","19":"tag-germany","20":"tag-groenland","21":"tag-news","22":"tag-republique-federale-dallemagne"},"share_on_mastodon":{"url":"https:\/\/pubeurope.com\/@fr\/115916609026616357","error":""},"_links":{"self":[{"href":"https:\/\/www.europesays.com\/fr\/wp-json\/wp\/v2\/posts\/672398","targetHints":{"allow":["GET"]}}],"collection":[{"href":"https:\/\/www.europesays.com\/fr\/wp-json\/wp\/v2\/posts"}],"about":[{"href":"https:\/\/www.europesays.com\/fr\/wp-json\/wp\/v2\/types\/post"}],"author":[{"embeddable":true,"href":"https:\/\/www.europesays.com\/fr\/wp-json\/wp\/v2\/users\/2"}],"replies":[{"embeddable":true,"href":"https:\/\/www.europesays.com\/fr\/wp-json\/wp\/v2\/comments?post=672398"}],"version-history":[{"count":0,"href":"https:\/\/www.europesays.com\/fr\/wp-json\/wp\/v2\/posts\/672398\/revisions"}],"wp:featuredmedia":[{"embeddable":true,"href":"https:\/\/www.europesays.com\/fr\/wp-json\/wp\/v2\/media\/2837"}],"wp:attachment":[{"href":"https:\/\/www.europesays.com\/fr\/wp-json\/wp\/v2\/media?parent=672398"}],"wp:term":[{"taxonomy":"category","embeddable":true,"href":"https:\/\/www.europesays.com\/fr\/wp-json\/wp\/v2\/categories?post=672398"},{"taxonomy":"post_tag","embeddable":true,"href":"https:\/\/www.europesays.com\/fr\/wp-json\/wp\/v2\/tags?post=672398"}],"curies":[{"name":"wp","href":"https:\/\/api.w.org\/{rel}","templated":true}]}}