{"id":672491,"date":"2026-01-18T15:33:14","date_gmt":"2026-01-18T15:33:14","guid":{"rendered":"https:\/\/www.europesays.com\/fr\/672491\/"},"modified":"2026-01-18T15:33:14","modified_gmt":"2026-01-18T15:33:14","slug":"comment-les-autorites-souhaitent-encadrer-les-3300-supporters-anglais-attendus-a-marseille","status":"publish","type":"post","link":"https:\/\/www.europesays.com\/fr\/672491\/","title":{"rendered":"comment les autorit\u00e9s souhaitent encadrer les 3300 supporters anglais attendus \u00e0 Marseille"},"content":{"rendered":"<p>Les joueurs de Liverpool ne marchent jamais seuls. Ce sera encore le cas \u00e0 Marseille, ce mercredi, pour le compte de l\u2019avant-derni\u00e8re journ\u00e9e de la phase de ligue de Ligue des champions et ce, malgr\u00e9 la mauvaise passe sportive <a href=\"https:\/\/www.laprovence.com\/article\/om\/46672603622894\/om-ligue-des-champions-mercato-record-et-air-de-revanche-lanalyse-de-liverpool-adversaire-prestigieux-des-olympiens\" target=\"_blank\" rel=\"noopener\">des partenaires d\u2019Hugo Ekitike<\/a>, accroch\u00e9s contre Burnley (1-1) samedi.<\/p>\n<p>Au moins 3300 supporters des Reds sont attendus sur le Vieux-Port et vont arriver en ordre dispers\u00e9 dans les prochaines heures. Les autorit\u00e9s veillent \u00e0 ce que tout se passe du mieux possible afin que ce rendez-vous reste une f\u00eate et se d\u00e9roule sans le moindre probl\u00e8me.<\/p>\n<p>Elles ont pr\u00e9vu de d\u00e9ployer un dispositif particulier et ce, d\u00e8s mardi, la veille du match, \u00e0 l\u2019image de ce qui avait \u00e9t\u00e9 mis sur pied pour <a href=\"https:\/\/www.laprovence.com\/article\/om\/15624656470728\/om-newcastle-tout-sur-les-mesures-prises-et-le-dispositif-deploye-pour-encadrer-la-venue-des-3300-supporters-anglais\" target=\"_blank\" rel=\"noopener\">la r\u00e9ception des fid\u00e8les de Newcastle (2-1), en novembre dernier, venus en Provence tout aussi nombreux<\/a>. Ainsi, des unit\u00e9s de forces mobiles viendront en renfort des effectifs locaux avec l\u2019objectif de garantir l\u2019ordre public. \u00ab\u00a0Aucun d\u00e9bordement ne sera tol\u00e9r\u00e9\u00a0\u00bb, pr\u00e9cise-t-on encore.<\/p>\n<p>Rendez-vous \u00e0 la Joliette<\/p>\n<p>L\u2019accueil des supporters anglais aura un go\u00fbt de d\u00e9j\u00e0-vu puisque la place de la Joliette sera encore leur lieu de rendez-vous. Sur place, ils pourront patienter dans les commerces alentour, le tout sous la surveillance des forces de l\u2019ordre, avant de mettre le cap sur le stade V\u00e9lodrome en m\u00e9tro dans des rames d\u00e9di\u00e9es, histoire d\u2019\u00e9viter tout contact avec les fid\u00e8les olympiens, qui tr\u00e9pignent avant ce duel majuscule.<\/p>\n","protected":false},"excerpt":{"rendered":"Les joueurs de Liverpool ne marchent jamais seuls. Ce sera encore le cas \u00e0 Marseille, ce mercredi, pour&hellip;\n","protected":false},"author":2,"featured_media":672492,"comment_status":"","ping_status":"","sticky":false,"template":"","format":"standard","meta":{"footnotes":""},"categories":[2814],"tags":[5734,1111,11,11592,20,77188,1777,674,1011,27,151,884,12,149,77186,882,25,77187],"class_list":{"0":"post-672491","1":"post","2":"type-post","3":"status-publish","4":"format-standard","5":"has-post-thumbnail","7":"category-marseille","8":"tag-5734","9":"tag-actu","10":"tag-actualites","11":"tag-autorites","12":"tag-comment","13":"tag-encadrer","14":"tag-eu","15":"tag-europe","16":"tag-fr","17":"tag-france","18":"tag-les","19":"tag-marseille","20":"tag-news","21":"tag-om","22":"tag-om-liverpool","23":"tag-provence-alpes-cote-dazur","24":"tag-republique-francaise","25":"tag-souhaitent"},"share_on_mastodon":{"url":"https:\/\/pubeurope.com\/@fr\/115916833025649155","error":""},"_links":{"self":[{"href":"https:\/\/www.europesays.com\/fr\/wp-json\/wp\/v2\/posts\/672491","targetHints":{"allow":["GET"]}}],"collection":[{"href":"https:\/\/www.europesays.com\/fr\/wp-json\/wp\/v2\/posts"}],"about":[{"href":"https:\/\/www.europesays.com\/fr\/wp-json\/wp\/v2\/types\/post"}],"author":[{"embeddable":true,"href":"https:\/\/www.europesays.com\/fr\/wp-json\/wp\/v2\/users\/2"}],"replies":[{"embeddable":true,"href":"https:\/\/www.europesays.com\/fr\/wp-json\/wp\/v2\/comments?post=672491"}],"version-history":[{"count":0,"href":"https:\/\/www.europesays.com\/fr\/wp-json\/wp\/v2\/posts\/672491\/revisions"}],"wp:featuredmedia":[{"embeddable":true,"href":"https:\/\/www.europesays.com\/fr\/wp-json\/wp\/v2\/media\/672492"}],"wp:attachment":[{"href":"https:\/\/www.europesays.com\/fr\/wp-json\/wp\/v2\/media?parent=672491"}],"wp:term":[{"taxonomy":"category","embeddable":true,"href":"https:\/\/www.europesays.com\/fr\/wp-json\/wp\/v2\/categories?post=672491"},{"taxonomy":"post_tag","embeddable":true,"href":"https:\/\/www.europesays.com\/fr\/wp-json\/wp\/v2\/tags?post=672491"}],"curies":[{"name":"wp","href":"https:\/\/api.w.org\/{rel}","templated":true}]}}