{"id":672604,"date":"2026-01-18T16:45:13","date_gmt":"2026-01-18T16:45:13","guid":{"rendered":"https:\/\/www.europesays.com\/fr\/672604\/"},"modified":"2026-01-18T16:45:13","modified_gmt":"2026-01-18T16:45:13","slug":"ce-que-les-habitants-des-11e-12e-attendent-de-leur-future-maire","status":"publish","type":"post","link":"https:\/\/www.europesays.com\/fr\/672604\/","title":{"rendered":"ce que les habitants des 11e-12e attendent de leur futur(e) maire"},"content":{"rendered":"<p>Eric, 53\u00a0ans, aide-soignant&#13;\n<\/p>\n<p>\u00ab\u00a0J&rsquo;attends que le maire soit celui qui est \u00e9lu\u00a0\u00bb<\/p>\n<p>\u00ab\u00a0J&rsquo;ai vraiment l&rsquo;impression que les politicards ne vivent pas comme nous et ne nous comprennent pas. Alors je ne sais pas encore si je vais voter ou non. Aux deux derni\u00e8res pr\u00e9sidentielles, je n&rsquo;y suis pas all\u00e9, mais aux municipales de\u00a02020, j&rsquo;ai vot\u00e9 Mich\u00e8le Rubirola.<\/p>\n<p>Et je n&rsquo;ai d&rsquo;ailleurs toujours pas dig\u00e9r\u00e9 ce switch avec Beno\u00eet Payan. Alors d\u00e9j\u00e0, j&rsquo;attends que le maire soit celui qui est \u00e9lu\u00a0! Apr\u00e8s, je trouve que le centre-ville s&rsquo;appauvrit. La Canebi\u00e8re, aujourd&rsquo;hui, c&rsquo;est cheap. Et on ne s&rsquo;y sent pas en s\u00e9curit\u00e9. Ici, \u00e0 la Fourrag\u00e8re, c&rsquo;est pr\u00e9serv\u00e9, mais nous avons toujours la crainte que la drogue et ses probl\u00e8mes finissent par arriver.\u00a0\u00bb<\/p>\n<p>Martine, 65\u00a0ans, salari\u00e9e dans une association&#13;\n<\/p>\n<p>\u00ab\u00a035\u00a0ans que je demande une cr\u00e8che municipale\u00a0\u00bb<\/p>\n<p>\u00ab\u00a0Aux Accates, la population augmente, mais nous avons toujours une \u00e9cole en pr\u00e9fabriqu\u00e9 et pas de cr\u00e8che municipale. J&rsquo;en demandais d\u00e9j\u00e0 une quand j&rsquo;avais 30\u00a0ans, j&rsquo;en ai 65 aujourd&rsquo;hui\u00a0! Et il faut revoir la circulation\u00a0: nous ne pouvons pas nous d\u00e9placer \u00e0 pied ou \u00e0 v\u00e9lo car nous n&rsquo;avons ni trottoir ni piste cyclable. Nous avons aussi besoin d&rsquo;un lieu pour des activit\u00e9s cultur&#8230;<\/p>\n","protected":false},"excerpt":{"rendered":"Eric, 53\u00a0ans, aide-soignant&#13; \u00ab\u00a0J&rsquo;attends que le maire soit celui qui est \u00e9lu\u00a0\u00bb \u00ab\u00a0J&rsquo;ai vraiment l&rsquo;impression que les politicards&hellip;\n","protected":false},"author":2,"featured_media":672605,"comment_status":"","ping_status":"","sticky":false,"template":"","format":"standard","meta":{"footnotes":""},"categories":[2814],"tags":[5734,1111,11,154,1777,674,1011,27,4021,151,884,3554,12,316,882,746,25],"class_list":{"0":"post-672604","1":"post","2":"type-post","3":"status-publish","4":"format-standard","5":"has-post-thumbnail","7":"category-marseille","8":"tag-5734","9":"tag-actu","10":"tag-actualites","11":"tag-des","12":"tag-eu","13":"tag-europe","14":"tag-fr","15":"tag-france","16":"tag-habitants","17":"tag-les","18":"tag-marseille","19":"tag-municipales","20":"tag-news","21":"tag-politique","22":"tag-provence-alpes-cote-dazur","23":"tag-que","24":"tag-republique-francaise"},"share_on_mastodon":{"url":"https:\/\/pubeurope.com\/@fr\/115917116228483905","error":""},"_links":{"self":[{"href":"https:\/\/www.europesays.com\/fr\/wp-json\/wp\/v2\/posts\/672604","targetHints":{"allow":["GET"]}}],"collection":[{"href":"https:\/\/www.europesays.com\/fr\/wp-json\/wp\/v2\/posts"}],"about":[{"href":"https:\/\/www.europesays.com\/fr\/wp-json\/wp\/v2\/types\/post"}],"author":[{"embeddable":true,"href":"https:\/\/www.europesays.com\/fr\/wp-json\/wp\/v2\/users\/2"}],"replies":[{"embeddable":true,"href":"https:\/\/www.europesays.com\/fr\/wp-json\/wp\/v2\/comments?post=672604"}],"version-history":[{"count":0,"href":"https:\/\/www.europesays.com\/fr\/wp-json\/wp\/v2\/posts\/672604\/revisions"}],"wp:featuredmedia":[{"embeddable":true,"href":"https:\/\/www.europesays.com\/fr\/wp-json\/wp\/v2\/media\/672605"}],"wp:attachment":[{"href":"https:\/\/www.europesays.com\/fr\/wp-json\/wp\/v2\/media?parent=672604"}],"wp:term":[{"taxonomy":"category","embeddable":true,"href":"https:\/\/www.europesays.com\/fr\/wp-json\/wp\/v2\/categories?post=672604"},{"taxonomy":"post_tag","embeddable":true,"href":"https:\/\/www.europesays.com\/fr\/wp-json\/wp\/v2\/tags?post=672604"}],"curies":[{"name":"wp","href":"https:\/\/api.w.org\/{rel}","templated":true}]}}