{"id":672632,"date":"2026-01-18T17:00:12","date_gmt":"2026-01-18T17:00:12","guid":{"rendered":"https:\/\/www.europesays.com\/fr\/672632\/"},"modified":"2026-01-18T17:00:12","modified_gmt":"2026-01-18T17:00:12","slug":"leurope-face-au-defi-technologique-chinois","status":"publish","type":"post","link":"https:\/\/www.europesays.com\/fr\/672632\/","title":{"rendered":"L\u2019Europe face au d\u00e9fi technologique chinois"},"content":{"rendered":"<p>Cette ann\u00e9e pourrait \u00eatre explosive sur le terrain de la souverainet\u00e9 num\u00e9rique. On le devine assez facilement, c\u00f4t\u00e9 am\u00e9ricain, l\u2019alliance entre la Silicon Valley et la Maison-Blanche va exercer une pression maximale sur la r\u00e9gulation technologique europ\u00e9enne. Apr\u00e8s le bras de fer entre Bruxelles et X, d\u2019autres suivront tr\u00e8s rapidement. Et l\u2019Europe, comme la Suisse, va se poser de plus en plus de questions sur sa d\u00e9pendance \u00e0 l\u2019\u00e9gard des solutions am\u00e9ricaines. Sans forc\u00e9ment trouver de r\u00e9ponses.<\/p>\n<p>Il faudra aussi se pr\u00e9parer \u00e0 un autre bras de fer potentiel, avec la Chine. Car il est tout \u00e0 fait possible que l\u2019Union europ\u00e9enne cherche \u00e0 bannir tout ou partie des \u00e9quipements technologiques venant de l\u2019Empire du Milieu, pour des raisons de s\u00e9curit\u00e9. Cela fait des ann\u00e9es que les Etats-Unis ont banni des fournisseurs tel Huawei. D\u00e9sormais, l\u2019Europe pourrait faire de m\u00eame, avec a priori des cons\u00e9quences majeures.<\/p>\n","protected":false},"excerpt":{"rendered":"Cette ann\u00e9e pourrait \u00eatre explosive sur le terrain de la souverainet\u00e9 num\u00e9rique. On le devine assez facilement, c\u00f4t\u00e9&hellip;\n","protected":false},"author":2,"featured_media":672633,"comment_status":"","ping_status":"","sticky":false,"template":"","format":"standard","meta":{"footnotes":""},"categories":[1586],"tags":[11,2163,18738,1075,1777,674,1011,27,12,301,25],"class_list":{"0":"post-672632","1":"post","2":"type-post","3":"status-publish","4":"format-standard","5":"has-post-thumbnail","7":"category-europe","8":"tag-actualites","9":"tag-chroniques","10":"tag-cyber","11":"tag-cybersecurite","12":"tag-eu","13":"tag-europe","14":"tag-fr","15":"tag-france","16":"tag-news","17":"tag-premium","18":"tag-republique-francaise"},"share_on_mastodon":{"url":"https:\/\/pubeurope.com\/@fr\/115917175144338942","error":""},"_links":{"self":[{"href":"https:\/\/www.europesays.com\/fr\/wp-json\/wp\/v2\/posts\/672632","targetHints":{"allow":["GET"]}}],"collection":[{"href":"https:\/\/www.europesays.com\/fr\/wp-json\/wp\/v2\/posts"}],"about":[{"href":"https:\/\/www.europesays.com\/fr\/wp-json\/wp\/v2\/types\/post"}],"author":[{"embeddable":true,"href":"https:\/\/www.europesays.com\/fr\/wp-json\/wp\/v2\/users\/2"}],"replies":[{"embeddable":true,"href":"https:\/\/www.europesays.com\/fr\/wp-json\/wp\/v2\/comments?post=672632"}],"version-history":[{"count":0,"href":"https:\/\/www.europesays.com\/fr\/wp-json\/wp\/v2\/posts\/672632\/revisions"}],"wp:featuredmedia":[{"embeddable":true,"href":"https:\/\/www.europesays.com\/fr\/wp-json\/wp\/v2\/media\/672633"}],"wp:attachment":[{"href":"https:\/\/www.europesays.com\/fr\/wp-json\/wp\/v2\/media?parent=672632"}],"wp:term":[{"taxonomy":"category","embeddable":true,"href":"https:\/\/www.europesays.com\/fr\/wp-json\/wp\/v2\/categories?post=672632"},{"taxonomy":"post_tag","embeddable":true,"href":"https:\/\/www.europesays.com\/fr\/wp-json\/wp\/v2\/tags?post=672632"}],"curies":[{"name":"wp","href":"https:\/\/api.w.org\/{rel}","templated":true}]}}