{"id":672640,"date":"2026-01-18T17:04:12","date_gmt":"2026-01-18T17:04:12","guid":{"rendered":"https:\/\/www.europesays.com\/fr\/672640\/"},"modified":"2026-01-18T17:04:12","modified_gmt":"2026-01-18T17:04:12","slug":"miss-ronde-et-mister-rond-france-2026-sacres-a-plabennec","status":"publish","type":"post","link":"https:\/\/www.europesays.com\/fr\/672640\/","title":{"rendered":"Miss ronde et Mister rond France 2026 sacr\u00e9s \u00e0 Plabennec"},"content":{"rendered":"<p>Samedi 17 janvier 2026, la salle Marcel-Bouguen, \u00e0 Plabennec a accueilli l\u2019\u00e9lection de Miss ronde et de Mister rond France 2026. Huit \u00e9lues dans diff\u00e9rentes r\u00e9gions fran\u00e7aises et deux hommes se sont affront\u00e9s. \u00ab\u00a0Cela fait neuf ans que j\u2019organise ce concours et pour les dix ans, j\u2019aimerais que toutes les r\u00e9gions soient repr\u00e9sent\u00e9es. Ce concours est important car il aide les personnes rondes \u00e0 s\u2019affirmer\u00a0\u00bb, d\u00e9clare Annie-Claude Coeuriot, pr\u00e9sidente du Comit\u00e9 Miss Ronde France, venue sp\u00e9cialement de la R\u00e9union.<\/p>\n<p><img decoding=\"async\" src=\"https:\/\/www.europesays.com\/fr\/wp-content\/uploads\/2026\/01\/696d0fd21a53d7f46605f7dc.1.webp\" width=\"480\" height=\"300\" class=\"web_golden_m\" loading=\"lazy\" alt=\"Les candidats ont d\u00e9fil\u00e9 en tenue de soir\u00e9e.\"\/>Les candidats ont d\u00e9fil\u00e9 en tenue de soir\u00e9e.Des vainqueurs de Plouigneau et du Relecq-Kerhuon<\/p>\n<p>L\u2019an dernier, Oc\u00e9ane Le Her, Miss Ronde Bretagne, a gagn\u00e9 le concours national \u00e0 Nancy (54). C\u2019est elle qui s\u2019est charg\u00e9e de l\u2019organisation de cette \u00e9dition \u00e0 Plabennec. Plusieurs passages, en costume de leur r\u00e9gion, en tenue de ville, en maillot de bain et en tenue de soir\u00e9e, ont permis aux candidats de se pr\u00e9senter. Chacun a \u00e9galement d\u00fb r\u00e9pondre \u00e0 une question du jury.<\/p>\n","protected":false},"excerpt":{"rendered":"Samedi 17 janvier 2026, la salle Marcel-Bouguen, \u00e0 Plabennec a accueilli l\u2019\u00e9lection de Miss ronde et de Mister&hellip;\n","protected":false},"author":2,"featured_media":672641,"comment_status":"","ping_status":"","sticky":false,"template":"","format":"standard","meta":{"footnotes":""},"categories":[4],"tags":[11,1063,3450,1011,27,11202,2131,12,22312,7978,25],"class_list":{"0":"post-672640","1":"post","2":"type-post","3":"status-publish","4":"format-standard","5":"has-post-thumbnail","7":"category-france","8":"tag-actualites","9":"tag-animations","10":"tag-brest","11":"tag-fr","12":"tag-france","13":"tag-le-relecq-kerhuon","14":"tag-morlaix","15":"tag-news","16":"tag-plabennec","17":"tag-plouigneau","18":"tag-republique-francaise"},"share_on_mastodon":{"url":"https:\/\/pubeurope.com\/@fr\/115917190914543237","error":""},"_links":{"self":[{"href":"https:\/\/www.europesays.com\/fr\/wp-json\/wp\/v2\/posts\/672640","targetHints":{"allow":["GET"]}}],"collection":[{"href":"https:\/\/www.europesays.com\/fr\/wp-json\/wp\/v2\/posts"}],"about":[{"href":"https:\/\/www.europesays.com\/fr\/wp-json\/wp\/v2\/types\/post"}],"author":[{"embeddable":true,"href":"https:\/\/www.europesays.com\/fr\/wp-json\/wp\/v2\/users\/2"}],"replies":[{"embeddable":true,"href":"https:\/\/www.europesays.com\/fr\/wp-json\/wp\/v2\/comments?post=672640"}],"version-history":[{"count":0,"href":"https:\/\/www.europesays.com\/fr\/wp-json\/wp\/v2\/posts\/672640\/revisions"}],"wp:featuredmedia":[{"embeddable":true,"href":"https:\/\/www.europesays.com\/fr\/wp-json\/wp\/v2\/media\/672641"}],"wp:attachment":[{"href":"https:\/\/www.europesays.com\/fr\/wp-json\/wp\/v2\/media?parent=672640"}],"wp:term":[{"taxonomy":"category","embeddable":true,"href":"https:\/\/www.europesays.com\/fr\/wp-json\/wp\/v2\/categories?post=672640"},{"taxonomy":"post_tag","embeddable":true,"href":"https:\/\/www.europesays.com\/fr\/wp-json\/wp\/v2\/tags?post=672640"}],"curies":[{"name":"wp","href":"https:\/\/api.w.org\/{rel}","templated":true}]}}