{"id":672667,"date":"2026-01-18T17:23:11","date_gmt":"2026-01-18T17:23:11","guid":{"rendered":"https:\/\/www.europesays.com\/fr\/672667\/"},"modified":"2026-01-18T17:23:11","modified_gmt":"2026-01-18T17:23:11","slug":"sa-maison-denfance-a-auffay-en-normandie","status":"publish","type":"post","link":"https:\/\/www.europesays.com\/fr\/672667\/","title":{"rendered":"sa maison d\u2019enfance \u00e0 Auffay, en Normandie"},"content":{"rendered":"<p>Astronaute fran\u00e7ais parmi <strong>les plus connus au<br \/>\nmonde<\/strong>, Thomas Pesquet incarne l\u2019exploration, la science et<br \/>\nle d\u00e9passement de soi. Pourtant, derri\u00e8re les missions spatiales et<br \/>\nles images de la Terre vues de l\u2019orbite, demeure <a href=\"https:\/\/www.lejournaldelamaison.fr\/le-journal-de-la-maison\/reportages-maisons\/maisons-reportages-maisons\/karin-viard-habitait-residence-bois-guillaume-cote-rouen-avec-vaches-sous-fenetres-maison-familiale-normandie-elle-vecu-avec-grands-parents-530186.html\" target=\"_blank\" rel=\"noopener\"><br \/>\nune histoire profond\u00e9ment ancr\u00e9e en Normandie<\/a>. N\u00e9 \u00e0 Rouen le 27<br \/>\nf\u00e9vrier 1978, il a grandi loin des projecteurs, dans <strong>un<br \/>\nquotidien simple et organis\u00e9<\/strong>. Un attachement au territoire<br \/>\nqu\u2019<strong>il revendique encore aujourd\u2019hui<\/strong> avec<br \/>\nsinc\u00e9rit\u00e9.<\/p>\n<p>Thomas Pesquet, une enfance fondatrice en Normandie<\/p>\n<p>C\u2019est <strong>\u00e0 Auffay<\/strong>, aujourd\u2019hui int\u00e9gr\u00e9e \u00e0 la<br \/>\ncommune nouvelle de Val-de-Scie, que Thomas Pesquet passe<br \/>\n<strong>les seize premi\u00e8res ann\u00e9es de sa vie<\/strong>. Il y<br \/>\nfr\u00e9quente l\u2019\u00e9cole et le coll\u00e8ge, s\u2019impr\u00e9gnant d\u2019<strong>un<br \/>\nenvironnement calme<\/strong>, propice \u00e0 la curiosit\u00e9 et \u00e0<br \/>\nl\u2019observation. <a href=\"https:\/\/www.lejournaldelamaison.fr\/le-journal-de-la-maison\/reportages-maisons\/claude-nougaro-maison-natale-toulouse-a-vendre-531377.html\" target=\"_blank\" rel=\"noopener\"><br \/>\nSa maison d\u2019enfance<\/a>, <strong>situ\u00e9e rue Gambetta<\/strong>, se<br \/>\ntrouve \u00e0 proximit\u00e9 imm\u00e9diate de la gare et du jardin public. Un<br \/>\np\u00e9rim\u00e8tre restreint, familier, qu\u2019il conna\u00eet dans ses moindres<br \/>\nd\u00e9tails.<\/p>\n<p>Ce lien intime au lieu <strong>n\u2019a jamais disparu<\/strong>. Lors<br \/>\nde l\u2019inauguration du jardin public portant son nom <strong>en<br \/>\nnovembre 2019<\/strong>, l\u2019astronaute rappelait l\u2019importance de cet<br \/>\nancrage. Il y \u00e9voquait <a href=\"https:\/\/www.lejournaldelamaison.fr\/le-journal-de-la-maison\/reportages-maisons\/maisons-campagne\/florent-pagny-envie-rapprocher-racines-craque-maison-isolee-echevannes-ferme-ancienne-pont-levis-douves-531716.html\" target=\"_blank\" rel=\"noopener\"><br \/>\nla n\u00e9cessit\u00e9 de comprendre ses racines<\/a> pour <strong>mieux<br \/>\nappr\u00e9hender le monde<\/strong> et s\u2019y confronter. Pour lui, Auffay<br \/>\nreste <strong>un point de r\u00e9f\u00e9rence<\/strong>, un rep\u00e8re stable face<br \/>\n\u00e0 une vie tourn\u00e9e vers l\u2019ailleurs.<\/p>\n<p>Thomas Pesquet au lyc\u00e9e Corneille : un \u00e9l\u00e8ve d\u00e9j\u00e0<br \/>\nsingulier<\/p>\n<p>Apr\u00e8s Auffay, Thomas Pesquet <strong>poursuit sa scolarit\u00e9 \u00e0<br \/>\nDieppe<\/strong>, puis <a href=\"https:\/\/www.lejournaldelamaison.fr\/le-journal-de-la-maison\/reportages-maisons\/maisons-reportages-maisons\/michel-bussi-auteur-succes-habite-dans-maison-volets-rouges-darnetal-banlieue-ouvriere-rouen-519451.html\" target=\"_blank\" rel=\"noopener\"><br \/>\n\u00e0 Rouen<\/a>, o\u00f9 il int\u00e8gre le lyc\u00e9e Corneille entre 1996 et 1998.<br \/>\nSes anciens enseignants gardent le souvenir d\u2019<strong>un \u00e9l\u00e8ve d\u00e9j\u00e0<br \/>\n\u00e0 part<\/strong>. Pos\u00e9, r\u00e9fl\u00e9chi, \u00e0 l\u2019aise dans l\u2019ensemble des<br \/>\ndisciplines, il se distinguait autant par ses capacit\u00e9s que par son<br \/>\nattitude. Une forme de maturit\u00e9 tranquille, <strong>rare \u00e0 cet<br \/>\n\u00e2ge<\/strong>.<\/p>\n<p>Olivier Decultot, l\u2019un de ses professeurs de sciences, souligne<br \/>\n\u00e9galement <strong>sa grande humilit\u00e9<\/strong>. Jamais d\u00e9monstratif,<br \/>\nThomas Pesquet avan\u00e7ait avec constance. Son exemple<br \/>\n<strong>continue d\u2019inspirer les \u00e9l\u00e8ves d\u2019aujourd\u2019hui<\/strong>, en<br \/>\nleur montrant que, avec de la pers\u00e9v\u00e9rance et de la passion,<br \/>\n<strong>tout est possible<\/strong>, m\u00eame les r\u00eaves les plus<br \/>\nambitieux.<\/p>\n<blockquote class=\"instagram-media\" style=\"background: #ffffff;border: 0;margin: 1px;width: 100%;padding: 0;max-width: 500px;\" data-instgrm-permalink=\"https:\/\/www.instagram.com\/p\/DPoetLGDNuP\/?utm_source=ig_web_copy_link&amp;igsh=MzRlODBiNWFlZA==\" data-instgrm-version=\"14\"\/><p>\nDe la Normandie \u00e0 l\u2019espace, un lien<br \/>\njamais rompu<\/p>\n<p><a href=\"https:\/\/www.lejournaldelamaison.fr\/le-journal-de-la-maison\/reportages-maisons\/sylvain-tesson-ferme-normandie-les-piliers-de-la-mer-518360.html\" target=\"_blank\" rel=\"noopener\"><br \/>\nLa r\u00e9gion normande<\/a> n\u2019a jamais cess\u00e9 de suivre le parcours de<br \/>\nson astronaute. \u00c0 Auffay, le jardin public porte son nom ; \u00e0<br \/>\nRives-en-Seine, un gymnase <strong>lui rend \u00e9galement<br \/>\nhommage<\/strong>. Au lyc\u00e9e Corneille, un nouveau b\u00e2timent d\u00e9di\u00e9 aux<br \/>\nsciences est en cours de reconstruction et pourrait, avec son<br \/>\naccord, <strong>\u00eatre baptis\u00e9 Thomas-Pesquet<\/strong>. Une<br \/>\nreconnaissance sobre, mais profond\u00e9ment symbolique.<\/p>\n<p>Malgr\u00e9 une notori\u00e9t\u00e9 qui d\u00e9passe largement les fronti\u00e8res<br \/>\nfran\u00e7aises, Thomas Pesquet <strong>n\u2019a jamais rompu<\/strong> le<br \/>\nlien avec <a href=\"https:\/\/www.lejournaldelamaison.fr\/le-journal-de-la-maison\/reportages-maisons\/maisons-reportages-maisons\/daniel-balavoine-sa-maison-familiale-en-normandie-la-ou-tout-a-commence-529846.html\" target=\"_blank\" rel=\"noopener\"><br \/>\nsa r\u00e9gion natale<\/a>. Depuis la Station spatiale internationale, il<br \/>\ncontinue de photographier la Normandie, comme <strong>un clin d\u2019\u0153il<br \/>\n\u00e0 ses origines<\/strong>. De l\u2019espace \u00e0 la rue Gambetta, le chemin<br \/>\nparcouru est immense. Pourtant, son attachement \u00e0 ses racines<br \/>\n<strong>est rest\u00e9 intact<\/strong> !<\/p>\n<p><script async src=\"\/\/www.instagram.com\/embed.js\"><\/script><\/p>\n","protected":false},"excerpt":{"rendered":"Astronaute fran\u00e7ais parmi les plus connus au monde, Thomas Pesquet incarne l\u2019exploration, la science et le d\u00e9passement de&hellip;\n","protected":false},"author":2,"featured_media":672668,"comment_status":"","ping_status":"","sticky":false,"template":"","format":"standard","meta":{"footnotes":""},"categories":[7],"tags":[13041,77205,17488,32672,57784,1446,3026,13108,1011,27,9103,757,2142,17937,5161,10650,54702,77203,15864,40823,77204,10649,43,40,41,39,3333,42,44,9134],"class_list":{"0":"post-672667","1":"post","2":"type-post","3":"status-publish","4":"format-standard","5":"has-post-thumbnail","7":"category-sciences-et-technologies","8":"tag-a","9":"tag-auffay","10":"tag-ce","11":"tag-chaque","12":"tag-connais","13":"tag-dans","14":"tag-en","15":"tag-familiale","16":"tag-fr","17":"tag-france","18":"tag-ici","19":"tag-je","20":"tag-maison","21":"tag-mes","22":"tag-normandie","23":"tag-ou","24":"tag-perimetre","25":"tag-pesquet","26":"tag-petit","27":"tag-racines","28":"tag-recoin","29":"tag-sa","30":"tag-science","31":"tag-science-and-technology","32":"tag-sciences","33":"tag-sciences-et-technologies","34":"tag-sont","35":"tag-technologies","36":"tag-technology","37":"tag-thomas"},"share_on_mastodon":{"url":"https:\/\/pubeurope.com\/@fr\/115917265980738631","error":""},"_links":{"self":[{"href":"https:\/\/www.europesays.com\/fr\/wp-json\/wp\/v2\/posts\/672667","targetHints":{"allow":["GET"]}}],"collection":[{"href":"https:\/\/www.europesays.com\/fr\/wp-json\/wp\/v2\/posts"}],"about":[{"href":"https:\/\/www.europesays.com\/fr\/wp-json\/wp\/v2\/types\/post"}],"author":[{"embeddable":true,"href":"https:\/\/www.europesays.com\/fr\/wp-json\/wp\/v2\/users\/2"}],"replies":[{"embeddable":true,"href":"https:\/\/www.europesays.com\/fr\/wp-json\/wp\/v2\/comments?post=672667"}],"version-history":[{"count":0,"href":"https:\/\/www.europesays.com\/fr\/wp-json\/wp\/v2\/posts\/672667\/revisions"}],"wp:featuredmedia":[{"embeddable":true,"href":"https:\/\/www.europesays.com\/fr\/wp-json\/wp\/v2\/media\/672668"}],"wp:attachment":[{"href":"https:\/\/www.europesays.com\/fr\/wp-json\/wp\/v2\/media?parent=672667"}],"wp:term":[{"taxonomy":"category","embeddable":true,"href":"https:\/\/www.europesays.com\/fr\/wp-json\/wp\/v2\/categories?post=672667"},{"taxonomy":"post_tag","embeddable":true,"href":"https:\/\/www.europesays.com\/fr\/wp-json\/wp\/v2\/tags?post=672667"}],"curies":[{"name":"wp","href":"https:\/\/api.w.org\/{rel}","templated":true}]}}