{"id":67269,"date":"2025-05-01T16:18:09","date_gmt":"2025-05-01T16:18:09","guid":{"rendered":"https:\/\/www.europesays.com\/fr\/67269\/"},"modified":"2025-05-01T16:18:09","modified_gmt":"2025-05-01T16:18:09","slug":"notre-usine-va-crouler-a-dunkerque-les-salaries-darcelormittal-manifestent-contre-les-emplois-menaces-actualites","status":"publish","type":"post","link":"https:\/\/www.europesays.com\/fr\/67269\/","title":{"rendered":"\u00ab\u00a0Notre usine va crouler\u00a0\u00bb: \u00e0 Dunkerque, les salari\u00e9s d&rsquo;ArcelorMittal manifestent contre les emplois menac\u00e9s : Actualit\u00e9s"},"content":{"rendered":"<p class=\"lead \">\u00ab\u00a0On se demande ce qui va nous arriver\u00a0\u00bb: des centaines de personnes, dont des salari\u00e9s d&rsquo;ArcelorMittal inquiets, ont d\u00e9fil\u00e9 jeudi \u00e0 Dunkerque pour d\u00e9noncer la suppression annonc\u00e9e d&rsquo;environ 600 postes en France, notamment sur le site dunkerquois qui est le plus touch\u00e9.<\/p>\n<p class=\"lead \">Au son des tambours et dans une nu\u00e9e de drapeaux rouges de la CGT, les manifestants, dont certains en casque de chantier et chasubles rouges, ont scand\u00e9 leur col\u00e8re dans cette ville portuaire.<\/p>\n<p class=\"lead \">\u00ab\u00a0Confisquons les dividendes\u00a0\u00bb, \u00ab\u00a0Nationalisation d&rsquo;ArcelorMittal\u00a0\u00bb, ou encore \u00ab\u00a0Du m\u00e9tal sans Mittal\u00a0\u00bb, lit-on sur les affiches, en r\u00e9f\u00e9rence au propri\u00e9taire indien du g\u00e9ant de la sid\u00e9rurgie.<\/p>\n<p class=\"lead \"> Dans la foule, Bruno Copin, ouvrier en maintenance depuis 37 ans, craint pour sa fin de carri\u00e8re. \u00ab\u00a0J&rsquo;aurais aim\u00e9 aller jusqu&rsquo;\u00e0 la retraite. J&rsquo;ai 56 ans, si je suis licenci\u00e9, retrouver du boulot va \u00eatre gal\u00e8re\u00a0\u00bb, souffle-t-il, \u00e9mu. <\/p>\n<p class=\"lead \">\u00ab\u00a0M\u00eame si le m\u00e9tier peut \u00eatre dur &#8211; on transpire, on se salit &#8211; je suis content de venir travailler le matin\u00a0\u00bb, t\u00e9moigne l&rsquo;ouvrier qui d\u00e9nonce \u00ab\u00a0les b\u00e9n\u00e9fices \u00e9normes\u00a0\u00bb de son patron.<\/p>\n<p class=\"lead \">Arnaud, 48 ans, manager en maintenance \u00e9lectrique, dont le poste n&rsquo;est pas directement menac\u00e9, est venu soutenir ses coll\u00e8gues. Il se dit \u00ab\u00a0inquiet\u00a0\u00bb car depuis quelques ann\u00e9es \u00ab\u00a0toutes les installations\u00a0\u00bb et \u00ab\u00a0les conditions de travail se d\u00e9gradent\u00a0\u00bb.<\/p>\n<p class=\"lead \">\u00ab\u00a0Il n&rsquo;y a quasiment plus de budget pour la maintenance, nous sommes en mode pompier en permanence. Notre usine va crouler\u00a0\u00bb, lance-t-il. <\/p>\n<p class=\"lead \">Marine Devestel, 33 ans, travaille sur le site voisin de Mardyck depuis 13 ans. Elle d\u00e9nonce un manque de clart\u00e9 sur l&rsquo;avenir industriel du groupe.<\/p>\n<p class=\"lead \">\u00ab\u00a0On pense que c&rsquo;est la premi\u00e8re vague de suppressions. Mittal veut tout d\u00e9localiser en Inde, le projet de d\u00e9carbonation n&rsquo;avance pas, aucun chantier n&rsquo;est lanc\u00e9\u00a0\u00bb, selon elle. <\/p>\n<p class=\"lead \">\u00ab\u00a0Je suis la troisi\u00e8me g\u00e9n\u00e9ration \u00e0 travailler chez Arcelor apr\u00e8s mon grand-p\u00e8re, ma m\u00e8re et j&rsquo;aimerais pouvoir y finir ma carri\u00e8re\u00a0\u00bb, ajoute la trentenaire. Mais nous sommes \u00ab\u00a0d\u00e9motiv\u00e9s parce qu&rsquo;on se demande ce qui va nous arriver. C&rsquo;est injuste, car nous sommes d\u00e9localis\u00e9s pour les profits de milliardaires\u00a0\u00bb. <\/p>\n<p class=\"lead \">A ses c\u00f4t\u00e9s, sa m\u00e8re Catherine Kucharski, 64 ans, aujourd&rsquo;hui retrait\u00e9e apr\u00e8s 40 ans de maison, s&rsquo;inqui\u00e8te aussi. \u00ab\u00a0Si la sid\u00e9rurgie meurt ici, Dunkerque deviendra une ville morte.\u00a0\u00bb<\/p>\n<p class=\"lead \">&#8211; \u00ab\u00a0nationalisation\u00a0\u00bb &#8211;<\/p>\n<p class=\"lead \">\u00ab\u00a0On nous annonce bient\u00f4t 300 suppressions de postes\u00a0\u00bb, \u00e0 Dunkerque, \u00ab\u00a0on a peur que \u00e7a continue ensuite jusqu&rsquo;\u00e0 la fermeture de l&rsquo;usine\u00a0\u00bb, craint plus loin Jean-Baptiste Fran\u00e7ois, technicien logistique depuis 15 ans. Il veut \u00ab\u00a0plus de franchise et d&rsquo;honn\u00eatet\u00e9\u00a0\u00bb des dirigeants \u00ab\u00a0sur la situation et ce qui se pr\u00e9pare\u00a0\u00bb sur son site.<\/p>\n<p class=\"lead \">Pour Ga\u00ebtan Lecocq, de la CGT d&rsquo;ArcelorMittal Dunkerque, une telle fermeture serait un \u00ab\u00a0tsunami industriel, social\u00a0\u00bb. Il a appel\u00e9 \u00e0 une nouvelle mobilisation \u00e0 Paris le 13 mai \u00e0 l&rsquo;occasion d&rsquo;un CSE central.<\/p>\n<p class=\"lead \">Plusieurs responsables politiques de gauche ont rejoint le mouvement, dont le premier secr\u00e9taire du parti socialiste Olivier Faure, le d\u00e9put\u00e9 divers gauche Fran\u00e7ois Ruffin ou Marine Tondelier, secr\u00e9taire nationale des \u00c9cologistes.<\/p>\n<p class=\"lead \">Ils r\u00e9clament la relance du projet de d\u00e9carbonation des sites, une protection douani\u00e8re face \u00e0 la concurrence accrue de l&rsquo;acier chinois, une entr\u00e9e de l&rsquo;\u00c9tat au capital et refusent toute suppression de poste.<\/p>\n<p class=\"lead \">La direction d&rsquo;ArcelorMittal doit \u00eatre convoqu\u00e9e \u00ab\u00a0dans les deux ou trois semaines\u00a0\u00bb devant une commission d&rsquo;enqu\u00eate parlementaire sur les d\u00e9faillances des pouvoirs publics face \u00e0 la multiplication des plans de licenciements, annonce \u00e0 Dunkerque le d\u00e9put\u00e9 \u00e9cologiste Benjamin Lucas.<\/p>\n<p class=\"lead \">Le PS lui compte d\u00e9poser \u00ab\u00a0dans les prochains jours\u00a0\u00bb une proposition de loi de mise \u00ab\u00a0sous tutelle\u00a0\u00bb de l&rsquo;Etat du site d&rsquo;ArcelorMittal \u00e0 Dunkerque.<\/p>\n<p class=\"lead \">La d\u00e9put\u00e9e insoumise Aur\u00e9lie Trouv\u00e9, accuse de son c\u00f4t\u00e9 ArcelorMittal d&rsquo;organiser le \u00ab\u00a0sabotage\u00a0\u00bb des sites et \u00ab\u00a0la chute de la m\u00e9tallurgie fran\u00e7aise\u00a0\u00bb. \u00ab\u00a0Nous serons aux c\u00f4t\u00e9s des salari\u00e9s en lutte jusqu&rsquo;\u00e0 ce qu&rsquo;on obtienne la nationalisation des hauts fourneaux\u00a0\u00bb, s&rsquo;engage-t-elle. <\/p>\n<p class=\"lead \">Le plan pr\u00e9sent\u00e9 le 23 avril par le sid\u00e9rurgiste pr\u00e9voit la suppression de quelque 600 postes dans le Nord et l&rsquo;Est de la France.<\/p>\n<p class=\"lead \">Outre Dunkerque et Mardyck, ces suppressions concernent l&rsquo;usine de Florange (Moselle), et quatre autres sites, des entit\u00e9s employant au total quelque 7.100 salari\u00e9s.<\/p>\n<p class=\"small font-weight-bold text-gray3 \"> publi\u00e9 le 1 mai \u00e0 15h59, AFP<\/p>\n<p>                             Partager<\/p>\n","protected":false},"excerpt":{"rendered":"\u00ab\u00a0On se demande ce qui va nous arriver\u00a0\u00bb: des centaines de personnes, dont des salari\u00e9s d&rsquo;ArcelorMittal inquiets, ont&hellip;\n","protected":false},"author":2,"featured_media":67270,"comment_status":"","ping_status":"","sticky":false,"template":"","format":"standard","meta":{"footnotes":""},"categories":[6],"tags":[35,33,34,341,313,1011,27,2088,16810,7764,3427],"class_list":{"0":"post-67269","1":"post","2":"type-post","3":"status-publish","4":"format-standard","5":"has-post-thumbnail","7":"category-economie","8":"tag-business","9":"tag-economie","10":"tag-economy","11":"tag-emploi","12":"tag-entreprises","13":"tag-fr","14":"tag-france","15":"tag-manifestation","16":"tag-restructurations","17":"tag-sidrurgie","18":"tag-syndicats"},"share_on_mastodon":{"url":"https:\/\/pubeurope.com\/@fr\/114433484633654635","error":""},"_links":{"self":[{"href":"https:\/\/www.europesays.com\/fr\/wp-json\/wp\/v2\/posts\/67269","targetHints":{"allow":["GET"]}}],"collection":[{"href":"https:\/\/www.europesays.com\/fr\/wp-json\/wp\/v2\/posts"}],"about":[{"href":"https:\/\/www.europesays.com\/fr\/wp-json\/wp\/v2\/types\/post"}],"author":[{"embeddable":true,"href":"https:\/\/www.europesays.com\/fr\/wp-json\/wp\/v2\/users\/2"}],"replies":[{"embeddable":true,"href":"https:\/\/www.europesays.com\/fr\/wp-json\/wp\/v2\/comments?post=67269"}],"version-history":[{"count":0,"href":"https:\/\/www.europesays.com\/fr\/wp-json\/wp\/v2\/posts\/67269\/revisions"}],"wp:featuredmedia":[{"embeddable":true,"href":"https:\/\/www.europesays.com\/fr\/wp-json\/wp\/v2\/media\/67270"}],"wp:attachment":[{"href":"https:\/\/www.europesays.com\/fr\/wp-json\/wp\/v2\/media?parent=67269"}],"wp:term":[{"taxonomy":"category","embeddable":true,"href":"https:\/\/www.europesays.com\/fr\/wp-json\/wp\/v2\/categories?post=67269"},{"taxonomy":"post_tag","embeddable":true,"href":"https:\/\/www.europesays.com\/fr\/wp-json\/wp\/v2\/tags?post=67269"}],"curies":[{"name":"wp","href":"https:\/\/api.w.org\/{rel}","templated":true}]}}