{"id":67279,"date":"2025-05-01T16:23:08","date_gmt":"2025-05-01T16:23:08","guid":{"rendered":"https:\/\/www.europesays.com\/fr\/67279\/"},"modified":"2025-05-01T16:23:08","modified_gmt":"2025-05-01T16:23:08","slug":"stassin-forfait-avec-saint-etienne-pour-la-reception-de-monaco","status":"publish","type":"post","link":"https:\/\/www.europesays.com\/fr\/67279\/","title":{"rendered":"Stassin forfait avec Saint-\u00c9tienne pour la r\u00e9ception de Monaco"},"content":{"rendered":"<p>Meilleur buteur des Verts cette saison, Lucas Stassin, atteint de probl\u00e8mes musculaires, d\u00e9clare forfait pour la r\u00e9ception de l\u2019AS Monaco, ce samedi, pour la 32e journ\u00e9e de Ligue 1.<\/p>\n<p class=\"fig-paragraph\">Saint-\u00c9tienne devra se passer de son attaquant Lucas Stassin, bless\u00e9, pour la r\u00e9ception de Monaco samedi (21h05) lors de la 32e journ\u00e9e de Ligue 1, a annonc\u00e9 l&rsquo;entra\u00eeneur des Verts jeudi, un coup dur dans la lutte pour le maintien. \u00abStassin n&rsquo;est pas dans le groupe, il ne jouera pas samedi\u00bb, a d\u00e9clar\u00e9 Eirik Horneland en conf\u00e9rence de presse.<\/p>\n<p class=\"fig-paragraph\">Le Belge de 20 ans est sorti bless\u00e9 samedi dernier lors de la d\u00e9faite \u00e0 Strasbourg (3-1) et \u00abses probl\u00e8mes musculaires\u00bb l&rsquo;ont depuis emp\u00each\u00e9 de prendre part aux s\u00e9ances d&rsquo;entra\u00eenement collectif, a indiqu\u00e9 le technicien. \u00abJ&rsquo;esp\u00e8re qu&rsquo;il va pouvoir se remettre mais il ne reste plus beaucoup de matches\u00bb, a-t-il soulign\u00e9. \u00abC&rsquo;est dommage de le perdre, il a \u00e9t\u00e9 tr\u00e8s bon, il s&rsquo;est bien adapt\u00e9 au syst\u00e8me\u00bb.<\/p>\n<p class=\"fig-paragraph\">Lucas Stassin \u00e9tait en forme ces derni\u00e8res semaines avec notamment un but contre le PSG (d\u00e9faite 6-1) et un doubl\u00e9 contre Lyon (2-1). Il a inscrit 12 buts en 28 matches cette saison. \u00c0 trois journ\u00e9es de la fin du championnat, Saint-\u00c9tienne est premier rel\u00e9gable avec un point de retard sur le barragiste Le Havre et trois points de retard sur le 15e, Angers.<\/p>\n","protected":false},"excerpt":{"rendered":"Meilleur buteur des Verts cette saison, Lucas Stassin, atteint de probl\u00e8mes musculaires, d\u00e9clare forfait pour la r\u00e9ception de&hellip;\n","protected":false},"author":2,"featured_media":67280,"comment_status":"","ping_status":"","sticky":false,"template":"","format":"standard","meta":{"footnotes":""},"categories":[9653],"tags":[1111,11,2266,461,2430,525,1981,814,1777,674,2257,63,1011,27,3309,66,1307,955,12,1176,978,93,25,1980,4001],"class_list":{"0":"post-67279","1":"post","2":"type-post","3":"status-publish","4":"format-standard","5":"has-post-thumbnail","7":"category-saint-etienne","8":"tag-actu","9":"tag-actualites","10":"tag-as-monaco","11":"tag-asse","12":"tag-auvergne-rhone-alpes","13":"tag-calendrier","14":"tag-classement","15":"tag-direct","16":"tag-eu","17":"tag-europe","18":"tag-foot","19":"tag-football","20":"tag-fr","21":"tag-france","22":"tag-l1","23":"tag-ligue-1","24":"tag-lille","25":"tag-match","26":"tag-news","27":"tag-olympique-de-marseille","28":"tag-olympique-lyonnais","29":"tag-psg","30":"tag-republique-francaise","31":"tag-resultats","32":"tag-saint-etienne"},"share_on_mastodon":{"url":"https:\/\/pubeurope.com\/@fr\/114433504257244717","error":""},"_links":{"self":[{"href":"https:\/\/www.europesays.com\/fr\/wp-json\/wp\/v2\/posts\/67279","targetHints":{"allow":["GET"]}}],"collection":[{"href":"https:\/\/www.europesays.com\/fr\/wp-json\/wp\/v2\/posts"}],"about":[{"href":"https:\/\/www.europesays.com\/fr\/wp-json\/wp\/v2\/types\/post"}],"author":[{"embeddable":true,"href":"https:\/\/www.europesays.com\/fr\/wp-json\/wp\/v2\/users\/2"}],"replies":[{"embeddable":true,"href":"https:\/\/www.europesays.com\/fr\/wp-json\/wp\/v2\/comments?post=67279"}],"version-history":[{"count":0,"href":"https:\/\/www.europesays.com\/fr\/wp-json\/wp\/v2\/posts\/67279\/revisions"}],"wp:featuredmedia":[{"embeddable":true,"href":"https:\/\/www.europesays.com\/fr\/wp-json\/wp\/v2\/media\/67280"}],"wp:attachment":[{"href":"https:\/\/www.europesays.com\/fr\/wp-json\/wp\/v2\/media?parent=67279"}],"wp:term":[{"taxonomy":"category","embeddable":true,"href":"https:\/\/www.europesays.com\/fr\/wp-json\/wp\/v2\/categories?post=67279"},{"taxonomy":"post_tag","embeddable":true,"href":"https:\/\/www.europesays.com\/fr\/wp-json\/wp\/v2\/tags?post=67279"}],"curies":[{"name":"wp","href":"https:\/\/api.w.org\/{rel}","templated":true}]}}