{"id":672839,"date":"2026-01-18T19:07:10","date_gmt":"2026-01-18T19:07:10","guid":{"rendered":"https:\/\/www.europesays.com\/fr\/672839\/"},"modified":"2026-01-18T19:07:10","modified_gmt":"2026-01-18T19:07:10","slug":"la-mise-sous-pli-des-tracts-privatisee-seulement-pour-le-scrutin-des-mairies-de-secteur","status":"publish","type":"post","link":"https:\/\/www.europesays.com\/fr\/672839\/","title":{"rendered":"la mise sous pli des tracts privatis\u00e9e seulement pour le scrutin des mairies de secteur"},"content":{"rendered":"<p>La mise sous pli de la propagande \u00e9lectorale <a href=\"https:\/\/www.laprovence.com\/article\/elections\/22262694431600\/municipales-2026-allauch-chateaurenard-la-mise-sous-pli-des-professions-de-foi-externalisee-a-une-entreprise-privee\" target=\"_blank\" rel=\"noopener\">sera partiellement privatis\u00e9e dans les Bouches-du-Rh\u00f4ne<\/a> \u00e0 l\u2019occasion des \u00e9lections municipales des 15 et 22\u00a0mars\u00a02026. Cette exp\u00e9rimentation concerne neuf communes\u00a0: Allauch, Plan-de-Cuques et Sept\u00e8mes-les-Vallons dans la r\u00e9gion marseillaise, et Ch\u00e2teaurenard, Noves, Barbentane, Rognonas, Eyragues et Graveson en pays d\u2019Arles.<\/p>\n<p>Cela concernera \u00e9galement Marseille mais seulement pour <a href=\"https:\/\/www.laprovence.com\/article\/elections\/2233716708154514\/municipales-2026-a-marseille-le-mode-demploi-d-un-double-scrutin-inedit\" target=\"_blank\" rel=\"noopener\">l\u2019un des deux scrutins qui doivent s\u2019y d\u00e9rouler simultan\u00e9ment<\/a>\u00a0: sont concern\u00e9es par cette externalisation uniquement les campagnes pour les huit mairies de secteur. Cette \u00e9lection est distincte de celle pour le conseil municipal de la mairie centrale, qui se d\u00e9roulera le m\u00eame jour pour les quelque 550\u00a0000 \u00e9lecteurs marseillais.<\/p>\n<p>Une mise sous pli \u00e0 Toulouse<\/p>\n<p>L\u2019appel d\u2019offres pour l\u2019\u00e9lection des mairies de secteur &#8211; comme pour les neuf autres communes &#8211; a \u00e9t\u00e9 remport\u00e9 par la soci\u00e9t\u00e9 SMS, implant\u00e9e \u00e0 Toulouse. Cela implique que les listes pr\u00e9sentes dans l\u2019un des huit secteurs municipaux (1er-7e, 2e-3e, 4e-5e, 6e-8e, 9e-10e, 11e-12e, 13e-14e, 15e-16e) devront faire parvenir la documentation requise \u00e0 cette entreprise avant le lundi 2\u00a0mars, charge \u00e0 eux de s\u2019organiser pour l\u2019acheminer jusqu\u2019\u00e0 la Ville rose. Les enveloppes contenant les professions de foi seront ensuite transmises par courrier \u00e0 chacun des \u00e9lecteurs.<\/p>\n<p>En ce qui concerne la mise sous pli des tracts des candidats pour l\u2019autre scrutin marseillais, c\u2019est-\u00e0-dire ceux qui postulent au fauteuil de maire de Marseille, et les 110 autres communes des Bouches-du-Rh\u00f4ne, elle continuera donc d\u2019\u00eatre op\u00e9r\u00e9e directement en r\u00e9gie par la pr\u00e9fecture, vraisemblablement <a href=\"https:\/\/www.laprovence.com\/article\/politique\/4178857282006715\/elections-europeennes-dans-les-coulisses-de-la-mise-sous-pli-des-tracts-officiels-a-marseille\" target=\"_blank\" rel=\"noopener\">au Parc Chanot comme c\u2019est le cas habituellement<\/a>.<\/p>\n","protected":false},"excerpt":{"rendered":"La mise sous pli de la propagande \u00e9lectorale sera partiellement privatis\u00e9e dans les Bouches-du-Rh\u00f4ne \u00e0 l\u2019occasion des \u00e9lections&hellip;\n","protected":false},"author":2,"featured_media":672840,"comment_status":"","ping_status":"","sticky":false,"template":"","format":"standard","meta":{"footnotes":""},"categories":[2814],"tags":[5734,1111,11,154,5949,1777,674,1011,27,884,6352,3434,12,77225,882,25,3107,77226],"class_list":{"0":"post-672839","1":"post","2":"type-post","3":"status-publish","4":"format-standard","5":"has-post-thumbnail","7":"category-marseille","8":"tag-5734","9":"tag-actu","10":"tag-actualites","11":"tag-des","12":"tag-elections","13":"tag-eu","14":"tag-europe","15":"tag-fr","16":"tag-france","17":"tag-marseille","18":"tag-mise","19":"tag-municipales-2026","20":"tag-news","21":"tag-pli","22":"tag-provence-alpes-cote-dazur","23":"tag-republique-francaise","24":"tag-sous","25":"tag-tracts"},"share_on_mastodon":{"url":"https:\/\/pubeurope.com\/@fr\/115917674537865461","error":""},"_links":{"self":[{"href":"https:\/\/www.europesays.com\/fr\/wp-json\/wp\/v2\/posts\/672839","targetHints":{"allow":["GET"]}}],"collection":[{"href":"https:\/\/www.europesays.com\/fr\/wp-json\/wp\/v2\/posts"}],"about":[{"href":"https:\/\/www.europesays.com\/fr\/wp-json\/wp\/v2\/types\/post"}],"author":[{"embeddable":true,"href":"https:\/\/www.europesays.com\/fr\/wp-json\/wp\/v2\/users\/2"}],"replies":[{"embeddable":true,"href":"https:\/\/www.europesays.com\/fr\/wp-json\/wp\/v2\/comments?post=672839"}],"version-history":[{"count":0,"href":"https:\/\/www.europesays.com\/fr\/wp-json\/wp\/v2\/posts\/672839\/revisions"}],"wp:featuredmedia":[{"embeddable":true,"href":"https:\/\/www.europesays.com\/fr\/wp-json\/wp\/v2\/media\/672840"}],"wp:attachment":[{"href":"https:\/\/www.europesays.com\/fr\/wp-json\/wp\/v2\/media?parent=672839"}],"wp:term":[{"taxonomy":"category","embeddable":true,"href":"https:\/\/www.europesays.com\/fr\/wp-json\/wp\/v2\/categories?post=672839"},{"taxonomy":"post_tag","embeddable":true,"href":"https:\/\/www.europesays.com\/fr\/wp-json\/wp\/v2\/tags?post=672839"}],"curies":[{"name":"wp","href":"https:\/\/api.w.org\/{rel}","templated":true}]}}