{"id":672878,"date":"2026-01-18T19:30:15","date_gmt":"2026-01-18T19:30:15","guid":{"rendered":"https:\/\/www.europesays.com\/fr\/672878\/"},"modified":"2026-01-18T19:30:15","modified_gmt":"2026-01-18T19:30:15","slug":"moise-kouame-grand-espoir-francais-remporte-un-deuxieme-tournoi-a-16-ans","status":"publish","type":"post","link":"https:\/\/www.europesays.com\/fr\/672878\/","title":{"rendered":"Mo\u00efse Kouame, grand espoir fran\u00e7ais, remporte un deuxi\u00e8me tournoi \u00e0 16 ans"},"content":{"rendered":"<p>\n    Ce dimanche \u00e0 Bressuire, le jeune joueur fran\u00e7ais a remport\u00e9 son deuxi\u00e8me titre sur le circuit professionnel.<\/p>\n<p class=\"fig-paragraph\">Les victoires appellent les victoires. Une semaine apr\u00e8s\u00a0<a href=\"http:\/\/www.lefigaro.fr\/sports\/tennis\/tennis-la-nouvelle-pepite-francaise-moise-kouame-remporte-son-premier-titre-professionnel-20260112\" data-fig-type=\"NewsFlash\" data-gtm-custom-categorie=\"navigation\" data-gtm-custom-action=\"crossclick\" data-gtm-custom-label=\"Contextuel\" data-gtm-event=\"customEventSPE\" data-fig-domain=\"LEFIGARO\" target=\"_blank\" rel=\"noopener\">son premier titre remport\u00e9 en professionnel<\/a>, \u00e0 seulement 16 ans, Moise Kouame a remis \u00e7a ce dimanche. Le Fran\u00e7ais, qui entrera dans le top 600 mondial lundi, a triomph\u00e9 en finale du tournoi ITF de Bressuire (Deux-S\u00e8vres) face au Belge Pierre-Yves Bailly, 835e joueur mondial.<\/p>\n<p class=\"fig-paragraph\">Une victoire en deux sets (6-1, 6-4) pour le grand espoir tricolore, qui bat des records de pr\u00e9cocit\u00e9 pour un joueur de la g\u00e9n\u00e9ration 2009. Prot\u00e9g\u00e9 de Richard Gasquet, son conseiller sp\u00e9cial, Mo\u00efse Kouame s\u2019\u00e9tait impos\u00e9 le week-end dernier lors du tournoi Futures (ITF 25) de Hazebrouck (France). Son ascension se poursuit. Et le palmar\u00e8s se garnit d\u00e9j\u00e0.<\/p>\n","protected":false},"excerpt":{"rendered":"Ce dimanche \u00e0 Bressuire, le jeune joueur fran\u00e7ais a remport\u00e9 son deuxi\u00e8me titre sur le circuit professionnel. Les&hellip;\n","protected":false},"author":2,"featured_media":672879,"comment_status":"","ping_status":"","sticky":false,"template":"","format":"standard","meta":{"footnotes":""},"categories":[1415],"tags":[47,4169,525,1981,4178,4179,1011,27,1114,3996,4177,4176,4174,4175,1980,4171,60,1467,4172,4173,4170],"class_list":{"0":"post-672878","1":"post","2":"type-post","3":"status-publish","4":"format-standard","5":"has-post-thumbnail","7":"category-tennis","8":"tag-actualite","9":"tag-atp","10":"tag-calendrier","11":"tag-classement","12":"tag-coupe-davis","13":"tag-fed-cup","14":"tag-fr","15":"tag-france","16":"tag-infos","17":"tag-jeux-olympiques","18":"tag-masters-1000","19":"tag-masters-500","20":"tag-masters-series","21":"tag-open-daustralie","22":"tag-resultats","23":"tag-roland-garros","24":"tag-sports","25":"tag-tennis","26":"tag-us-open","27":"tag-wimbledon","28":"tag-wta"},"share_on_mastodon":{"url":"https:\/\/pubeurope.com\/@fr\/115917764777434779","error":""},"_links":{"self":[{"href":"https:\/\/www.europesays.com\/fr\/wp-json\/wp\/v2\/posts\/672878","targetHints":{"allow":["GET"]}}],"collection":[{"href":"https:\/\/www.europesays.com\/fr\/wp-json\/wp\/v2\/posts"}],"about":[{"href":"https:\/\/www.europesays.com\/fr\/wp-json\/wp\/v2\/types\/post"}],"author":[{"embeddable":true,"href":"https:\/\/www.europesays.com\/fr\/wp-json\/wp\/v2\/users\/2"}],"replies":[{"embeddable":true,"href":"https:\/\/www.europesays.com\/fr\/wp-json\/wp\/v2\/comments?post=672878"}],"version-history":[{"count":0,"href":"https:\/\/www.europesays.com\/fr\/wp-json\/wp\/v2\/posts\/672878\/revisions"}],"wp:featuredmedia":[{"embeddable":true,"href":"https:\/\/www.europesays.com\/fr\/wp-json\/wp\/v2\/media\/672879"}],"wp:attachment":[{"href":"https:\/\/www.europesays.com\/fr\/wp-json\/wp\/v2\/media?parent=672878"}],"wp:term":[{"taxonomy":"category","embeddable":true,"href":"https:\/\/www.europesays.com\/fr\/wp-json\/wp\/v2\/categories?post=672878"},{"taxonomy":"post_tag","embeddable":true,"href":"https:\/\/www.europesays.com\/fr\/wp-json\/wp\/v2\/tags?post=672878"}],"curies":[{"name":"wp","href":"https:\/\/api.w.org\/{rel}","templated":true}]}}