{"id":672940,"date":"2026-01-18T20:09:14","date_gmt":"2026-01-18T20:09:14","guid":{"rendered":"https:\/\/www.europesays.com\/fr\/672940\/"},"modified":"2026-01-18T20:09:14","modified_gmt":"2026-01-18T20:09:14","slug":"fc-nantes-paris-fc-1-2-une-performance-pas-au-niveau","status":"publish","type":"post","link":"https:\/\/www.europesays.com\/fr\/672940\/","title":{"rendered":"FC Nantes &#8211; Paris FC (1-2) : \u00ab\u00a0Une performance pas au niveau\u00a0\u00bb !"},"content":{"rendered":"\n<p>Le b\u00e9n\u00e9fice de la victoire \u00e0 Marseille (2-0) pour d\u00e9buter l&rsquo;ann\u00e9e s&rsquo;est \u00e9vapor\u00e9 ce dimanche dans le ciel de la Beaujoire pour le FC Nantes, domin\u00e9 par le Paris FC apr\u00e8s une premi\u00e8re p\u00e9riode catastrophique. Les Canaris avaient pourtant trouv\u00e9 les ressources pour \u00e9galiser au retour des vestiaires gr\u00e2ce \u00e0 une demi-vol\u00e9e \u00ab canon \u00bb de Matthis Abline. Mais Paris \u00e9tait plus fort, plus r\u00e9aliste sur cette rencontre, au point de faire gronder la Beaujoire, qui a siffl\u00e9 et chahut\u00e9 son \u00e9quipe.<\/p>\n<p>\u00a0<\/p>\n<blockquote><p>\n\u00ab\u00a0On fait 30 secondes super bonnes, mais apr\u00e8s plus rien !\u00a0\u00bb\n<\/p><\/blockquote>\n<p>\u00a0<\/p>\n<p>\u00ab\u00a0Je ressens de la d\u00e9ception. On a fait une bonne entame, 30 secondes super bonnes, mais apr\u00e8s plus rien !\u00a0Pendant une grosse demi-heure, on s&rsquo;est \u00e9teint.\u00a0<strong>Ce n&rsquo;est pas eux qui nous ont \u00e9teints, c&rsquo;est nous qui nous sommes \u00e9teints tout seuls<\/strong>.\u00a0Maintenant, on rentre \u00e0 la pause 1-0.\u00a0On arrive \u00e0 se faire un cul pas possible pour revenir, \u00e0 revenir tr\u00e8s vite \u00e0 1-1, et derri\u00e8re, au lieu de contr\u00f4ler le match, garder la possession du ballon,\u00a0continuer \u00e0 faire courir et tout, on s&rsquo;est peut-\u00eatre un peu trop pr\u00e9cipit\u00e9.\u00a0<strong>Il faut se remettre la t\u00eate \u00e0 l&rsquo;endroit, analyser tout ce qui n&rsquo;a pas \u00e9t\u00e9 bon <\/strong>et surtout repartir de plus belle la semaine prochaine pour gagner face \u00e0 Nice\u00a0\u00bb.<\/p>\n<p>Pour le milieu de terrain des Canaris Francis Coquelin, difficile de comprendre le visage propos\u00e9 ce soir :<\/p>\n<p>\u00a0<\/p>\n<blockquote><p>\n\u00ab\u00a0Une performance qui n&rsquo;est pas au niveau ce soir !\u00a0\u00bb\n<\/p><\/blockquote>\n<p>\u00a0<\/p>\n<p data-v-03d3e104=\"\">\u00ab\u00a0<strong>Franchement, je ne pourrais pas expliquer ! Parce que j&rsquo;ai vu la semaine de travail, les gars sont impliqu\u00e9s<\/strong>.\u00a0Donc non, je pense que c&rsquo;est une performance qui n&rsquo;est pas au niveau ce soir.\u00a0Maintenant, il faudra chacun se remettre en question, retourner au boulot.\u00a0Et puis voil\u00e0, il y a encore des matchs qui vont arriver.\u00a0Il y a eu beaucoup d&rsquo;efforts aussi qui ont \u00e9t\u00e9 faits pour essayer de revenir dans le match.\u00a0\u00c7a peut \u00eatre aussi une incidence sur cette fin de match.\u00a0Voil\u00e0, la mission continue.\u00a0<strong>On avait dit dans tous les cas que ce ne serait pas lin\u00e9aire,\u00a0qu&rsquo;il y aurait peut-\u00eatre des moments o\u00f9 ce serait plus compliqu\u00e9<\/strong>.\u00a0Ce soir, c&rsquo;est une soir\u00e9e compliqu\u00e9e, il faudra rebondir tr\u00e8s rapidement\u00a0\u00bb.<\/p>\n<p>Le FC Nantes, 16e et barragiste, r\u00e9alise une mauvaise op\u00e9ration au classement\u00a0: les Canaris ont d\u00e9sormais 4 points de retard sur le 15e, Nice, qui se pr\u00e9sentera justement dimanche (prochain) \u00e0 la Beaujoire pour un nouveau match d\u00e9cisif dans la course au maintien<\/p>\n","protected":false},"excerpt":{"rendered":"Le b\u00e9n\u00e9fice de la victoire \u00e0 Marseille (2-0) pour d\u00e9buter l&rsquo;ann\u00e9e s&rsquo;est \u00e9vapor\u00e9 ce dimanche dans le ciel&hellip;\n","protected":false},"author":2,"featured_media":672941,"comment_status":"","ping_status":"","sticky":false,"template":"","format":"standard","meta":{"footnotes":""},"categories":[2818],"tags":[1111,11,13292,1438,1465,13293,3450,829,4356,2171,4357,3472,434,1777,674,9593,3337,3321,2257,1011,27,9518,848,1114,13289,2693,66,3047,1781,13291,13290,3729,766,12,9144,2636,3319,584,25,4937,3728,3272,60,3087,3165,2546],"class_list":{"0":"post-672940","1":"post","2":"type-post","3":"status-publish","4":"format-standard","5":"has-post-thumbnail","7":"category-nantes","8":"tag-actu","9":"tag-actualites","10":"tag-aeroport-notre-dame-des-landes","11":"tag-angers","12":"tag-basket","13":"tag-bonnets-rouges","14":"tag-brest","15":"tag-bretagne","16":"tag-coronavirus","17":"tag-cotes-darmor","18":"tag-covid-19","19":"tag-dinan","20":"tag-epidemie","21":"tag-eu","22":"tag-europe","23":"tag-fcn","24":"tag-festivals","25":"tag-finistere","26":"tag-foot","27":"tag-fr","28":"tag-france","29":"tag-hand","30":"tag-ille-et-vilaine","31":"tag-infos","32":"tag-la-roche-sur-yon","33":"tag-laval","34":"tag-ligue-1","35":"tag-loire-atlantique","36":"tag-lorient","37":"tag-maine-et-loire","38":"tag-mayenne","39":"tag-morbihan","40":"tag-nantes","41":"tag-news","42":"tag-ouest","43":"tag-pays-de-la-loire","44":"tag-quimper","45":"tag-rennes","46":"tag-republique-francaise","47":"tag-saint-brieuc","48":"tag-saint-malo","49":"tag-saint-nazaire","50":"tag-sports","51":"tag-stade-rennais","52":"tag-vannes","53":"tag-vendee"},"share_on_mastodon":{"url":"","error":"Validation failed: Text character limit of 500 exceeded"},"_links":{"self":[{"href":"https:\/\/www.europesays.com\/fr\/wp-json\/wp\/v2\/posts\/672940","targetHints":{"allow":["GET"]}}],"collection":[{"href":"https:\/\/www.europesays.com\/fr\/wp-json\/wp\/v2\/posts"}],"about":[{"href":"https:\/\/www.europesays.com\/fr\/wp-json\/wp\/v2\/types\/post"}],"author":[{"embeddable":true,"href":"https:\/\/www.europesays.com\/fr\/wp-json\/wp\/v2\/users\/2"}],"replies":[{"embeddable":true,"href":"https:\/\/www.europesays.com\/fr\/wp-json\/wp\/v2\/comments?post=672940"}],"version-history":[{"count":0,"href":"https:\/\/www.europesays.com\/fr\/wp-json\/wp\/v2\/posts\/672940\/revisions"}],"wp:featuredmedia":[{"embeddable":true,"href":"https:\/\/www.europesays.com\/fr\/wp-json\/wp\/v2\/media\/672941"}],"wp:attachment":[{"href":"https:\/\/www.europesays.com\/fr\/wp-json\/wp\/v2\/media?parent=672940"}],"wp:term":[{"taxonomy":"category","embeddable":true,"href":"https:\/\/www.europesays.com\/fr\/wp-json\/wp\/v2\/categories?post=672940"},{"taxonomy":"post_tag","embeddable":true,"href":"https:\/\/www.europesays.com\/fr\/wp-json\/wp\/v2\/tags?post=672940"}],"curies":[{"name":"wp","href":"https:\/\/api.w.org\/{rel}","templated":true}]}}