{"id":673018,"date":"2026-01-18T20:56:10","date_gmt":"2026-01-18T20:56:10","guid":{"rendered":"https:\/\/www.europesays.com\/fr\/673018\/"},"modified":"2026-01-18T20:56:10","modified_gmt":"2026-01-18T20:56:10","slug":"le-candidat-socialiste-en-tete-au-premier-tour","status":"publish","type":"post","link":"https:\/\/www.europesays.com\/fr\/673018\/","title":{"rendered":"le candidat socialiste en t\u00eate au premier tour"},"content":{"rendered":"<p class=\"fig-paragraph\">Le candidat socialiste Antonio Jos\u00e9 Seguro est arriv\u00e9 en t\u00eate du premier tour de l&rsquo;\u00e9lection pr\u00e9sidentielle de dimanche au Portugal, selon deux projections sortie des bureaux de vote r\u00e9alis\u00e9es pour les t\u00e9l\u00e9visions locales.<\/p>\n<p class=\"fig-paragraph\">Favori des sondages publi\u00e9s avant le vote, le leader d&rsquo;extr\u00eame droite\u00a0<a href=\"http:\/\/www.lefigaro.fr\/international\/presidentielle-au-portugal-l-extreme-droite-attendue-au-second-tour-20260118\" data-fig-type=\"NewsFlash\" data-gtm-custom-categorie=\"navigation\" data-gtm-custom-action=\"crossclick\" data-gtm-custom-label=\"Contextuel\" data-gtm-event=\"customEventSPE\" data-fig-domain=\"LEFIGARO\" target=\"_blank\" rel=\"noopener\">Andr\u00e9 Ventura<\/a>\u00a0appara\u00eet en deuxi\u00e8me position, mais n&rsquo;est pas assur\u00e9 d&rsquo;atteindre le second tour en raison du mince \u00e9cart le s\u00e9parant du candidat lib\u00e9ral.<\/p>\n","protected":false},"excerpt":{"rendered":"Le candidat socialiste Antonio Jos\u00e9 Seguro est arriv\u00e9 en t\u00eate du premier tour de l&rsquo;\u00e9lection pr\u00e9sidentielle de dimanche&hellip;\n","protected":false},"author":2,"featured_media":673019,"comment_status":"","ping_status":"","sticky":false,"template":"","format":"standard","meta":{"footnotes":""},"categories":[5],"tags":[259,11,260,1011,27,14,261,12,262,28],"class_list":{"0":"post-673018","1":"post","2":"type-post","3":"status-publish","4":"format-standard","5":"has-post-thumbnail","7":"category-international","8":"tag-actualite-internationale","9":"tag-actualites","10":"tag-affaires-etrangeres","11":"tag-fr","12":"tag-france","13":"tag-international","14":"tag-ministere-des-affaires-etrangeres","15":"tag-news","16":"tag-politique-etrangere","17":"tag-world"},"share_on_mastodon":{"url":"https:\/\/pubeurope.com\/@fr\/115918103074718167","error":""},"_links":{"self":[{"href":"https:\/\/www.europesays.com\/fr\/wp-json\/wp\/v2\/posts\/673018","targetHints":{"allow":["GET"]}}],"collection":[{"href":"https:\/\/www.europesays.com\/fr\/wp-json\/wp\/v2\/posts"}],"about":[{"href":"https:\/\/www.europesays.com\/fr\/wp-json\/wp\/v2\/types\/post"}],"author":[{"embeddable":true,"href":"https:\/\/www.europesays.com\/fr\/wp-json\/wp\/v2\/users\/2"}],"replies":[{"embeddable":true,"href":"https:\/\/www.europesays.com\/fr\/wp-json\/wp\/v2\/comments?post=673018"}],"version-history":[{"count":0,"href":"https:\/\/www.europesays.com\/fr\/wp-json\/wp\/v2\/posts\/673018\/revisions"}],"wp:featuredmedia":[{"embeddable":true,"href":"https:\/\/www.europesays.com\/fr\/wp-json\/wp\/v2\/media\/673019"}],"wp:attachment":[{"href":"https:\/\/www.europesays.com\/fr\/wp-json\/wp\/v2\/media?parent=673018"}],"wp:term":[{"taxonomy":"category","embeddable":true,"href":"https:\/\/www.europesays.com\/fr\/wp-json\/wp\/v2\/categories?post=673018"},{"taxonomy":"post_tag","embeddable":true,"href":"https:\/\/www.europesays.com\/fr\/wp-json\/wp\/v2\/tags?post=673018"}],"curies":[{"name":"wp","href":"https:\/\/api.w.org\/{rel}","templated":true}]}}