{"id":673028,"date":"2026-01-18T21:05:47","date_gmt":"2026-01-18T21:05:47","guid":{"rendered":"https:\/\/www.europesays.com\/fr\/673028\/"},"modified":"2026-01-18T21:05:47","modified_gmt":"2026-01-18T21:05:47","slug":"sommelonne-reprise-des-apres-midi-jeux","status":"publish","type":"post","link":"https:\/\/www.europesays.com\/fr\/673028\/","title":{"rendered":"Sommelonne. Reprise des apr\u00e8s-midi jeux"},"content":{"rendered":"<p>La Calvinoth\u00e8que est un lieu de rencontre pas uniquement pour la lecture ou les animations pour les enfants, c\u2019est \u00e9galement la possibilit\u00e9, chaque premier vendredi du mois, de passer agr\u00e9ablement un apr\u00e8s-midi jeux de soci\u00e9t\u00e9. Ouverte \u00e0 toutes et tous, si les jeux de cartes sont pris\u00e9s, scrabble, triomino ou autres sont disponibles. Mais pour ceux qui le souhaitent cela peut \u00eatre le plaisir de faire connaissance de villageois ou de personnes ext\u00e9rieures, de parler de l\u2019histoire du village, de ses connaissances, de rompre la solitude et de partager un bon moment de convivialit\u00e9.<\/p>\n","protected":false},"excerpt":{"rendered":"La Calvinoth\u00e8que est un lieu de rencontre pas uniquement pour la lecture ou les animations pour les enfants,&hellip;\n","protected":false},"author":2,"featured_media":673029,"comment_status":"","ping_status":"","sticky":false,"template":"","format":"standard","meta":{"footnotes":""},"categories":[9635],"tags":[1111,11,35097,1687,3602,1777,674,1011,27,775,330,10265,1702,12,25,77232],"class_list":{"0":"post-673028","1":"post","2":"type-post","3":"status-publish","4":"format-standard","5":"has-post-thumbnail","7":"category-nancy","8":"tag-actu","9":"tag-actualites","10":"tag-cc-des-portes-de-meuse-55a","11":"tag-culture-loisirs","12":"tag-edition-bar-le-duc","13":"tag-eu","14":"tag-europe","15":"tag-fr","16":"tag-france","17":"tag-grand-est","18":"tag-jeux","19":"tag-loto","20":"tag-nancy","21":"tag-news","22":"tag-republique-francaise","23":"tag-sommelonne"},"share_on_mastodon":{"url":"https:\/\/pubeurope.com\/@fr\/115918142338839690","error":""},"_links":{"self":[{"href":"https:\/\/www.europesays.com\/fr\/wp-json\/wp\/v2\/posts\/673028","targetHints":{"allow":["GET"]}}],"collection":[{"href":"https:\/\/www.europesays.com\/fr\/wp-json\/wp\/v2\/posts"}],"about":[{"href":"https:\/\/www.europesays.com\/fr\/wp-json\/wp\/v2\/types\/post"}],"author":[{"embeddable":true,"href":"https:\/\/www.europesays.com\/fr\/wp-json\/wp\/v2\/users\/2"}],"replies":[{"embeddable":true,"href":"https:\/\/www.europesays.com\/fr\/wp-json\/wp\/v2\/comments?post=673028"}],"version-history":[{"count":0,"href":"https:\/\/www.europesays.com\/fr\/wp-json\/wp\/v2\/posts\/673028\/revisions"}],"wp:featuredmedia":[{"embeddable":true,"href":"https:\/\/www.europesays.com\/fr\/wp-json\/wp\/v2\/media\/673029"}],"wp:attachment":[{"href":"https:\/\/www.europesays.com\/fr\/wp-json\/wp\/v2\/media?parent=673028"}],"wp:term":[{"taxonomy":"category","embeddable":true,"href":"https:\/\/www.europesays.com\/fr\/wp-json\/wp\/v2\/categories?post=673028"},{"taxonomy":"post_tag","embeddable":true,"href":"https:\/\/www.europesays.com\/fr\/wp-json\/wp\/v2\/tags?post=673028"}],"curies":[{"name":"wp","href":"https:\/\/api.w.org\/{rel}","templated":true}]}}