{"id":673037,"date":"2026-01-18T21:14:10","date_gmt":"2026-01-18T21:14:10","guid":{"rendered":"https:\/\/www.europesays.com\/fr\/673037\/"},"modified":"2026-01-18T21:14:10","modified_gmt":"2026-01-18T21:14:10","slug":"d2f-guingamp-sincline-a-grenoble","status":"publish","type":"post","link":"https:\/\/www.europesays.com\/fr\/673037\/","title":{"rendered":"D2F : Guingamp s\u2019incline \u00e0 Grenoble"},"content":{"rendered":"<p>D2F. Grenoble Foot 38 &#8211; EA Guingamp\u00a0: 2-1<\/p>\n<p>D\u00e8s le d\u00e9but de la rencontre, Grenoble imposait son rythme et ouvrait le score rapidement, d\u00e8s la 8e minute, sur un centre repris de la t\u00eate par l\u2019ancienne Guingampaise, Ad\u00e9lie Fourr\u00e9. L\u2019EAG ne parvenait pas \u00e0 mettre le pied sur le ballon, ce qui permettait au GF38 de se procurer des occasions dangereuses. \u00c0 la 26e minute, Claudia Fabre a inscrit le but du 2-0, ce qui permet \u00e0 Grenoble de creuser l\u2019\u00e9cart. Les Guingampaises r\u00e9agissaient \u00e0 la 39e minute par C\u00e9lia Aggoune, sur une des rares occasions des Bretonnes de cette premi\u00e8re p\u00e9riode, en trouvant la barre transversale adverse, manquant de peu la r\u00e9duction du score, alors que la gardienne grenobloise \u00e9tait battue.<\/p>\n<p>Guingamp reste lanterne rouge<\/p>\n<p>En seconde mi-temps, les Guingampaises montraient un tout autre visage et ne laissaient aucun r\u00e9pit aux Grenobloises. Le coach breton changeait de tactique avec un pressing plus haut et deux attaquantes en pointe, ce qui permettait \u00e0 l\u2019EAG d\u2019occuper la surface adverse et de mettre Grenoble sous pression. Les occasions se multipliaient pour les Bretonnes et c\u2019est \u00e0 la 82 que l\u2019espoir rena\u00eet, avec la r\u00e9duction du score par la num\u00e9ro 9, Layla Iskandar. Malgr\u00e9 cela, Guingamp ne parvenait pas \u00e0 inscrire ce second but et ainsi d\u00e9crocher le point du match nul, tant m\u00e9rit\u00e9. \u00ab\u00a0Je suis d\u00e9\u00e7u pour elles, par rapport \u00e0 la d\u00e9bauche d\u2019\u00e9nergie qu\u2019elles ont fournie mais il ne faut pas baisser les bras. Si on arrive \u00e0 garder ce bon \u00e9tat d\u2019esprit, c\u2019est clair qu\u2019on va gagner des matchs. Si le but \u00e9tait arriv\u00e9 plus t\u00f4t, je pense qu\u2019on aurait pu revenir au score et aller chercher ce point du match nul\u00a0\u00bb explique l\u2019entra\u00eeneur de l\u2019EAG, J\u00e9r\u00f4me Molinier.<\/p>\n<p>Avec cette d\u00e9faite, Guingamp reste lanterne rouge de Seconde Ligue avec quatre points et conserve son \u00e9cart de cinq points sur Rodez et Nice, respectivement onzi\u00e8me et dixi\u00e8me au classement. Les Bretonnes tenteront de rectifier le tir dimanche 1er f\u00e9vrier, \u00e0 domicile, face au Mans.<\/p>\n<p class=\"tech\"><strong class=\"tech\">GRENOBLE<\/strong>\u00a0: Ad\u00e9lie Fourr\u00e9 (8&prime;), Claudia Fabre (26&prime;).<\/p>\n<p class=\"tech\"><strong class=\"tech\">GUINGAMP\u00a0<\/strong>: Layla Iskandar (85&prime;).<\/p>\n<p class=\"tech\"><strong class=\"tech\">Avertissement.<\/strong><\/p>\n<p class=\"tech\"><strong class=\"tech\">GRENOBLE<\/strong>\u00a0: Laurine Baga (90&prime;).<\/p>\n","protected":false},"excerpt":{"rendered":"D2F. Grenoble Foot 38 &#8211; EA Guingamp\u00a0: 2-1 D\u00e8s le d\u00e9but de la rencontre, Grenoble imposait son rythme&hellip;\n","protected":false},"author":2,"featured_media":673038,"comment_status":"","ping_status":"","sticky":false,"template":"","format":"standard","meta":{"footnotes":""},"categories":[9566],"tags":[1111,11,2430,19062,9594,3166,1777,674,63,1011,27,2731,4044,12,25,60],"class_list":{"0":"post-673037","1":"post","2":"type-post","3":"status-publish","4":"format-standard","5":"has-post-thumbnail","7":"category-grenoble","8":"tag-actu","9":"tag-actualites","10":"tag-auvergne-rhone-alpes","11":"tag-ea-guingamp","12":"tag-en-avant-guingamp","13":"tag-en-continu-sports","14":"tag-eu","15":"tag-europe","16":"tag-football","17":"tag-fr","18":"tag-france","19":"tag-grenoble","20":"tag-guingamp","21":"tag-news","22":"tag-republique-francaise","23":"tag-sports"},"share_on_mastodon":{"url":"https:\/\/pubeurope.com\/@fr\/115918173805307774","error":""},"_links":{"self":[{"href":"https:\/\/www.europesays.com\/fr\/wp-json\/wp\/v2\/posts\/673037","targetHints":{"allow":["GET"]}}],"collection":[{"href":"https:\/\/www.europesays.com\/fr\/wp-json\/wp\/v2\/posts"}],"about":[{"href":"https:\/\/www.europesays.com\/fr\/wp-json\/wp\/v2\/types\/post"}],"author":[{"embeddable":true,"href":"https:\/\/www.europesays.com\/fr\/wp-json\/wp\/v2\/users\/2"}],"replies":[{"embeddable":true,"href":"https:\/\/www.europesays.com\/fr\/wp-json\/wp\/v2\/comments?post=673037"}],"version-history":[{"count":0,"href":"https:\/\/www.europesays.com\/fr\/wp-json\/wp\/v2\/posts\/673037\/revisions"}],"wp:featuredmedia":[{"embeddable":true,"href":"https:\/\/www.europesays.com\/fr\/wp-json\/wp\/v2\/media\/673038"}],"wp:attachment":[{"href":"https:\/\/www.europesays.com\/fr\/wp-json\/wp\/v2\/media?parent=673037"}],"wp:term":[{"taxonomy":"category","embeddable":true,"href":"https:\/\/www.europesays.com\/fr\/wp-json\/wp\/v2\/categories?post=673037"},{"taxonomy":"post_tag","embeddable":true,"href":"https:\/\/www.europesays.com\/fr\/wp-json\/wp\/v2\/tags?post=673037"}],"curies":[{"name":"wp","href":"https:\/\/api.w.org\/{rel}","templated":true}]}}