{"id":673080,"date":"2026-01-18T21:42:20","date_gmt":"2026-01-18T21:42:20","guid":{"rendered":"https:\/\/www.europesays.com\/fr\/673080\/"},"modified":"2026-01-18T21:42:20","modified_gmt":"2026-01-18T21:42:20","slug":"guerre-en-ukraine-une-zone-occupee-sans-electricite-zelensky-fait-le-bilan-des-frappes","status":"publish","type":"post","link":"https:\/\/www.europesays.com\/fr\/673080\/","title":{"rendered":"Guerre en Ukraine : Une zone occup\u00e9e sans \u00e9lectricit\u00e9, Zelensky fait le bilan des frappes"},"content":{"rendered":"<p class=\"mb-4 text-lg md:leading-8 break-words\"><strong>R\u00e9cap &#8211; \u00ab\u00a020 Minutes\u00a0\u00bb fait le point pour vous tous les soirs sur le conflit en Ukraine. Ce dimanche, 200.000 foyers ont \u00e9t\u00e9 priv\u00e9s d\u2019\u00e9lectricit\u00e9 en zone occup\u00e9e et la seule raffinerie de Serbie, frapp\u00e9e par les sanctions, a repris son activit\u00e9<\/strong><\/p>\n<p class=\"mb-4 text-lg md:leading-8 break-words\">Vous avez rat\u00e9 les derniers \u00e9v\u00e9nements sur la <a href=\"https:\/\/www.20minutes.fr\/monde\/ukraine\/?at_medium=RSS%20feed&amp;at_campaign=ynews&amp;utm_source=yahoo&amp;utm_medium=rss&amp;utm_campaign=news_feed&amp;utm_content=in_article_link\" rel=\"nofollow noopener\" target=\"_blank\" data-ylk=\"slk:guerre en Ukraine;elm:context_link;itc:0;sec:content-canvas\" class=\"link \">guerre en Ukraine<\/a>\u00a0? 20 Minutes fait le point pour vous tous les soirs. Voici l\u2019essentiel de ce dimanche 18\u00a0janvier, au 1.424e jour du conflit.<\/p>\n<p>Le fait du jour<\/p>\n<p class=\"mb-4 text-lg md:leading-8 break-words\">Plus de 200.000 foyers ont \u00e9t\u00e9 priv\u00e9s d\u2019\u00e9lectricit\u00e9 ce dimanche matin dans le Sud de l\u2019Ukraine, en territoire occup\u00e9 par la <a href=\"https:\/\/www.20minutes.fr\/monde\/russie\/?at_medium=RSS%20feed&amp;at_campaign=ynews&amp;utm_source=yahoo&amp;utm_medium=rss&amp;utm_campaign=news_feed&amp;utm_content=in_article_link\" rel=\"nofollow noopener\" target=\"_blank\" data-ylk=\"slk:Russie;elm:context_link;itc:0;sec:content-canvas\" class=\"link \">Russie<\/a>, apr\u00e8s une attaque de l\u2019arm\u00e9e de Kiev, ont annonc\u00e9 les autorit\u00e9s install\u00e9es par Moscou. \u00ab\u00a0\u00c0 la suite d\u2019une attaque ennemie contre les infrastructures \u00e9nerg\u00e9tiques de la r\u00e9gion, une grande partie de la r\u00e9gion de Zaporijjia a \u00e9t\u00e9 priv\u00e9e d\u2019\u00e9lectricit\u00e9\u00a0\u00bb, a annonc\u00e9 sur Telegram Evgueni Balitski, qui gouverne les zones occup\u00e9es par la Russie dans ce territoire. Selon lui, 213.000 abonn\u00e9s et 386 localit\u00e9s de la r\u00e9gion de Zaporijjia sont actuellement priv\u00e9s d\u2019\u00e9lectricit\u00e9 \u00e0 la suite de cette attaque.<\/p>\n<p class=\"mb-4 text-lg md:leading-8 break-words\">En parall\u00e8le, les <a href=\"https:\/\/www.20minutes.fr\/dossier\/frappes_aeriennes?at_medium=RSS%20feed&amp;at_campaign=ynews&amp;utm_source=yahoo&amp;utm_medium=rss&amp;utm_campaign=news_feed&amp;utm_content=in_article_link\" rel=\"nofollow noopener\" target=\"_blank\" data-ylk=\"slk:frappes;elm:context_link;itc:0;sec:content-canvas\" class=\"link \">frappes<\/a> des deux pays se poursuivent comme chaque nuit. Selon l\u2019arm\u00e9e de l\u2019air ukrainienne, la Russie a lanc\u00e9 au cours de la nuit 201 drones, dont 167 ont \u00e9t\u00e9 abattus. Deux personnes ont \u00e9t\u00e9 tu\u00e9es, selon <a href=\"https:\/\/www.20minutes.fr\/monde\/volodymyr-zelensky\/?at_medium=RSS%20feed&amp;at_campaign=ynews&amp;utm_source=yahoo&amp;utm_medium=rss&amp;utm_campaign=news_feed&amp;utm_content=in_article_link\" rel=\"nofollow noopener\" target=\"_blank\" data-ylk=\"slk:Volodymyr Zelensky;elm:context_link;itc:0;sec:content-canvas\" class=\"link \">Volodymyr Zelensky<\/a>. Le minist\u00e8re russe de la D\u00e9fense a de son c\u00f4t\u00e9 rapport\u00e9 avoir abattu 63 drones ukrainiens au cours de la nuit, une attaque qui a fait plusieurs bless\u00e9s selon les autorit\u00e9s locales.<\/p>\n<p>Le chiffre du jour<\/p>\n<p class=\"mb-4 text-lg md:leading-8 break-words\">2.379. C\u2019est le nombre de projectiles a\u00e9riens envoy\u00e9s sur l\u2019Ukraine cette semaine, selon Volodymyr Zelensky. Sur son compte X, il indique qu\u2019il s\u2019agit de \u00ab\u00a0plus de 1.300 drones d\u2019attaque, environ 1.050 bombes guid\u00e9es et 29(&#8230;)<\/p>\n<p class=\"mb-4 text-lg md:leading-8 break-words\"><a href=\"https:\/\/www.20minutes.fr\/monde\/ukraine\/4196652-20260118-guerre-ukraine-zone-occupee-electricite-zelensky-fait-bilan-frappes?at_medium=RSS%20feed&amp;at_campaign=ynews&amp;utm_source=yahoo&amp;utm_medium=rss&amp;utm_campaign=news_feed&amp;utm_content=read_more_link&quot;\" rel=\"nofollow noopener\" target=\"_blank\" data-ylk=\"slk:Lire la suite sur 20minutes;elm:context_link;itc:0;sec:content-canvas\" class=\"link \">Lire la suite sur 20minutes<\/a><\/p>\n<p>\u00c0 lire aussi :<br \/><a href=\"https:\/\/www.20minutes.fr\/monde\/4196399-20260117-guerre-ukraine-pourquoi-macron-veut-doter-france-capacites-frappes-profondeur?at_medium=RSS%20feed&amp;at_campaign=ynews&amp;utm_source=yahoo&amp;utm_medium=rss&amp;utm_campaign=news_feed&amp;utm_content=related_content_link\" rel=\"nofollow noopener\" target=\"_blank\" data-ylk=\"slk:Guerre en Ukraine\u00a0: Mais pourquoi Macron veut-il doter la France de capacit\u00e9s de frappes dans la profondeur\u00a0?;elm:context_link;itc:0;sec:content-canvas\" class=\"link \">Guerre en Ukraine\u00a0: Mais pourquoi Macron veut-il doter la France de capacit\u00e9s de frappes dans la profondeur\u00a0?<\/a><br \/><a href=\"https:\/\/www.20minutes.fr\/monde\/etats-unis\/4196528-20260116-groenland-etats-unis-invites-participer-exercices-militaires-car-rapport-russie?at_medium=RSS%20feed&amp;at_campaign=ynews&amp;utm_source=yahoo&amp;utm_medium=rss&amp;utm_campaign=news_feed&amp;utm_content=related_content_link\" rel=\"nofollow noopener\" target=\"_blank\" data-ylk=\"slk:Groenland\u00a0: Les Etats-Unis invit\u00e9s \u00e0 participer aux exercices militaires car ils sont \u00ab\u00a0en rapport avec la Russie\u00a0\u00bb;elm:context_link;itc:0;sec:content-canvas\" class=\"link \">Groenland\u00a0: Les Etats-Unis invit\u00e9s \u00e0 participer aux exercices militaires car ils sont \u00ab\u00a0en rapport avec la Russie\u00a0\u00bb<\/a><\/p>\n","protected":false},"excerpt":{"rendered":"R\u00e9cap &#8211; \u00ab\u00a020 Minutes\u00a0\u00bb fait le point pour vous tous les soirs sur le conflit en Ukraine. Ce&hellip;\n","protected":false},"author":2,"featured_media":673081,"comment_status":"","ping_status":"","sticky":false,"template":"","format":"standard","meta":{"footnotes":""},"categories":[1590],"tags":[11,1777,674,21,2489,12,220,134,28371],"class_list":{"0":"post-673080","1":"post","2":"type-post","3":"status-publish","4":"format-standard","5":"has-post-thumbnail","7":"category-ukraine","8":"tag-actualites","9":"tag-eu","10":"tag-europe","11":"tag-fait","12":"tag-la-russie","13":"tag-news","14":"tag-ukraine","15":"tag-volodymyr-zelensky","16":"tag-zaporijjia"},"share_on_mastodon":{"url":"https:\/\/pubeurope.com\/@fr\/115918283987159829","error":""},"_links":{"self":[{"href":"https:\/\/www.europesays.com\/fr\/wp-json\/wp\/v2\/posts\/673080","targetHints":{"allow":["GET"]}}],"collection":[{"href":"https:\/\/www.europesays.com\/fr\/wp-json\/wp\/v2\/posts"}],"about":[{"href":"https:\/\/www.europesays.com\/fr\/wp-json\/wp\/v2\/types\/post"}],"author":[{"embeddable":true,"href":"https:\/\/www.europesays.com\/fr\/wp-json\/wp\/v2\/users\/2"}],"replies":[{"embeddable":true,"href":"https:\/\/www.europesays.com\/fr\/wp-json\/wp\/v2\/comments?post=673080"}],"version-history":[{"count":0,"href":"https:\/\/www.europesays.com\/fr\/wp-json\/wp\/v2\/posts\/673080\/revisions"}],"wp:featuredmedia":[{"embeddable":true,"href":"https:\/\/www.europesays.com\/fr\/wp-json\/wp\/v2\/media\/673081"}],"wp:attachment":[{"href":"https:\/\/www.europesays.com\/fr\/wp-json\/wp\/v2\/media?parent=673080"}],"wp:term":[{"taxonomy":"category","embeddable":true,"href":"https:\/\/www.europesays.com\/fr\/wp-json\/wp\/v2\/categories?post=673080"},{"taxonomy":"post_tag","embeddable":true,"href":"https:\/\/www.europesays.com\/fr\/wp-json\/wp\/v2\/tags?post=673080"}],"curies":[{"name":"wp","href":"https:\/\/api.w.org\/{rel}","templated":true}]}}