{"id":67312,"date":"2025-05-01T16:40:10","date_gmt":"2025-05-01T16:40:10","guid":{"rendered":"https:\/\/www.europesays.com\/fr\/67312\/"},"modified":"2025-05-01T16:40:10","modified_gmt":"2025-05-01T16:40:10","slug":"une-nantaise-raconte-son-amnesie-traumatique-dans-un-livre","status":"publish","type":"post","link":"https:\/\/www.europesays.com\/fr\/67312\/","title":{"rendered":"une Nantaise raconte son amn\u00e9sie traumatique dans un livre"},"content":{"rendered":"<p>            Par<br \/>\n        <strong><br \/>\n            <a href=\"https:\/\/actu.fr\/auteur\/laure-gentil\" title=\"Consulter tous les articles de Laure Gentil\" target=\"_blank\" rel=\"noopener\">Laure Gentil<\/a><br \/>\n        <\/strong><\/p>\n<p>        Publi\u00e9 le<\/p>\n<p>            1 mai 2025 \u00e0 17h32        <\/p>\n<p>Pr\u00e8s de la Cit\u00e9 des congr\u00e8s, assise dans un caf\u00e9 en notre compagnie et celle de son mari, une tisane \u00e0 la main, Emmanuelle respire l\u2019assurance. Nantaise depuis une quinzaine d\u2019ann\u00e9es, la quadrag\u00e9naire, mari\u00e9e et trois enfants, vivait une vie qu\u2019elle d\u00e9crit elle-m\u00eame comme normale. Pourtant, dans son pass\u00e9 se cachent des horreurs que peu de gens peuvent imaginer.<\/p>\n<p class=\" wall-content\">Emmanuelle a \u00e9t\u00e9 victime d\u2019<strong>inceste et de viols<\/strong> dans son enfance et son adolescence. Des faits que son esprit a d\u00e9cid\u00e9 d\u2019effacer au travers d\u2019une <strong>amn\u00e9sie traumatique<\/strong>. Une amn\u00e9sie qui a fini par se briser, le 17\u00a0octobre 2023, apr\u00e8s de longs mois de mal-\u00eatre durant lesquels Emmanuelle ne comprenait pas ce qui la tourmentait.<\/p>\n<p class=\" wall-content\">En janvier, elle a sorti un livre \u00ab\u2009Un 17\u00a0octobre\u2009\u00bb o\u00f9 elle raconte cette amn\u00e9sie. Elle a accept\u00e9 d\u2019en parler aupr\u00e8s d\u2019actu Nantes.<\/p>\n<p>Des souvenirs violents<\/p>\n<p class=\" wall-content\">M\u00e8re \u00e9panouie de trois enfants, deux gar\u00e7ons et une fille, Emmanuelle a explor\u00e9 plusieurs m\u00e9tiers avant de devenir <strong>coordinatrice AESH<\/strong> (accompagnement d\u2019\u00e9l\u00e8ves en situation de handicap).<\/p>\n<p class=\" wall-content\">\u00ab\u2009Je vivais normalement, j\u2019\u00e9tais quelqu\u2019un d\u2019assez speed comme si je ne voulais pas voir\u2009\u00bb, se souvient-elle. Une vie d\u2019apparence tranquille qui bascule suite \u00e0 plusieurs \u00e9v\u00e9nements\u2009: \u00ab\u2009Apr\u00e8s le d\u00e9c\u00e8s de ma grand-m\u00e8re, je n\u2019arrivais plus \u00e0 m\u2019arr\u00eater, je sentais que quelque chose essayait d\u2019\u00e9merger.\u2009\u00bb<\/p>\n<p>Vid\u00e9os : en ce moment sur Actu<\/p>\n<p class=\" wall-content\">Puis vient le <strong>Covid<\/strong>, qui \u00ab\u2009casse son rythme\u2009\u00bb. Fin janvier\u00a02023, elle d\u00e9pose son fils \u00e0 l\u2019\u00e9cole, monte dans la voiture pour aller au travail et tout s\u2019arr\u00eate. Elle n\u2019y arrive pas, part en arr\u00eat.<\/p>\n<p>    <a href=\"https:\/\/www.facebook.com\/plugins\/post.php?href=https%3A%2F%2Fwww.facebook.com%2FEditionsMaia%2Fposts%2Fpfbid023TJnsS4LgvF85G7pgSjnYMRaxz2GJ3LF1xYGRBrMxKHJQgWLSL1tcNLBw6yebtbtl&amp;show_text=true&amp;width=350\" title=\"Ouvrie le lien\" target=\"_blank\" rel=\"noopener\">Cliquez ici pour visualiser le contenu<\/a><\/p>\n<p class=\" wall-content\">Emmanuelle prend rendez-vous chez un <strong>psychologue<\/strong>. \u00ab\u2009J\u2019ai failli annuler, mais je me suis dit qu\u2019il fallait que j\u2019y aille\u2009\u00bb, assure-t-elle. Le rendez-vous se passe bien.<\/p>\n<blockquote class=\"ac-article-quote wall-content\">\n<p>Je lui ai racont\u00e9 ce dont j&rsquo;avais conscience, j&rsquo;y allais parce que je n&rsquo;avais pas r\u00e9ussi \u00e0 aller au travail et que j&rsquo;avais une relation compliqu\u00e9e avec ma fille.\u00a0Je me revois dire au psychologue, sur mon enfance, \u00ab\u00a0mais on n&rsquo;a pas \u00e9t\u00e9 maltrait\u00e9\u00a0\u00bb. Quand j&rsquo;y repense on voit le chemin parcouru. <\/p>\n<p>    <strong>Emmanuelle<\/strong>\n            <\/p><\/blockquote>\n<p class=\" wall-content\">Les mois passent, elle continue de voir le psychologue, jusqu\u2019en octobre. \u00ab\u2009C\u2019est all\u00e9 tr\u00e8s doucement, puis un jour je quitte son cabinet et en partant il me pr\u00e9vient que les prochains jours seront difficiles\u2009\u00bb, raconte-t-elle. Le mardi 17 octobre 2023, la digue l\u00e2che et s\u2019ensuit 48 heures \u00ab\u2009horribles\u2009\u00bb.<\/p>\n<blockquote class=\"ac-article-quote wall-content\">\n<p>Pendant deux jours je revis ce que je comprendrais plus tard \u00eatre des souvenirs. J&rsquo;en ressors comme \u00e9ject\u00e9e violemment. \u00c7a a \u00e9t\u00e9 atroce.<\/p>\n<p>    <strong>Emmanuelle<\/strong>\n            <\/p><\/blockquote>\n<p>Une reconstruction \u00e0 travers la th\u00e9rapie et le sport<\/p>\n<p class=\" wall-content\">Remonter la pente a \u00e9t\u00e9 compliqu\u00e9. Emmanuelle continue d\u2019aller chez son psychologue et est \u00e9norm\u00e9ment soutenue par son \u00e9poux et ses enfants.<\/p>\n<blockquote class=\"ac-article-quote wall-content\">\n<p>Ils ont \u00e9t\u00e9 secou\u00e9s car je suis comme devenue une autre personne.<\/p>\n<p>    <strong>Emmanuelle<\/strong>\n            <\/p><\/blockquote>\n<p class=\" wall-content\">\u00ab\u2009Ils se sont tr\u00e8s bien adapt\u00e9s, mon mari ne m\u2019a jamais jug\u00e9 ou mis sous pression, les enfants ont mis les probl\u00e8mes de l\u2019adolescence de c\u00f4t\u00e9 pour aider leur maman. Aujourd\u2019hui je vais mieux, donc \u00e7a ressort, ils rattrapent le retard\u2009\u00bb, sourit la Nantaise.<\/p>\n<p class=\" wall-content\">Elle reconna\u00eet une p\u00e9riode de d\u00e9ni\u2009: \u00ab\u2009J\u2019ai commenc\u00e9 \u00e0 accepter tout \u00e7a, \u00e0 mettre les mots, lorsque j\u2019ai d\u00e9but\u00e9 le groupe de parole.\u2009\u00bb La quadrag\u00e9naire ne pouvait plus se contenter du psychologue, elle voulait \u00ab\u2009d\u2019autres solutions\u2009\u00bb.<\/p>\n<blockquote class=\"ac-article-quote wall-content\">\n<p>A partir de l\u00e0, il n&rsquo;y a plus eu de d\u00e9ni, j&rsquo;ai pu parler d&rsquo;amn\u00e9sie, d&rsquo;inceste, de violences sexuelles.<\/p>\n<p>    <strong>Emmanuelle<\/strong>\n            <\/p><\/blockquote>\n<p class=\" wall-content\">Emmanuelle se tourne aussi vers une <strong>activit\u00e9 physique<\/strong> sous les conseils de son psychologue. \u00ab\u2009Je ne suis pas du tout sportive \u00e0 la base\u2009\u00bb, rit-elle. D\u2019abord elle marche. Ensuite, elle essaye la self-d\u00e9fense, puis la <strong>boxe<\/strong>. \u00ab\u2009J\u2019ai l\u00e2ch\u00e9 un coup et j\u2019ai ressenti un truc, c\u2019\u00e9tait ce que je voulais faire.\u2009\u00bb Depuis, elle s\u2019entra\u00eene r\u00e9guli\u00e8rement.<\/p>\n<blockquote class=\"ac-article-quote wall-content\">\n<p>Au d\u00e9but, c&rsquo;\u00e9tait tr\u00e8s dur, d&rsquo;\u00eatre seule face \u00e0 un homme. Ca a \u00e9t\u00e9 un d\u00e9foulement th\u00e9rapeutique. L&rsquo;accompagnement a \u00e9t\u00e9 extra. <\/p>\n<p>    <strong>Emmanuelle<\/strong>\n            <\/p><\/blockquote>\n<p class=\" wall-content\">Le sport n\u2019est pas son seul exutoire. \u00ab\u2009J\u2019ai toujours dit qu\u2019un jour j\u2019\u00e9crirai un livre\u2009\u00bb, nous dit-elle naturellement. \u00ab\u2009J\u2019ai commenc\u00e9 \u00e0 \u00e9crire un chapitre durant l\u2019\u00e9t\u00e9.\u2009\u00bb Avant la fin des vacances, elle en \u00e9crit 40. Ses proches le lisent, et Emmanuelle se d\u00e9cide \u00e0 le publier.<\/p>\n<p>Un livre pour aider<\/p>\n<p class=\" wall-content\">\u00c0 aucun moment dans les pages du livre, il n\u2019est fait mention de ce qu\u2019elle a subi. Les chapitres sont une succession de souvenirs, de son adolescence, pass\u00e9e avec deux fr\u00e8res et des parents en confrontation constante, jusqu\u2019\u00e0 l\u2019\u00e2ge adulte et sa vie de m\u00e8re.<\/p>\n<blockquote class=\"ac-article-quote wall-content\">\n<p>L&rsquo;amn\u00e9sie, c&rsquo;est tr\u00e8s bien fait, c&rsquo;est tr\u00e8s fort. Tout ce qui avait trait \u00e0 l&rsquo;inceste, mon cerveau identifiait le danger et il effa\u00e7ait.<\/p>\n<p>    <strong>Emmanuelle<\/strong>\n            <\/p><\/blockquote>\n<p class=\" wall-content\">\u00ab\u2009Les faits c\u2019est ce qu\u2019on n\u2019y trouve pas, le livre n\u2019est pas l\u00e0 pour faire justice\u2009\u00bb, insiste-t-elle. Emmanuelle pourrait encore porter plainte, les faits ne sont pas prescrits, mais elle fait le choix de ne pas le faire.<\/p>\n<p class=\" wall-content\">Emmanuelle veut que les lecteurs puissent s\u2019identifier \u00e0 son histoire et en \u00ab\u2009sortir quelque chose\u2009\u00bb sans comparer. \u00ab\u2009Chacun le lit \u00e0 son niveau. Si un jour quelqu\u2019un vient me voir pour me dire que \u00e7a l\u2019a aid\u00e9, alors j\u2019ai gagn\u00e9.\u2009\u00bb<\/p>\n<p>Infos pratiques\u2009: il est possible d\u2019acheter le livre d\u2019Emmanuelle <a href=\"https:\/\/www.editions-maia.com\/livre\/un-17-octobre-emmanuelle-edeline-9791042511074\/\" target=\"_blank\" rel=\"noopener\">en cliquant ici.<\/a><\/p>\n<p class=\" wall-content\">Suivez toute l\u2019actualit\u00e9 de vos villes et m\u00e9dias favoris en vous inscrivant \u00e0 <a href=\"https:\/\/moncompte.actu.fr\" title=\"D\u00e9couvez Mon Actu\" rel=\"nofollow noopener\" data-trk=\"{&quot;cta&quot;:{&quot;action&quot;:&quot;https:\\\/\\\/moncompte.actu.fr&quot;,&quot;category&quot;:&quot;mon compte&quot;,&quot;from&quot;:&quot;article footer&quot;,&quot;name&quot;:&quot;Mon actu&quot;,&quot;type&quot;:&quot;cta&quot;}}\" target=\"_blank\">Mon Actu<\/a>.<\/p>\n","protected":false},"excerpt":{"rendered":"Par Laure Gentil Publi\u00e9 le 1 mai 2025 \u00e0 17h32 Pr\u00e8s de la Cit\u00e9 des congr\u00e8s, assise dans&hellip;\n","protected":false},"author":2,"featured_media":67313,"comment_status":"","ping_status":"","sticky":false,"template":"","format":"standard","meta":{"footnotes":""},"categories":[2818],"tags":[1111,11,1777,674,1011,27,1380,766,12,2636,25,104,240,799],"class_list":{"0":"post-67312","1":"post","2":"type-post","3":"status-publish","4":"format-standard","5":"has-post-thumbnail","7":"category-nantes","8":"tag-actu","9":"tag-actualites","10":"tag-eu","11":"tag-europe","12":"tag-fr","13":"tag-france","14":"tag-livres","15":"tag-nantes","16":"tag-news","17":"tag-pays-de-la-loire","18":"tag-republique-francaise","19":"tag-societe","20":"tag-temoignage","21":"tag-violences-sexuelles"},"share_on_mastodon":{"url":"https:\/\/pubeurope.com\/@fr\/114433571291421935","error":""},"_links":{"self":[{"href":"https:\/\/www.europesays.com\/fr\/wp-json\/wp\/v2\/posts\/67312","targetHints":{"allow":["GET"]}}],"collection":[{"href":"https:\/\/www.europesays.com\/fr\/wp-json\/wp\/v2\/posts"}],"about":[{"href":"https:\/\/www.europesays.com\/fr\/wp-json\/wp\/v2\/types\/post"}],"author":[{"embeddable":true,"href":"https:\/\/www.europesays.com\/fr\/wp-json\/wp\/v2\/users\/2"}],"replies":[{"embeddable":true,"href":"https:\/\/www.europesays.com\/fr\/wp-json\/wp\/v2\/comments?post=67312"}],"version-history":[{"count":0,"href":"https:\/\/www.europesays.com\/fr\/wp-json\/wp\/v2\/posts\/67312\/revisions"}],"wp:featuredmedia":[{"embeddable":true,"href":"https:\/\/www.europesays.com\/fr\/wp-json\/wp\/v2\/media\/67313"}],"wp:attachment":[{"href":"https:\/\/www.europesays.com\/fr\/wp-json\/wp\/v2\/media?parent=67312"}],"wp:term":[{"taxonomy":"category","embeddable":true,"href":"https:\/\/www.europesays.com\/fr\/wp-json\/wp\/v2\/categories?post=67312"},{"taxonomy":"post_tag","embeddable":true,"href":"https:\/\/www.europesays.com\/fr\/wp-json\/wp\/v2\/tags?post=67312"}],"curies":[{"name":"wp","href":"https:\/\/api.w.org\/{rel}","templated":true}]}}