{"id":673131,"date":"2026-01-18T22:14:29","date_gmt":"2026-01-18T22:14:29","guid":{"rendered":"https:\/\/www.europesays.com\/fr\/673131\/"},"modified":"2026-01-18T22:14:29","modified_gmt":"2026-01-18T22:14:29","slug":"a-saint-etienne-clermont-y-a-cru-1-0","status":"publish","type":"post","link":"https:\/\/www.europesays.com\/fr\/673131\/","title":{"rendered":"A Saint-Etienne, Clermont y a cru (1-0)"},"content":{"rendered":"<p itemprop=\"description\"><strong>Ce samedi, le Clermont Foot a perdu sur la pelouse de Saint-Etienne (1-0).<\/strong><\/p>\n<p>Deux \u00e9quipes qui avaient besoin de points, pas pour les m\u00eames raisons. L&rsquo;ASSE, dans sa qu\u00eate de mont\u00e9e en Ligue 1, voulait se relancer, tandis que Clermont veut engranger au maximum pour s&rsquo;\u00e9viter une seconde moiti\u00e9 de saison aussi cauchemardesque que l&rsquo;an dernier.<\/p>\n<p>Dans l&rsquo;ambiance survolt\u00e9e du Chaudron, les Auvergnats jouaient cr\u00e2nement leur chance. Et \u00e0 la 31e minute, Ilhan Fakili \u00e9tait \u00e0 deux doigts d&rsquo;ouvrir le score mais sa frappe passait tout pr\u00e8s de la lucarne.<\/p>\n<p>Face \u00e0 Lucas Stassin juste avant la mi-temps, Th\u00e9o Guivarch sortait une \u00e9norme parade.<\/p>\n<p>Mais \u00e0 la 55e, Saint-Etienne faisait exploser le verrou clermontois. Sur une superbe action construite, Lucas Stassin remettait en pivot \u00e0 Augustine Boakye, qui crucifiait le gardien (1-0).<\/p>\n<p>A la 73e minute, un p\u00e9nalty lunaire \u00e9tait oubli\u00e9 pour les locaux, alors que le ballon atterrissait sur le bras de Maximiliano Caufriez.<\/p>\n<p>Clairement, Clermont \u00e9tait plus proche d&rsquo;encaisser un second but que d&rsquo;\u00e9galiser. Et il fallait un grand Guivarch pour l&#8217;emp\u00eacher.<\/p>\n<p>Avec cette d\u00e9faite, le CF63 v\u00e9g\u00e8te.<\/p>\n<p>Le d\u00e9placement \u00e0 Annecy vendredi prochain permettra-t-il de se relancer ?<\/p>\n","protected":false},"excerpt":{"rendered":"Ce samedi, le Clermont Foot a perdu sur la pelouse de Saint-Etienne (1-0). Deux \u00e9quipes qui avaient besoin&hellip;\n","protected":false},"author":2,"featured_media":673132,"comment_status":"","ping_status":"","sticky":false,"template":"","format":"standard","meta":{"footnotes":""},"categories":[9653],"tags":[1111,77253,11,6733,2430,2313,77257,1777,674,77260,9375,1011,27,77259,77256,77254,4662,77262,77255,12,1825,77250,77251,77258,77252,77249,9374,25,9373,4001,77261,77263],"class_list":{"0":"post-673131","1":"post","2":"type-post","3":"status-publish","4":"format-standard","5":"has-post-thumbnail","7":"category-saint-etienne","8":"tag-actu","9":"tag-actualite-auvergne","10":"tag-actualites","11":"tag-auvergne","12":"tag-auvergne-rhone-alpes","13":"tag-clermont","14":"tag-ecouter-radio-rva","15":"tag-eu","16":"tag-europe","17":"tag-evenements-auvergne","18":"tag-ferrand","19":"tag-fr","20":"tag-france","21":"tag-frequence-radio-rva","22":"tag-hits-auvergne","23":"tag-info-auvergne","24":"tag-journal","25":"tag-meteo-auvergne","26":"tag-musique-auvergne","27":"tag-news","28":"tag-radio","29":"tag-radio-auvergne","30":"tag-radio-clermont-ferrand","31":"tag-radio-en-ligne-auvergne","32":"tag-radio-locale-auvergne","33":"tag-radio-vichy","34":"tag-radiorva","35":"tag-republique-francaise","36":"tag-rva","37":"tag-saint-etienne","38":"tag-sorties-auvergne","39":"tag-trafic-auvergne"},"share_on_mastodon":{"url":"https:\/\/pubeurope.com\/@fr\/115918410050941056","error":""},"_links":{"self":[{"href":"https:\/\/www.europesays.com\/fr\/wp-json\/wp\/v2\/posts\/673131","targetHints":{"allow":["GET"]}}],"collection":[{"href":"https:\/\/www.europesays.com\/fr\/wp-json\/wp\/v2\/posts"}],"about":[{"href":"https:\/\/www.europesays.com\/fr\/wp-json\/wp\/v2\/types\/post"}],"author":[{"embeddable":true,"href":"https:\/\/www.europesays.com\/fr\/wp-json\/wp\/v2\/users\/2"}],"replies":[{"embeddable":true,"href":"https:\/\/www.europesays.com\/fr\/wp-json\/wp\/v2\/comments?post=673131"}],"version-history":[{"count":0,"href":"https:\/\/www.europesays.com\/fr\/wp-json\/wp\/v2\/posts\/673131\/revisions"}],"wp:featuredmedia":[{"embeddable":true,"href":"https:\/\/www.europesays.com\/fr\/wp-json\/wp\/v2\/media\/673132"}],"wp:attachment":[{"href":"https:\/\/www.europesays.com\/fr\/wp-json\/wp\/v2\/media?parent=673131"}],"wp:term":[{"taxonomy":"category","embeddable":true,"href":"https:\/\/www.europesays.com\/fr\/wp-json\/wp\/v2\/categories?post=673131"},{"taxonomy":"post_tag","embeddable":true,"href":"https:\/\/www.europesays.com\/fr\/wp-json\/wp\/v2\/tags?post=673131"}],"curies":[{"name":"wp","href":"https:\/\/api.w.org\/{rel}","templated":true}]}}