{"id":67316,"date":"2025-05-01T16:42:08","date_gmt":"2025-05-01T16:42:08","guid":{"rendered":"https:\/\/www.europesays.com\/fr\/67316\/"},"modified":"2025-05-01T16:42:08","modified_gmt":"2025-05-01T16:42:08","slug":"il-a-consacre-huit-ans-de-sa-vie-a-restaurer-la-maison-dun-monstre-sacre-de-larchitecture","status":"publish","type":"post","link":"https:\/\/www.europesays.com\/fr\/67316\/","title":{"rendered":"il a consacr\u00e9 huit ans de sa vie \u00e0 restaurer la maison d&rsquo;un monstre sacr\u00e9 de l&rsquo;architecture"},"content":{"rendered":"<p>            Par<br \/>\n        <strong><br \/>\n            <a href=\"https:\/\/actu.fr\/auteur\/sports33\" title=\"Consulter tous les articles de Nicolas Gosselin\" target=\"_blank\" rel=\"noopener\">Nicolas Gosselin<\/a><br \/>\n        <\/strong><\/p>\n<p>        Publi\u00e9 le<\/p>\n<p>            1 mai 2025 \u00e0 17h26        <\/p>\n<p>\u00ab\u00a0Je ne sais pas pourquoi, c\u2019est devenu obsessionnel.\u00a0\u00bb Vincent Donet a consacr\u00e9 huit ann\u00e9es de sa vie \u00e0 restaurer une des 51 maisons de la <strong>Cit\u00e9 Frug\u00e8s \u00e0 Pessac<\/strong> (Gironde), imagin\u00e9e par le c\u00e9l\u00e8bre architecte <strong>Le Corbusier<\/strong>. \u00c0 la base, l\u2019homme n\u2019\u00e9tait ni bricoleur \u2013 \u00ab\u00a0je n\u2019avais jamais tenu de truelle de ma vie\u00a0\u00bb \u2013 ni passionn\u00e9 d\u2019architecture. Mais le destin a fait qu\u2019il a contribu\u00e9 \u00e0 ressusciter un pan de l\u2019\u0153uvre de ce <strong>monstre sacr\u00e9 du Mouvement moderne<\/strong>. R\u00e9cit.<\/p>\n<p class=\" wall-content\">L\u2019histoire remonte 50 ans en arri\u00e8re. Vincent Donet vit les trois premi\u00e8res ann\u00e9es de sa vie dans cette maison, que ses parents ont achet\u00e9 en commun avec ses grands-parents, jusqu\u2019\u00e0 ce qu\u2019ils se d\u00e9cident \u00e0 d\u00e9m\u00e9nager dans un lotissement \u00e0 Cestas. La b\u00e2tisse est alors <strong>largement transform\u00e9e<\/strong> et m\u00eame <strong>d\u00e9coup\u00e9e en trois logements<\/strong>, si bien qu\u2019elle ne ressemble plus du tout \u00e0 son architecture initiale.<\/p>\n<p>Un sacerdoce<\/p>\n<p class=\" wall-content\">Les <strong>larges fen\u00eatres<\/strong>, pr\u00e9vues pour laisser passer un maximum de lumi\u00e8re, sont en partie rebouch\u00e9es. Au rez-de-chauss\u00e9e, la buanderie est annex\u00e9e pour en faire une chambre. Le toit plat, lui, est remplac\u00e9 par une toiture Everite en pente. \u00ab\u00a0Des choses avaient \u00e9t\u00e9 rajout\u00e9e, d\u2019autres avaient \u00e9t\u00e9 supprim\u00e9es\u00a0\u00bb, r\u00e9sume Vincent Donet.<\/p>\n<p class=\" wall-content\">\u00c0 la mort de ses grands-parents, le Pessacais d\u2019origine a \u00e9t\u00e9 sollicit\u00e9 par un a\u00efeul pour la r\u00e9cup\u00e9rer et la retaper. \u00ab\u00a0De fil en aiguille, l\u2019id\u00e9e est rentr\u00e9e dans ma t\u00eate. J\u2019allais sur mes 30 ans, j\u2019\u00e9tais parti pour acheter comme tout le monde\u00a0\u00bb, r\u00e9sume ce salari\u00e9 de l\u2019Institut national de jeunes sourds (INJS) de Bordeaux. Il y emm\u00e9nage en 2003.\u00a0<\/p>\n<p class=\" wall-content\">\u00c0 l\u2019\u00e9poque, le jeune propri\u00e9taire est employ\u00e9 dans la grande distribution. Il d\u00e9marre tr\u00e8s t\u00f4t le matin et quand il finit sa journ\u00e9e de travail vers 11 heures, il embraye avec une deuxi\u00e8me journ\u00e9e de boulot dans sa maison. \u00ab\u00a0J\u2019y passais tout mon temps, j\u2019\u00e9tais <strong>compl\u00e8tement d\u00e9vou\u00e9<\/strong>. Je dormais dans les travaux\u00a0\u00bb, se rem\u00e9more-t-il.<\/p>\n<p>Il a sauv\u00e9 \u00ab\u00a0une des cinq maisons irr\u00e9cup\u00e9rables\u00a0\u00bb<\/p>\n<p class=\" wall-content\">De profane, Vincent Donet est devenu un passionn\u00e9 de Le Corbusier. Pendant le chantier de sa b\u00e2tisse, il s\u2019est retrouv\u00e9 \u00e0 exhumer son \u0153uvre. \u00ab\u00a0Je savais que le plastique, les briques qui ont servi \u00e0 boucher certaines fen\u00eatres et d\u2019autres mat\u00e9riaux n\u2019\u00e9taient pas d\u2019origine donc je pouvais casser. J\u2019ai appris \u00e0 observer, j\u2019ai fait de l\u2019<strong>arch\u00e9ologie architecturale<\/strong> pour redonner \u00e0 la maison son aspect d\u2019origine\u00a0\u00bb, explique le quinquag\u00e9naire.<\/p>\n<p class=\" wall-content\">Quand il l\u2019a achet\u00e9e, sa maison \u00e9tait consid\u00e9r\u00e9e comme <strong>\u00ab\u00a0l\u2019une des cinq irr\u00e9cup\u00e9rables du quartier\u00a0\u00bb<\/strong>. Huit ans apr\u00e8s, Vincent Donet a r\u00e9ussi l\u2019exploit de lui redonner son dessin originel avec ses formes g\u00e9om\u00e9triques et \u00e9pur\u00e9es.<\/p>\n<p class=\" wall-content\">En effet, en imaginant la cit\u00e9 Frug\u00e8s, Le Corbusier a r\u00e9alis\u00e9 \u00ab\u00a0un chantier d\u2019exp\u00e9rimentation in\u00e9dit\u00a0\u00bb : la\u00a0cit\u00e9 consid\u00e9r\u00e9e comme <strong>l\u2019une des premi\u00e8res cit\u00e9s-jardins ouvri\u00e8res<\/strong> r\u00e9alis\u00e9es dans le monde, selon les canons de l\u2019esth\u00e9tique moderne.<\/p>\n<p>\u00ab\u00a0C\u2019\u00e9tait mon chemin de Compostelle\u00a0\u00bb<\/p>\n<p class=\" wall-content\">Ce projet a permis au d\u00e9but du 20e si\u00e8cle, date \u00e0 laquelle le lotissement a \u00e9t\u00e9 livr\u00e9, de proposer <strong>un logement ouvrier accessible \u00e0 la propri\u00e9t\u00e9<\/strong> et dot\u00e9 des \u00e9l\u00e9ments de confort les plus innovants.<\/p>\n<p class=\" wall-content\">Un si\u00e8cle plus tard, les crit\u00e8res de confort ont \u00e9volu\u00e9 et ces maisons peuvent sembler un peu d\u00e9su\u00e8tes. Mais Vincent Donet s\u2019y sent bien. M\u00eame si l\u2019isolation thermique laisse \u00e0 d\u00e9sirer par exemple. \u00ab\u00a0C\u2019est <strong>comme une vieille voiture<\/strong> sans airbag, \u00e7a a son charme\u00a0\u00bb, compare-t-il.<\/p>\n<p class=\" wall-content\">Le propri\u00e9taire n\u2019a pas voulu r\u00e9nover sa maison quand il s\u2019est lanc\u00e9 dans les travaux. Pourtant, \u00e0 l\u2019\u00e9poque, la cit\u00e9 Frug\u00e8s n\u2019\u00e9tait pas encore inscrite sur <a href=\"https:\/\/actu.fr\/tag\/patrimoine-unesco\" target=\"_blank\" rel=\"noopener\">la liste du Patrimoine mondial de l\u2019Humanit\u00e9 par l\u2019Unesco<\/a>, au titre de l\u2019\u0153uvre architecturale de Le Corbusier. C\u2019est arriv\u00e9 en 2016. Vincent Donet aurait donc pu s\u2019y donner \u00e0 c\u0153ur choix, sans avoir de restrictions architecturales, mais il a voulu <strong>conserver cette \u00e2me d\u2019habitat ouvrier<\/strong>.<\/p>\n<p class=\" wall-content\">Et peu importe le confort aujourd\u2019hui discutable de son lieu de vie : Vincent Donet a trouv\u00e9 \u00ab\u00a0son petit coin de paradis\u00a0\u00bb. \u00ab\u00a0Avoir restaur\u00e9 cette maison, c\u2019est <strong>ma plus grande fiert\u00e9<\/strong>. Pendant des ann\u00e9es, j\u2019y ai consacr\u00e9 ma vie, je me suis un peu coup\u00e9 du monde, mais si c\u2019\u00e9tait \u00e0 refaire, je le referais. C\u2019\u00e9tait mon chemin de Compostelle, elle m\u2019a permis de grandir. C\u2019est une partie de moi cette maison.\u00a0\u00bb<\/p>\n<p class=\" wall-content\">Suivez toute l\u2019actualit\u00e9 de vos villes et m\u00e9dias favoris en vous inscrivant \u00e0 <a href=\"https:\/\/moncompte.actu.fr\" title=\"D\u00e9couvez Mon Actu\" rel=\"nofollow noopener\" data-trk=\"{&quot;cta&quot;:{&quot;action&quot;:&quot;https:\\\/\\\/moncompte.actu.fr&quot;,&quot;category&quot;:&quot;mon compte&quot;,&quot;from&quot;:&quot;article footer&quot;,&quot;name&quot;:&quot;Mon actu&quot;,&quot;type&quot;:&quot;cta&quot;}}\" target=\"_blank\">Mon Actu<\/a>.<\/p>\n","protected":false},"excerpt":{"rendered":"Par Nicolas Gosselin Publi\u00e9 le 1 mai 2025 \u00e0 17h26 \u00ab\u00a0Je ne sais pas pourquoi, c\u2019est devenu obsessionnel.\u00a0\u00bb&hellip;\n","protected":false},"author":2,"featured_media":67317,"comment_status":"","ping_status":"","sticky":false,"template":"","format":"standard","meta":{"footnotes":""},"categories":[2817],"tags":[1111,11,1997,1777,674,1011,27,1908,12,2219,5182,25,104,1352],"class_list":{"0":"post-67316","1":"post","2":"type-post","3":"status-publish","4":"format-standard","5":"has-post-thumbnail","7":"category-bordeaux","8":"tag-actu","9":"tag-actualites","10":"tag-bordeaux","11":"tag-eu","12":"tag-europe","13":"tag-fr","14":"tag-france","15":"tag-logement","16":"tag-news","17":"tag-nouvelle-aquitaine","18":"tag-patrimoine-unesco","19":"tag-republique-francaise","20":"tag-societe","21":"tag-urbanisme"},"share_on_mastodon":{"url":"https:\/\/pubeurope.com\/@fr\/114433578995067136","error":""},"_links":{"self":[{"href":"https:\/\/www.europesays.com\/fr\/wp-json\/wp\/v2\/posts\/67316","targetHints":{"allow":["GET"]}}],"collection":[{"href":"https:\/\/www.europesays.com\/fr\/wp-json\/wp\/v2\/posts"}],"about":[{"href":"https:\/\/www.europesays.com\/fr\/wp-json\/wp\/v2\/types\/post"}],"author":[{"embeddable":true,"href":"https:\/\/www.europesays.com\/fr\/wp-json\/wp\/v2\/users\/2"}],"replies":[{"embeddable":true,"href":"https:\/\/www.europesays.com\/fr\/wp-json\/wp\/v2\/comments?post=67316"}],"version-history":[{"count":0,"href":"https:\/\/www.europesays.com\/fr\/wp-json\/wp\/v2\/posts\/67316\/revisions"}],"wp:featuredmedia":[{"embeddable":true,"href":"https:\/\/www.europesays.com\/fr\/wp-json\/wp\/v2\/media\/67317"}],"wp:attachment":[{"href":"https:\/\/www.europesays.com\/fr\/wp-json\/wp\/v2\/media?parent=67316"}],"wp:term":[{"taxonomy":"category","embeddable":true,"href":"https:\/\/www.europesays.com\/fr\/wp-json\/wp\/v2\/categories?post=67316"},{"taxonomy":"post_tag","embeddable":true,"href":"https:\/\/www.europesays.com\/fr\/wp-json\/wp\/v2\/tags?post=67316"}],"curies":[{"name":"wp","href":"https:\/\/api.w.org\/{rel}","templated":true}]}}