{"id":67318,"date":"2025-05-01T16:43:08","date_gmt":"2025-05-01T16:43:08","guid":{"rendered":"https:\/\/www.europesays.com\/fr\/67318\/"},"modified":"2025-05-01T16:43:08","modified_gmt":"2025-05-01T16:43:08","slug":"un-homme-porte-disparu-apres-avoir-fonce-dans-la-garonne-pour-fuir-la-police-a-bordeaux","status":"publish","type":"post","link":"https:\/\/www.europesays.com\/fr\/67318\/","title":{"rendered":"Un homme port\u00e9 disparu apr\u00e8s avoir fonc\u00e9 dans la Garonne pour fuir la police \u00e0 Bordeaux"},"content":{"rendered":"<p>            Par<br \/>\n        <strong><br \/>\n            <a href=\"https:\/\/actu.fr\/auteur\/anaelle-montagne\" title=\"Consulter tous les articles de Anaelle Montagne\" rel=\"nofollow noopener\" target=\"_blank\">Anaelle Montagne<\/a><br \/>\n        <\/strong><\/p>\n<p>        Publi\u00e9 le<\/p>\n<p>            1 mai 2025 \u00e0 18h38        <\/p>\n<p>5h30 du matin, sur le quai Sainte-Croix de Bordeaux. Les policiers de la BAC (brigade anti criminalit\u00e9) patrouillent pr\u00e8s du pont de pierre. Soudain, ils aper\u00e7oivent deux individus qui <strong>s\u2019enfuient en les voyant arriver<\/strong>.<\/p>\n<p class=\" wall-content\">L\u2019un d\u2019eux fonce dans les rues de Bordeaux et l\u2019autre, vers le fleuve. Il descend jusque dans la vase qui borde la Garonne. Mais en voyant des pompiers arriver, l\u2019homme part \u00e0 la nage. Quelques instants plus tard, il est aper\u00e7u en difficult\u00e9 dans l\u2019eau. <strong>Et puis, plus rien<\/strong>.<\/p>\n<p>Les recherches termin\u00e9es<\/p>\n<p class=\" wall-content\">Appel\u00e9e par les forces de l\u2019ordre, une autre \u00e9quipe de pompiers arrive sur place pour chercher l\u2019individu, entre le <a href=\"https:\/\/actu.fr\/tag\/pont-simone-veil\" rel=\"nofollow noopener\" target=\"_blank\">pont Simone Veil<\/a> et le pont de pierre. Les secours le cherchent dans l\u2019eau gr\u00e2ce \u00e0 une embarcation, et sur la berge, \u00e0 l\u2019aide de <strong>chiens<\/strong> et de <strong>drones<\/strong>.<\/p>\n<p class=\" wall-content\">Mais au bout de trois heures, toujours rien.<strong> \u00c0 8h30, les forces de l\u2019ordre d\u00e9cident de mettre fin aux recherches<\/strong>. Seul un sac contenant des bijoux est d\u00e9couvert l\u00e0 o\u00f9 les individus ont d\u00e9but\u00e9 leur course, selon <a href=\"https:\/\/www.sudouest.fr\/faits-divers\/un-homme-porte-disparu-dans-la-garonne-a-bordeaux-24253139.php\" rel=\"nofollow noopener\" target=\"_blank\">Sud Ouest<\/a>.<\/p>\n<p class=\" wall-content\">\u00c0 l\u2019heure qu\u2019il est, l\u2019homme recherch\u00e9 n\u2019a toujours pas \u00e9t\u00e9 retrouv\u00e9. Nos confr\u00e8res ajoutent qu\u2019une enqu\u00eate est en cours pour \u00ab\u00a0recherches d\u2019une <strong>personne disparue<\/strong> dans des circonstances inqui\u00e9tantes\u00a0\u00bb, et que la personne qui l\u2019accompagnait est <strong>toujours en fuite<\/strong>.<\/p>\n<p>Vid\u00e9os : en ce moment sur Actu<\/p>\n<p class=\" wall-content\">Suivez toute l\u2019actualit\u00e9 de vos villes et m\u00e9dias favoris en vous inscrivant \u00e0 <a href=\"https:\/\/moncompte.actu.fr\" title=\"D\u00e9couvez Mon Actu\" rel=\"nofollow noopener\" data-trk=\"{&quot;cta&quot;:{&quot;action&quot;:&quot;https:\\\/\\\/moncompte.actu.fr&quot;,&quot;category&quot;:&quot;mon compte&quot;,&quot;from&quot;:&quot;article footer&quot;,&quot;name&quot;:&quot;Mon actu&quot;,&quot;type&quot;:&quot;cta&quot;}}\" target=\"_blank\">Mon Actu<\/a>.<\/p>\n<ul class=\"ac-article-tag wall-content\">\n<li><a href=\"https:\/\/actu.fr\/tag\/disparition\" data-trk=\"{&quot;cta&quot;:{&quot;action&quot;:&quot;Disparition inqui\\u00e9tante&quot;,&quot;category&quot;:&quot;tag&quot;,&quot;from&quot;:&quot;article footer&quot;,&quot;name&quot;:&quot;Disparition inqui\\u00e9tante&quot;,&quot;type&quot;:&quot;cta&quot;}}\" rel=\"nofollow noopener\" target=\"_blank\">#Disparition inqui\u00e9tante<\/a><\/li>\n<li><a href=\"https:\/\/actu.fr\/tag\/police\" data-trk=\"{&quot;cta&quot;:{&quot;action&quot;:&quot;Police&quot;,&quot;category&quot;:&quot;tag&quot;,&quot;from&quot;:&quot;article footer&quot;,&quot;name&quot;:&quot;Police&quot;,&quot;type&quot;:&quot;cta&quot;}}\" rel=\"nofollow noopener\" target=\"_blank\">#Police<\/a><\/li>\n<\/ul>\n","protected":false},"excerpt":{"rendered":"Par Anaelle Montagne Publi\u00e9 le 1 mai 2025 \u00e0 18h38 5h30 du matin, sur le quai Sainte-Croix de&hellip;\n","protected":false},"author":2,"featured_media":67319,"comment_status":"","ping_status":"","sticky":false,"template":"","format":"standard","meta":{"footnotes":""},"categories":[2817],"tags":[1111,11,1997,3676,1777,674,118,1011,27,12,2219,1072,25],"class_list":{"0":"post-67318","1":"post","2":"type-post","3":"status-publish","4":"format-standard","5":"has-post-thumbnail","7":"category-bordeaux","8":"tag-actu","9":"tag-actualites","10":"tag-bordeaux","11":"tag-disparition-inquietante","12":"tag-eu","13":"tag-europe","14":"tag-faits-divers","15":"tag-fr","16":"tag-france","17":"tag-news","18":"tag-nouvelle-aquitaine","19":"tag-police","20":"tag-republique-francaise"},"share_on_mastodon":{"url":"https:\/\/pubeurope.com\/@fr\/114433583005455042","error":""},"_links":{"self":[{"href":"https:\/\/www.europesays.com\/fr\/wp-json\/wp\/v2\/posts\/67318","targetHints":{"allow":["GET"]}}],"collection":[{"href":"https:\/\/www.europesays.com\/fr\/wp-json\/wp\/v2\/posts"}],"about":[{"href":"https:\/\/www.europesays.com\/fr\/wp-json\/wp\/v2\/types\/post"}],"author":[{"embeddable":true,"href":"https:\/\/www.europesays.com\/fr\/wp-json\/wp\/v2\/users\/2"}],"replies":[{"embeddable":true,"href":"https:\/\/www.europesays.com\/fr\/wp-json\/wp\/v2\/comments?post=67318"}],"version-history":[{"count":0,"href":"https:\/\/www.europesays.com\/fr\/wp-json\/wp\/v2\/posts\/67318\/revisions"}],"wp:featuredmedia":[{"embeddable":true,"href":"https:\/\/www.europesays.com\/fr\/wp-json\/wp\/v2\/media\/67319"}],"wp:attachment":[{"href":"https:\/\/www.europesays.com\/fr\/wp-json\/wp\/v2\/media?parent=67318"}],"wp:term":[{"taxonomy":"category","embeddable":true,"href":"https:\/\/www.europesays.com\/fr\/wp-json\/wp\/v2\/categories?post=67318"},{"taxonomy":"post_tag","embeddable":true,"href":"https:\/\/www.europesays.com\/fr\/wp-json\/wp\/v2\/tags?post=67318"}],"curies":[{"name":"wp","href":"https:\/\/api.w.org\/{rel}","templated":true}]}}