{"id":673225,"date":"2026-01-18T23:20:11","date_gmt":"2026-01-18T23:20:11","guid":{"rendered":"https:\/\/www.europesays.com\/fr\/673225\/"},"modified":"2026-01-18T23:20:11","modified_gmt":"2026-01-18T23:20:11","slug":"maquillage-apres-60-ans-ces-10-erreurs-que-toutes-font-pour-rajeunir-et-qui-marquent-chaque-ride-en-plein-jour","status":"publish","type":"post","link":"https:\/\/www.europesays.com\/fr\/673225\/","title":{"rendered":"Maquillage apr\u00e8s 60 ans : ces 10 erreurs que toutes font pour rajeunir et qui marquent chaque ride en plein jour"},"content":{"rendered":"<p>Et si ce n\u00a0\u00bb\u00e9tait pas vos rides qui vous vieillissaient, mais<br \/>\nvotre fa\u00e7on de les maquiller ? Pass\u00e9 60 ans, beaucoup de femmes<br \/>\nsuperposent fond de teint, poudre et anti-cernes pour lisser leur<br \/>\nvisage, persuad\u00e9es qu&rsquo;elles vont ainsi para\u00eetre plus jeunes. En<br \/>\nr\u00e9alit\u00e9, chaque couche en trop se loge dans les ridules, fige les<br \/>\nexpressions et peut ajouter plusieurs ann\u00e9es en lumi\u00e8re du<br \/>\njour.<\/p>\n<p>Avec la m\u00e9nopause, la peau devient plus s\u00e8che, plus fine, perd<br \/>\nde son \u00e9clat et les rides s&rsquo;accentuent ; le maquillage r\u00e9agit donc<br \/>\ndiff\u00e9remment qu&rsquo;\u00e0 40 ans. Les expertes insistent sur un point : la<br \/>\nfa\u00e7on de se maquiller doit \u00e9voluer avec une <strong>peau<br \/>\nmature<\/strong> pour ne pas durcir les traits. Dix <strong>erreurs<br \/>\nde maquillage apr\u00e8s 60 ans<\/strong> reviennent sans cesse&#8230; et<br \/>\nbeaucoup se glissent encore dans les salles de bain.<\/p>\n<p>Maquillage du teint : quand trop couvrir fait ressortir chaque<br \/>\nride<\/p>\n<p>La premi\u00e8re erreur consiste \u00e0 traiter le visage comme une toile<br \/>\n\u00e0 masquer. <strong>Fond de teint tr\u00e8s couvrant<\/strong>, fini mat,<br \/>\nplusieurs couches d&rsquo;anti-cernes : tout cela fige les traits et<br \/>\nmarque chaque pli au lieu de le flouter. Les maquilleuses<br \/>\nrecommandent d\u00e9sormais des <strong>textures l\u00e9g\u00e8res et<br \/>\nhydratantes<\/strong>, type BB cr\u00e8me ou fond de teint fluide, pos\u00e9es<br \/>\nen fine couche et bien fondues vers le cou. \u00ab\u00a0De mani\u00e8re g\u00e9n\u00e9rale,<br \/>\nayez la main l\u00e9g\u00e8re, il faut peu de quantit\u00e9 pour vous sublimer !\u00a0\u00bb,<br \/>\nconseille Magali Marx, make-up artiste pour Clarins interrog\u00e9e par<br \/>\nAufeminin.<\/p>\n<p>Autre pi\u00e8ge fr\u00e9quent : mal g\u00e9rer les zones de relief. Un<br \/>\n<strong>anti-cernes trop clair<\/strong>, pos\u00e9 sur le bomb\u00e9 des<br \/>\npoches, les met en \u00e9vidence ; Magali Marx rappelle que \u00ab\u00a0cela les<br \/>\nfait ressortir\u00a0\u00bb et qu&rsquo;il faut au contraire \u00ab\u00a0appliquer le concealer<br \/>\ndans le creux de la poche et dans le coin interne et externe\u00a0\u00bb. M\u00eame<br \/>\nlogique pour le <strong>blush plac\u00e9 trop bas<\/strong>, qu&rsquo;elle<br \/>\ninvite \u00e0 remonter : \u00ab\u00a0il faut au contraire remonter ses pommettes,<br \/>\nleur donner plus de rebond en positionnant le blush plus haut\u00a0\u00bb. Au<br \/>\nfinal, dix erreurs reviennent souvent :<\/p>\n<ul>\n<li>Fond de teint trop couvrant<\/li>\n<li>Zapper cr\u00e8me hydratante<\/li>\n<li>Oublier la base lissante<\/li>\n<li>Anti-cernes trop clair<\/li>\n<li>Trop de poudre matifiante<\/li>\n<li>Blush dans le creux des joues<\/li>\n<li>Fards \u00e0 paupi\u00e8res trop fonc\u00e9s<\/li>\n<li>Cils non recourb\u00e9s, mascara lourd<\/li>\n<li>Sourcils n\u00e9glig\u00e9s ou trop durs<\/li>\n<li>Rouges \u00e0 l\u00e8vres qui durcissent<\/li>\n<\/ul>\n<p>Yeux et sourcils : des gestes qui ferment le regard<\/p>\n<p>Sur une paupi\u00e8re tombante ou frip\u00e9e, des fards tr\u00e8s fonc\u00e9s ou<br \/>\npaillet\u00e9s creusent le regard au lieu de l&rsquo;ouvrir. Un trait de<br \/>\ncrayon noir \u00e9pais, combin\u00e9 \u00e0 un mascara volumisant, ferme encore<br \/>\nplus l&rsquo;\u0153il, surtout si l&rsquo;on oublie de recourber les cils pour les<br \/>\nd\u00e9coller de la paupi\u00e8re.<\/p>\n<p>Les <strong>sourcils<\/strong> jouent aussi un r\u00f4le cl\u00e9. Quand<br \/>\nils sont clairsem\u00e9s et non maquill\u00e9s, le visage para\u00eet fatigu\u00e9 ;<br \/>\ndessin\u00e9s trop fonc\u00e9s, ils durcissent tout. Pour Magali Marx, \u00ab\u00a0Ils<br \/>\nsont la cl\u00e9 d\u2019un regard plus jeune\u00a0\u00bb : \u00ab\u00a0on comble les trous puis on<br \/>\nles brosse\u00a0\u00bb pour un r\u00e9sultat doux.<\/p>\n<p>Rouge \u00e0 l\u00e8vres et tendances : quand<br \/>\nvouloir rajeunir durcit la bouche<\/p>\n<p>Des rouges \u00e0 l\u00e8vres tr\u00e8s fonc\u00e9s et mats ou des nudes beiges<br \/>\ndurcissent la bouche sur des l\u00e8vres d\u00e9j\u00e0 amincies ; \u00ab\u00a0Cela affine<br \/>\ndavantage les l\u00e8vres\u00a0\u00bb, pr\u00e9vient Magali Marx, qui recommande \u00ab\u00a0des<br \/>\ntextures satin\u00e9es, lumineuses\u00a0\u00bb pour flouter les ridules.<\/p>\n","protected":false},"excerpt":{"rendered":"Et si ce n\u00a0\u00bb\u00e9tait pas vos rides qui vous vieillissaient, mais votre fa\u00e7on de les maquiller ? Pass\u00e9&hellip;\n","protected":false},"author":2,"featured_media":673226,"comment_status":"","ping_status":"","sticky":false,"template":"","format":"standard","meta":{"footnotes":"","_share_on_mastodon":"0"},"categories":[8],"tags":[48766,77272,2424,58,59,1011,27,6727,3552],"class_list":["post-673225","post","type-post","status-publish","format-standard","has-post-thumbnail","category-divertissement","tag-anti-rides","tag-astuce-beaute","tag-beaute","tag-divertissement","tag-entertainment","tag-fr","tag-france","tag-maquillage","tag-seniors"],"share_on_mastodon":{"url":"https:\/\/pubeurope.com\/@fr\/115918669405378660","error":""},"_links":{"self":[{"href":"https:\/\/www.europesays.com\/fr\/wp-json\/wp\/v2\/posts\/673225","targetHints":{"allow":["GET"]}}],"collection":[{"href":"https:\/\/www.europesays.com\/fr\/wp-json\/wp\/v2\/posts"}],"about":[{"href":"https:\/\/www.europesays.com\/fr\/wp-json\/wp\/v2\/types\/post"}],"author":[{"embeddable":true,"href":"https:\/\/www.europesays.com\/fr\/wp-json\/wp\/v2\/users\/2"}],"replies":[{"embeddable":true,"href":"https:\/\/www.europesays.com\/fr\/wp-json\/wp\/v2\/comments?post=673225"}],"version-history":[{"count":0,"href":"https:\/\/www.europesays.com\/fr\/wp-json\/wp\/v2\/posts\/673225\/revisions"}],"wp:featuredmedia":[{"embeddable":true,"href":"https:\/\/www.europesays.com\/fr\/wp-json\/wp\/v2\/media\/673226"}],"wp:attachment":[{"href":"https:\/\/www.europesays.com\/fr\/wp-json\/wp\/v2\/media?parent=673225"}],"wp:term":[{"taxonomy":"category","embeddable":true,"href":"https:\/\/www.europesays.com\/fr\/wp-json\/wp\/v2\/categories?post=673225"},{"taxonomy":"post_tag","embeddable":true,"href":"https:\/\/www.europesays.com\/fr\/wp-json\/wp\/v2\/tags?post=673225"}],"curies":[{"name":"wp","href":"https:\/\/api.w.org\/{rel}","templated":true}]}}