{"id":673298,"date":"2026-01-19T00:10:11","date_gmt":"2026-01-19T00:10:11","guid":{"rendered":"https:\/\/www.europesays.com\/fr\/673298\/"},"modified":"2026-01-19T00:10:11","modified_gmt":"2026-01-19T00:10:11","slug":"mer-baltique-lallemagne-refuse-lacces-a-un-petrolier-soupconne-dappartenir-a-la-flotte-fantome","status":"publish","type":"post","link":"https:\/\/www.europesays.com\/fr\/673298\/","title":{"rendered":"Mer Baltique : l\u2019Allemagne refuse l\u2019acc\u00e8s \u00e0 un p\u00e9trolier soup\u00e7onn\u00e9 d\u2019appartenir \u00e0 la flotte fant\u00f4me"},"content":{"rendered":"<p>\n      Les autorit\u00e9s allemandes ont refus\u00e9 l\u2019acc\u00e8s \u00e0 leurs eaux territoriales \u00e0 un p\u00e9trolier soup\u00e7onn\u00e9 d\u2019appartenir \u00e0 la flotte fant\u00f4me apr\u00e8s la constatation d\u2019irr\u00e9gularit\u00e9s dans ses documents d\u2019identification, dont un num\u00e9ro OMI non conforme.\n    <\/p>\n<p>Les autorit\u00e9s allemandes ont r\u00e9cemment refus\u00e9 l\u2019acc\u00e8s \u00e0 leurs eaux territoriales \u00e0 un p\u00e9trolier soup\u00e7onn\u00e9 d\u2019appartenir \u00e0 la flotte fant\u00f4me employ\u00e9e pour contourner les sanctions sur les exportations russes, une d\u00e9cision peu courante en mer Baltique. Le navire concern\u00e9, identifi\u00e9 sous le nom de Tavian, a \u00e9t\u00e9 intercept\u00e9 alors qu\u2019il se trouvait au large des c\u00f4tes allemandes, \u00e0 l\u2019approche de la mer Baltique, apr\u00e8s avoir transit\u00e9 par la mer du Nord.<\/p>\n<p>L\u2019intervention a \u00e9t\u00e9 men\u00e9e par la police f\u00e9d\u00e9rale allemande, qui a proc\u00e9d\u00e9 \u00e0 une v\u00e9rification des documents du p\u00e9trolier. \u00c0 l\u2019issue du contr\u00f4le, les autorit\u00e9s ont relev\u00e9 des irr\u00e9gularit\u00e9s majeures dans l\u2019identification du navire, notamment l\u2019utilisation d\u2019un num\u00e9ro OMI non conforme, \u00e9l\u00e9ment central du dispositif international de suivi et de s\u00e9curit\u00e9 maritime. Sur cette base, le p\u00e9trolier n\u2019a pas \u00e9t\u00e9 autoris\u00e9 \u00e0 p\u00e9n\u00e9trer dans les eaux territoriales allemandes et a \u00e9t\u00e9 contraint de faire demi-tour.<\/p>\n<p>Selon les informations communiqu\u00e9es par les autorit\u00e9s, il s\u2019agit d\u2019un premier cas connu de refus explicite d\u2019acc\u00e8s aux eaux territoriales allemandes visant un p\u00e9trolier de la flotte fant\u00f4me. Aucune pr\u00e9cision suppl\u00e9mentaire n\u2019a \u00e9t\u00e9 fournie concernant la cargaison, le pavillon effectif du navire ou d\u2019\u00e9ventuelles suites administratives ou judiciaires.<\/p>\n<p>Cette d\u00e9cision intervient dans un contexte de surveillance renforc\u00e9e du trafic p\u00e9trolier en mer Baltique, o\u00f9 circulent r\u00e9guli\u00e8rement des navires anciens op\u00e9rant en marge des cadres r\u00e9glementaires internationaux.<\/p>\n<p><strong>\u00a9 Un article de la r\u00e9daction de Mer et Marine.\u00a0Reproduction interdite sans consentement du ou des auteurs.<\/strong><\/p>\n<p>\u00a0<\/p>\n","protected":false},"excerpt":{"rendered":"Les autorit\u00e9s allemandes ont refus\u00e9 l\u2019acc\u00e8s \u00e0 leurs eaux territoriales \u00e0 un p\u00e9trolier soup\u00e7onn\u00e9 d\u2019appartenir \u00e0 la flotte&hellip;\n","protected":false},"author":2,"featured_media":118317,"comment_status":"","ping_status":"","sticky":false,"template":"","format":"standard","meta":{"footnotes":""},"categories":[1587],"tags":[11,672,1804,6130,6141,6131,6138,2380,6135,1805,554,1803,1777,6136,674,6139,1801,6134,3135,6128,567,6129,6127,12,6132,4838,6133,1802,6140,6137],"class_list":{"0":"post-673298","1":"post","2":"type-post","3":"status-publish","4":"format-standard","5":"has-post-thumbnail","7":"category-allemagne","8":"tag-actualites","9":"tag-allemagne","10":"tag-bundesrepublik-deutschland","11":"tag-chantiers","12":"tag-commando","13":"tag-construction-navale","14":"tag-costa","15":"tag-croisiere","16":"tag-dcns","17":"tag-de","18":"tag-defense","19":"tag-deutschland","20":"tag-eu","21":"tag-euronaval","22":"tag-europe","23":"tag-fremm","24":"tag-germany","25":"tag-interviews","26":"tag-littoral","27":"tag-marine","28":"tag-marine-nationale","29":"tag-maritime","30":"tag-mer","31":"tag-news","32":"tag-offshore","33":"tag-peche","34":"tag-reportages","35":"tag-republique-federale-dallemagne","36":"tag-sncm","37":"tag-stx"},"share_on_mastodon":{"url":"https:\/\/pubeurope.com\/@fr\/115918865939931076","error":""},"_links":{"self":[{"href":"https:\/\/www.europesays.com\/fr\/wp-json\/wp\/v2\/posts\/673298","targetHints":{"allow":["GET"]}}],"collection":[{"href":"https:\/\/www.europesays.com\/fr\/wp-json\/wp\/v2\/posts"}],"about":[{"href":"https:\/\/www.europesays.com\/fr\/wp-json\/wp\/v2\/types\/post"}],"author":[{"embeddable":true,"href":"https:\/\/www.europesays.com\/fr\/wp-json\/wp\/v2\/users\/2"}],"replies":[{"embeddable":true,"href":"https:\/\/www.europesays.com\/fr\/wp-json\/wp\/v2\/comments?post=673298"}],"version-history":[{"count":0,"href":"https:\/\/www.europesays.com\/fr\/wp-json\/wp\/v2\/posts\/673298\/revisions"}],"wp:featuredmedia":[{"embeddable":true,"href":"https:\/\/www.europesays.com\/fr\/wp-json\/wp\/v2\/media\/118317"}],"wp:attachment":[{"href":"https:\/\/www.europesays.com\/fr\/wp-json\/wp\/v2\/media?parent=673298"}],"wp:term":[{"taxonomy":"category","embeddable":true,"href":"https:\/\/www.europesays.com\/fr\/wp-json\/wp\/v2\/categories?post=673298"},{"taxonomy":"post_tag","embeddable":true,"href":"https:\/\/www.europesays.com\/fr\/wp-json\/wp\/v2\/tags?post=673298"}],"curies":[{"name":"wp","href":"https:\/\/api.w.org\/{rel}","templated":true}]}}