{"id":67332,"date":"2025-05-01T16:50:12","date_gmt":"2025-05-01T16:50:12","guid":{"rendered":"https:\/\/www.europesays.com\/fr\/67332\/"},"modified":"2025-05-01T16:50:12","modified_gmt":"2025-05-01T16:50:12","slug":"gregory-doucet-en-garde-a-vue-fin-de-mandat-honteuse","status":"publish","type":"post","link":"https:\/\/www.europesays.com\/fr\/67332\/","title":{"rendered":"Gr\u00e9gory Doucet en garde \u00e0 vue, fin de mandat honteuse ?"},"content":{"rendered":"<p itemprop=\"description\"><strong><strong>LyonMag n\u00b0212 est en kiosques ce vendredi, disponible dans vos points de vente habituels.<\/strong><\/strong><\/p>\n<p style=\"text-align:center\"><img loading=\"lazy\" decoding=\"async\" alt=\"\" height=\"779\" src=\"https:\/\/www.europesays.com\/fr\/wp-content\/uploads\/2025\/05\/capture-d-e-cran-2025-04-30-a-21-25-18.png\" width=\"600\"\/><\/p>\n<p>Il y a des affaires dont on voit tout de suite qu&rsquo;elles peuvent faire tomber des \u00e9lus, et qui pourtant font pschitt. A Lyon, les procureurs de la R\u00e9publique, et notamment ceux en poste dans les ann\u00e9es 2010 et 2020, sont pass\u00e9s ma\u00eetre dans l&rsquo;art d&rsquo;en enterrer certaines. Et puis il y en a d&rsquo;autres qui, sur le papier, n&rsquo;ont pas l&rsquo;air de cocher les cases du tsunami qui balaye une collectivit\u00e9 et qui, pourtant, donne lieu \u00e0 des perquisitions, des gardes \u00e0 vue et, peut-\u00eatre, \u00e0 une \u00e9lection locale boulevers\u00e9e. L&rsquo;affaire dite des charg\u00e9s de mission de la Ville de Lyon va-t-elle balayer deux d\u00e9cennies de maires de Lyon ?<\/p>\n<p>Notre num\u00e9ro n\u00b0212 est \u00e9galement disponible dans le cadre d&rsquo;un <a href=\"https:\/\/www.lyonmag.com\/page\/subscribe\" target=\"_blank\" rel=\"noopener\">abonnement au format papier<\/a>, ou \u00e0 la vente en ligne, sur <a href=\"https:\/\/www.viapresse.com\/abonnement-magazine-lyonmag.html#last_issues_info\" target=\"_blank\" rel=\"noopener\">le site de notre partenaire Via Presse<\/a>.<\/p>\n<p><strong>Au sommaire de ce num\u00e9ro 212 (mai 2025) :<\/strong><\/p>\n<p>&#8211; Doucet en garde \u00e0 vue : peur sur (l&rsquo;H\u00f4tel) de ville<\/p>\n<p>&#8211; Quand la vie devient un enfer pour les allergiques lyonnais<\/p>\n<p>&#8211; Ca Balanche pas mal \u00e0 Lyon 2<\/p>\n<p>&#8211; Lyon Femmes : Sandra Viricel souffle ses 20 bougies<\/p>\n<p>&#8211; Lyon Restaurants : rencontre avec le chef de Leptine<\/p>\n<p>&#8211; Lyon Foot : OL L\u00e9gendes, pass\u00e9 et pr\u00e9sent ne font qu&rsquo;un<\/p>\n","protected":false},"excerpt":{"rendered":"LyonMag n\u00b0212 est en kiosques ce vendredi, disponible dans vos points de vente habituels. Il y a des&hellip;\n","protected":false},"author":2,"featured_media":67333,"comment_status":"","ping_status":"","sticky":false,"template":"","format":"standard","meta":{"footnotes":""},"categories":[1889],"tags":[1111,11,2813,2190,2430,1109,251,1112,2811,1777,674,118,1011,27,1922,1110,1114,2428,2810,12,241,316,25,2812,517,800],"class_list":{"0":"post-67332","1":"post","2":"type-post","3":"status-publish","4":"format-standard","5":"has-post-thumbnail","7":"category-lyon","8":"tag-actu","9":"tag-actualites","10":"tag-article","11":"tag-asvel","12":"tag-auvergne-rhone-alpes","13":"tag-breves","14":"tag-culture","15":"tag-depeches","16":"tag-economique","17":"tag-eu","18":"tag-europe","19":"tag-faits-divers","20":"tag-fr","21":"tag-france","22":"tag-info","23":"tag-informations","24":"tag-infos","25":"tag-lyon","26":"tag-lyonmag","27":"tag-news","28":"tag-ol","29":"tag-politique","30":"tag-republique-francaise","31":"tag-sociale","32":"tag-sport","33":"tag-transports"},"share_on_mastodon":{"url":"https:\/\/pubeurope.com\/@fr\/114433610551416498","error":""},"_links":{"self":[{"href":"https:\/\/www.europesays.com\/fr\/wp-json\/wp\/v2\/posts\/67332","targetHints":{"allow":["GET"]}}],"collection":[{"href":"https:\/\/www.europesays.com\/fr\/wp-json\/wp\/v2\/posts"}],"about":[{"href":"https:\/\/www.europesays.com\/fr\/wp-json\/wp\/v2\/types\/post"}],"author":[{"embeddable":true,"href":"https:\/\/www.europesays.com\/fr\/wp-json\/wp\/v2\/users\/2"}],"replies":[{"embeddable":true,"href":"https:\/\/www.europesays.com\/fr\/wp-json\/wp\/v2\/comments?post=67332"}],"version-history":[{"count":0,"href":"https:\/\/www.europesays.com\/fr\/wp-json\/wp\/v2\/posts\/67332\/revisions"}],"wp:featuredmedia":[{"embeddable":true,"href":"https:\/\/www.europesays.com\/fr\/wp-json\/wp\/v2\/media\/67333"}],"wp:attachment":[{"href":"https:\/\/www.europesays.com\/fr\/wp-json\/wp\/v2\/media?parent=67332"}],"wp:term":[{"taxonomy":"category","embeddable":true,"href":"https:\/\/www.europesays.com\/fr\/wp-json\/wp\/v2\/categories?post=67332"},{"taxonomy":"post_tag","embeddable":true,"href":"https:\/\/www.europesays.com\/fr\/wp-json\/wp\/v2\/tags?post=67332"}],"curies":[{"name":"wp","href":"https:\/\/api.w.org\/{rel}","templated":true}]}}