{"id":673551,"date":"2026-01-19T03:19:13","date_gmt":"2026-01-19T03:19:13","guid":{"rendered":"https:\/\/www.europesays.com\/fr\/673551\/"},"modified":"2026-01-19T03:19:13","modified_gmt":"2026-01-19T03:19:13","slug":"transferts-top-14-perpignan-et-montpellier-ca-bouge-chez-les-piliers-internationaux","status":"publish","type":"post","link":"https:\/\/www.europesays.com\/fr\/673551\/","title":{"rendered":"Transferts. Top 14 \u2013 Perpignan et Montpellier\u00a0: \u00e7a bouge chez les piliers internationaux"},"content":{"rendered":"<p>\n                \u00c0 l\u2019intersaison cela devrait bouger en premi\u00e8re ligne \u00e0 Montpellier. Selon nos informations, le pilier droit international Mohamed Haouas (31 ans, 16 s\u00e9lections) a demand\u00e9 \u00e0 ses dirigeants d\u2019\u00eatre lib\u00e9r\u00e9 de sa derni\u00e8re ann\u00e9e de contrat.\n            <\/p>\n<p>Haouas avait quitt\u00e9 une premi\u00e8re fois le MHR en 2023 \u00e0 la suite de ses d\u00e9boires judiciaires (vol dans une boulangerie et violences conjugales), avant de s\u2019engager pour une saison avec Biarritz, apr\u00e8s un faux d\u00e9part \u00e0 Clermont. Revenu dans l\u2019H\u00e9rault en 2024 \u00e0 la demande du pr\u00e9sident Mohed Altrad, d\u00e9sireux de lui offrir une deuxi\u00e8me chance, il est depuis r\u00e9guli\u00e8rement align\u00e9 en \u00e9quipe premi\u00e8re mais souffre de la comparaison avec ses concurrents au poste, Wilfrid Hounkpatin (34 ans, 2 s\u00e9lections) et le G\u00e9orgien Luka Japaridze.<\/p>\n<p>\u00c0 Perpignan, le nouveau manager Laurent Labit conna\u00eet tr\u00e8s bien l\u2019actuel Montpelli\u00e9rain et souhaiterait l\u2019enr\u00f4ler pour la saison prochaine. L\u2019Usap, qui a d\u00e9j\u00e0 recrut\u00e9 Enzo Forletta, lui aussi en provenance du MHR, proposerait \u00e0 Haouas un contrat de longue dur\u00e9e. En coulisses, il est question d\u2019un engagement de trois ans assorti d\u2019une l\u00e9g\u00e8re revalorisation salariale par rapport \u00e0 ses \u00e9moluments actuels. \u00c0 Montpellier, le feu vert de sa lib\u00e9ration \u2013 il est engag\u00e9 jusqu\u2019en 2027 \u2013 serait imminent, m\u00eame si le club souhaiterait id\u00e9alement lui trouver un rempla\u00e7ant, si possible JIFF.<\/p>\n<p>L\u2019UBB a \u00e9chang\u00e9 avec Wardi<\/p>\n<p><strong><a href=\"https:\/\/www.rugbyrama.fr\/2026\/01\/09\/transferts-la-rochelle-le-depart-de-reda-wardi-la-rochelle-se-precise-trois-destinations-possibles-13152270.php\" target=\"_self\" rel=\"noopener\">\u00c0 gauche de la m\u00eal\u00e9e, comme indiqu\u00e9 dans nos colonnes<\/a><\/strong>, Reda Wardi devrait quant \u00e0 lui rejoindre son club formateur apr\u00e8s six saisons pass\u00e9es \u00e0 La\u00a0Rochelle. Le dossier n\u2019est toutefois pas encore totalement ficel\u00e9. Si Bordeaux a rencontr\u00e9 le joueur en visioconf\u00e9rence, le club h\u00e9raultais a encore ses faveurs. Un accord financier doit encore intervenir entre le MHR et le Stade rochelais. L\u2019officialisation pourrait avoir lieu dans les prochains jours.<\/p>\n","protected":false},"excerpt":{"rendered":"\u00c0 l\u2019intersaison cela devrait bouger en premi\u00e8re ligne \u00e0 Montpellier. Selon nos informations, le pilier droit international Mohamed&hellip;\n","protected":false},"author":2,"featured_media":673552,"comment_status":"","ping_status":"","sticky":false,"template":"","format":"standard","meta":{"footnotes":""},"categories":[9599],"tags":[1111,11,1777,674,1011,27,49852,2208,12,2680,77305,25,10662],"class_list":{"0":"post-673551","1":"post","2":"type-post","3":"status-publish","4":"format-standard","5":"has-post-thumbnail","7":"category-montpellier","8":"tag-actu","9":"tag-actualites","10":"tag-eu","11":"tag-europe","12":"tag-fr","13":"tag-france","14":"tag-mohamed-haouas","15":"tag-montpellier","16":"tag-news","17":"tag-occitanie","18":"tag-reda-wardi","19":"tag-republique-francaise","20":"tag-transferts"},"share_on_mastodon":{"url":"https:\/\/pubeurope.com\/@fr\/115919609034775320","error":""},"_links":{"self":[{"href":"https:\/\/www.europesays.com\/fr\/wp-json\/wp\/v2\/posts\/673551","targetHints":{"allow":["GET"]}}],"collection":[{"href":"https:\/\/www.europesays.com\/fr\/wp-json\/wp\/v2\/posts"}],"about":[{"href":"https:\/\/www.europesays.com\/fr\/wp-json\/wp\/v2\/types\/post"}],"author":[{"embeddable":true,"href":"https:\/\/www.europesays.com\/fr\/wp-json\/wp\/v2\/users\/2"}],"replies":[{"embeddable":true,"href":"https:\/\/www.europesays.com\/fr\/wp-json\/wp\/v2\/comments?post=673551"}],"version-history":[{"count":0,"href":"https:\/\/www.europesays.com\/fr\/wp-json\/wp\/v2\/posts\/673551\/revisions"}],"wp:featuredmedia":[{"embeddable":true,"href":"https:\/\/www.europesays.com\/fr\/wp-json\/wp\/v2\/media\/673552"}],"wp:attachment":[{"href":"https:\/\/www.europesays.com\/fr\/wp-json\/wp\/v2\/media?parent=673551"}],"wp:term":[{"taxonomy":"category","embeddable":true,"href":"https:\/\/www.europesays.com\/fr\/wp-json\/wp\/v2\/categories?post=673551"},{"taxonomy":"post_tag","embeddable":true,"href":"https:\/\/www.europesays.com\/fr\/wp-json\/wp\/v2\/tags?post=673551"}],"curies":[{"name":"wp","href":"https:\/\/api.w.org\/{rel}","templated":true}]}}