{"id":673620,"date":"2026-01-19T04:17:35","date_gmt":"2026-01-19T04:17:35","guid":{"rendered":"https:\/\/www.europesays.com\/fr\/673620\/"},"modified":"2026-01-19T04:17:35","modified_gmt":"2026-01-19T04:17:35","slug":"video-un-film-sur-la-transmission-linnocence-la-renaissance-laveyronnais-thierry-noguero-devoile-son-nouveau-film","status":"publish","type":"post","link":"https:\/\/www.europesays.com\/fr\/673620\/","title":{"rendered":"VID\u00c9O. \u00ab\u00a0Un film sur la transmission, l\u2019innocence, la renaissance\u00a0\u00bb\u00a0: l\u2019Aveyronnais Thierry Nogu\u00e9ro d\u00e9voile son nouveau film"},"content":{"rendered":"<p>\n                                                                L\u2019infatigable local d\u2019\u00e9tape pr\u00e9sente son quatri\u00e8me film, \u00ab\u00a0\u00c9lias sur le chemin de lumi\u00e8re\u00a0\u00bb, vendredi 23\u00a0janvier, au couvent de Malet, \u00e0 Saint-C\u00f4me-d\u2019Olt.\n                            <\/p>\n<p>Il tourne \u00e0 la vitesse de Quentin Dupieux. \u00c0 peine achev\u00e9 \u00ab\u00a0Dyade\u00a0\u00bb sur l\u2019intelligence artificielle que Thierry Nogu\u00e9ro pr\u00e9sente son quatri\u00e8me long-m\u00e9trage \u00ab\u00a0\u00c9lias sur le chemin de la lumi\u00e8re\u00a0\u00bb. Ce film raconte l\u2019histoire d\u2019\u00c9lias, un gar\u00e7on de 12 ans, orphelin suite au d\u00e9c\u00e8s de sa m\u00e8re, qui est confi\u00e9 \u00e0 la garde de son grand-p\u00e8re, un cur\u00e9 vieillissant et d\u00e9sabus\u00e9. Le cur\u00e9, qui a perdu sa foi et son go\u00fbt \u00e0 la vie, voit son quotidien boulevers\u00e9 par l\u2019arriv\u00e9e d\u2019\u00c9lias. L\u2019innocence, la joie de vivre et la curiosit\u00e9 de l\u2019enfant ravivent peu \u00e0 peu la flamme en lui. \u00c9lias, qui d\u00e9couvre un monde nouveau, pose des questions existentielles sur la vie, la mort, l\u2019amour et la foi, for\u00e7ant son grand-p\u00e8re \u00e0 se confronter \u00e0 ses propres doutes et \u00e0 son pass\u00e9.<\/p>\n<p>Transmission et renaissance<\/p>\n<p>\u00ab\u00a0C\u2019est un film sur la transmission, l\u2019innocence, la renaissance, l\u2019importance des liens interg\u00e9n\u00e9rationnels et la force de l\u2019amour\u00a0\u00bb, r\u00e9sume Thierry Nogu\u00e9ro qui poursuit sa qu\u00eate humaniste \u00e0 travers le cin\u00e9ma. Et de confier en ce sens\u00a0: \u00ab\u00a0Le tournage pendant trois mois a \u00e9t\u00e9 une magnifique aventure humaine.\u00a0\u00bb<\/p>\n<p>La grande premi\u00e8re de pr\u00e9sentation du film aura lieu vendredi 23\u00a0janvier \u00e0 20\u00a0h\u00a030 \u00e0 la grande salle du couvent de Malet \u00e0 Saint-C\u00f4me-d\u2019Olt qui a servi de lieu de tournage. \u00ab\u00a0Nous avons tourn\u00e9 quelques sc\u00e8nes dans ces d\u00e9cors magnifiques, le contact avec s\u0153ur Marie-B\u00e9n\u00e9dicte et le directeur Rodolphe Boumaza a \u00e9t\u00e9 tr\u00e8s chaleureux\u00a0\u00bb, conclut-il. Comme Marcel Proust d\u00e9clarant qu\u2019on \u00e9crit toujours le m\u00eame livre, Thierry Nogu\u00e9ro met toujours en avant l\u2019amour comme issue de secours derri\u00e8re sa cam\u00e9ra. L\u2019amour agap\u00e8\u00a0pour garder le lien, celui du vivre ensemble, n\u00e9cessaire et vital \u00e0 l\u2019heure o\u00f9 les t\u00e9n\u00e8bres semblent prendre le pas sur la lumi\u00e8re. Cet amateur cin\u00e9phile fait sa part, il ne reste plus qu\u2019\u00e0 suivre sa trace. Rendez-vous le 23\u00a0janvier \u00e0 Malet.<\/p><\/p>\n","protected":false},"excerpt":{"rendered":"L\u2019infatigable local d\u2019\u00e9tape pr\u00e9sente son quatri\u00e8me film, \u00ab\u00a0\u00c9lias sur le chemin de lumi\u00e8re\u00a0\u00bb, vendredi 23\u00a0janvier, au couvent de&hellip;\n","protected":false},"author":2,"featured_media":673621,"comment_status":"","ping_status":"","sticky":false,"template":"","format":"standard","meta":{"footnotes":""},"categories":[1354],"tags":[18483,7196,872,58,59,77310,1346,1011,27,1360],"class_list":{"0":"post-673620","1":"post","2":"type-post","3":"status-publish","4":"format-standard","5":"has-post-thumbnail","7":"category-films","8":"tag-aveyron","9":"tag-cinu00e9ma","10":"tag-culture-et-loisirs","11":"tag-divertissement","12":"tag-entertainment","13":"tag-espalion","14":"tag-films","15":"tag-fr","16":"tag-france","17":"tag-movies"},"share_on_mastodon":{"url":"https:\/\/pubeurope.com\/@fr\/115919837189398183","error":""},"_links":{"self":[{"href":"https:\/\/www.europesays.com\/fr\/wp-json\/wp\/v2\/posts\/673620","targetHints":{"allow":["GET"]}}],"collection":[{"href":"https:\/\/www.europesays.com\/fr\/wp-json\/wp\/v2\/posts"}],"about":[{"href":"https:\/\/www.europesays.com\/fr\/wp-json\/wp\/v2\/types\/post"}],"author":[{"embeddable":true,"href":"https:\/\/www.europesays.com\/fr\/wp-json\/wp\/v2\/users\/2"}],"replies":[{"embeddable":true,"href":"https:\/\/www.europesays.com\/fr\/wp-json\/wp\/v2\/comments?post=673620"}],"version-history":[{"count":0,"href":"https:\/\/www.europesays.com\/fr\/wp-json\/wp\/v2\/posts\/673620\/revisions"}],"wp:featuredmedia":[{"embeddable":true,"href":"https:\/\/www.europesays.com\/fr\/wp-json\/wp\/v2\/media\/673621"}],"wp:attachment":[{"href":"https:\/\/www.europesays.com\/fr\/wp-json\/wp\/v2\/media?parent=673620"}],"wp:term":[{"taxonomy":"category","embeddable":true,"href":"https:\/\/www.europesays.com\/fr\/wp-json\/wp\/v2\/categories?post=673620"},{"taxonomy":"post_tag","embeddable":true,"href":"https:\/\/www.europesays.com\/fr\/wp-json\/wp\/v2\/tags?post=673620"}],"curies":[{"name":"wp","href":"https:\/\/api.w.org\/{rel}","templated":true}]}}