{"id":67363,"date":"2025-05-01T17:10:12","date_gmt":"2025-05-01T17:10:12","guid":{"rendered":"https:\/\/www.europesays.com\/fr\/67363\/"},"modified":"2025-05-01T17:10:12","modified_gmt":"2025-05-01T17:10:12","slug":"championship-widnes-recrute-un-deuxieme-ligne-de-limoux-rugby-a-xiii","status":"publish","type":"post","link":"https:\/\/www.europesays.com\/fr\/67363\/","title":{"rendered":"Championship &#8211; Widnes recrute un deuxi\u00e8me ligne de Limoux &#8211; Rugby \u00e0 XIII"},"content":{"rendered":"<p style=\"text-align: justify;\"><strong>\u00c0 la lutte pour le top 6 en Championship, Widnes a jet\u00e9 son d\u00e9volu sur Limoux et Morgan McWhirter pour la fin de sa saison.\u00a0<\/strong><\/p>\n<p style=\"text-align: justify;\">Actuel 7\u00e8me de Championship, Widnes, ancien club de Super League, se bat depuis plusieurs saisons pour retrouver l\u2019\u00e9chelon le plus haut du rugby \u00e0 XIII.<\/p>\n<p style=\"text-align: justify;\">Nos confr\u00e8res anglais de Love Rugby League ont annonc\u00e9 un peu plus t\u00f4t dans la semaine que les Vikings avaient d\u00e9cid\u00e9 de se renforcer en s\u2019attirant les services du joueur limouxin Morgan McWhirter.<\/p>\n<p style=\"text-align: justify;\">\u00c0 23 ans, le deuxi\u00e8me ligne ou centre va donc connaitre un nouveau club, lui qui avait d\u00e9barqu\u00e9 dans la cit\u00e9 blanqueti\u00e8re \u00e0 l\u2019intersaison. Apr\u00e8s notamment des passages en Queensland Cup, l\u2019antichambre de la NRL, sous les couleurs des Mackays Cutters, des Falcons et des Blackhawks.<\/p>\n<p style=\"text-align: justify;\">Selon le m\u00e9dia anglais, Morgan McWhirter jouera bien son dernier match avec Limoux contre Pia le dimanche 4 mai, mais il est attendu \u00e0 Widnes avant le 11 mai et la r\u00e9ception de Featherstone au DCBL Stadium.<\/p>\n<blockquote class=\"instagram-media\" data-instgrm-captioned=\"\" data-instgrm-permalink=\"https:\/\/www.instagram.com\/p\/DJBzKniINWx\/?utm_source=ig_embed&amp;utm_campaign=loading\" data-instgrm-version=\"14\" style=\" background:#FFF; border:0; border-radius:3px; box-shadow:0 0 1px 0 rgba(0,0,0,0.5),0 1px 10px 0 rgba(0,0,0,0.15); margin: 1px; max-width:500px; min-width:326px; padding:0; width:99.375%; width:-webkit-calc(100% - 2px); width:calc(100% - 2px);\">\n<\/blockquote>\n<p><strong>Treize Mondial<br \/><a href=\"https:\/\/www.facebook.com\/13Mondial\" target=\"_blank\" rel=\"noopener nofollow\"><img loading=\"lazy\" decoding=\"async\" class=\"alignnone wp-image-217097\" src=\"https:\/\/www.europesays.com\/fr\/wp-content\/uploads\/2025\/04\/logo-facebook.png\" alt=\"\" width=\"40\" height=\"40\"  \/><\/a> <a href=\"https:\/\/twitter.com\/XIIIMondial\" target=\"_blank\" rel=\"noopener nofollow\"><img loading=\"lazy\" decoding=\"async\" class=\"alignnone wp-image-217098\" src=\"https:\/\/www.europesays.com\/fr\/wp-content\/uploads\/2025\/04\/logo-twitter.png\" alt=\"\" width=\"39\" height=\"39\"  \/><\/a><\/strong><\/p>\n<p>        <script async src=\"https:\/\/platform.twitter.com\/widgets.js\" charset=\"utf-8\"><\/script><script async src=\"\/\/www.instagram.com\/embed.js\"><\/script><\/p>\n","protected":false},"excerpt":{"rendered":"\u00c0 la lutte pour le top 6 en Championship, Widnes a jet\u00e9 son d\u00e9volu sur Limoux et Morgan&hellip;\n","protected":false},"author":2,"featured_media":67364,"comment_status":"","ping_status":"","sticky":false,"template":"","format":"standard","meta":{"footnotes":""},"categories":[1416],"tags":[3500,1011,27,16816,16817,479,2228,1468,2229,60,16818],"class_list":{"0":"post-67363","1":"post","2":"type-post","3":"status-publish","4":"format-standard","5":"has-post-thumbnail","7":"category-rugby","8":"tag-championship","9":"tag-fr","10":"tag-france","11":"tag-limoux-xiii","12":"tag-morgan-mcwhirter","13":"tag-rugby","14":"tag-rugby-a-xiii","15":"tag-rugby-football","16":"tag-rugby-league","17":"tag-sports","18":"tag-widnes-vikings"},"share_on_mastodon":{"url":"https:\/\/pubeurope.com\/@fr\/114433689314664508","error":""},"_links":{"self":[{"href":"https:\/\/www.europesays.com\/fr\/wp-json\/wp\/v2\/posts\/67363","targetHints":{"allow":["GET"]}}],"collection":[{"href":"https:\/\/www.europesays.com\/fr\/wp-json\/wp\/v2\/posts"}],"about":[{"href":"https:\/\/www.europesays.com\/fr\/wp-json\/wp\/v2\/types\/post"}],"author":[{"embeddable":true,"href":"https:\/\/www.europesays.com\/fr\/wp-json\/wp\/v2\/users\/2"}],"replies":[{"embeddable":true,"href":"https:\/\/www.europesays.com\/fr\/wp-json\/wp\/v2\/comments?post=67363"}],"version-history":[{"count":0,"href":"https:\/\/www.europesays.com\/fr\/wp-json\/wp\/v2\/posts\/67363\/revisions"}],"wp:featuredmedia":[{"embeddable":true,"href":"https:\/\/www.europesays.com\/fr\/wp-json\/wp\/v2\/media\/67364"}],"wp:attachment":[{"href":"https:\/\/www.europesays.com\/fr\/wp-json\/wp\/v2\/media?parent=67363"}],"wp:term":[{"taxonomy":"category","embeddable":true,"href":"https:\/\/www.europesays.com\/fr\/wp-json\/wp\/v2\/categories?post=67363"},{"taxonomy":"post_tag","embeddable":true,"href":"https:\/\/www.europesays.com\/fr\/wp-json\/wp\/v2\/tags?post=67363"}],"curies":[{"name":"wp","href":"https:\/\/api.w.org\/{rel}","templated":true}]}}