{"id":673646,"date":"2026-01-19T04:32:10","date_gmt":"2026-01-19T04:32:10","guid":{"rendered":"https:\/\/www.europesays.com\/fr\/673646\/"},"modified":"2026-01-19T04:32:10","modified_gmt":"2026-01-19T04:32:10","slug":"la-clinique-clementville-pour-des-voeux-exauces","status":"publish","type":"post","link":"https:\/\/www.europesays.com\/fr\/673646\/","title":{"rendered":"La clinique Cl\u00e9mentville pour des v\u0153ux exauc\u00e9s"},"content":{"rendered":"<p>La c\u00e9r\u00e9monie des v\u0153ux du maire, Ren\u00e9 Revol, s\u2019est tenue ce samedi 17 janvier \u00e0 17 h, \u00e0 la salle polyvalente de Grabels. De nombreux habitants ont r\u00e9pondu pr\u00e9sents pour ce rendez-vous annuel, qui s\u2019est d\u00e9roul\u00e9 en pr\u00e9sence du maire, des membres du conseil municipal ainsi que du conseil communal des enfants.<\/p>\n<p>Une surprise annonc\u00e9e en amont a marqu\u00e9 la c\u00e9r\u00e9monie avec la venue du pr\u00e9sident d\u2019Oc Sant\u00e9. Sa pr\u00e9sence s\u2019inscrivait dans le contexte du projet de la clinique Cl\u00e9mentville \u00e0 Grabels, un sujet qui suscite l\u2019attention au sein de la commune.<\/p>\n<p>La c\u00e9r\u00e9monie a \u00e9galement \u00e9t\u00e9 rythm\u00e9e par des temps musicaux, avec la participation de trois groupes qui se sont succ\u00e9d\u00e9 sur sc\u00e8ne, contribuant \u00e0 l\u2019ambiance conviviale de l\u2019\u00e9v\u00e9nement.<\/p>\n<p>Correspondante Midi Libre : 06 72 85 20 41<\/p>\n","protected":false},"excerpt":{"rendered":"La c\u00e9r\u00e9monie des v\u0153ux du maire, Ren\u00e9 Revol, s\u2019est tenue ce samedi 17 janvier \u00e0 17 h, \u00e0&hellip;\n","protected":false},"author":2,"featured_media":673647,"comment_status":"","ping_status":"","sticky":false,"template":"","format":"standard","meta":{"footnotes":""},"categories":[9599],"tags":[1111,11,1063,872,1777,674,1011,27,77312,7089,2208,12,2680,25],"class_list":{"0":"post-673646","1":"post","2":"type-post","3":"status-publish","4":"format-standard","5":"has-post-thumbnail","7":"category-montpellier","8":"tag-actu","9":"tag-actualites","10":"tag-animations","11":"tag-culture-et-loisirs","12":"tag-eu","13":"tag-europe","14":"tag-fr","15":"tag-france","16":"tag-grabels","17":"tag-herault","18":"tag-montpellier","19":"tag-news","20":"tag-occitanie","21":"tag-republique-francaise"},"share_on_mastodon":{"url":"https:\/\/pubeurope.com\/@fr\/115919896144926289","error":""},"_links":{"self":[{"href":"https:\/\/www.europesays.com\/fr\/wp-json\/wp\/v2\/posts\/673646","targetHints":{"allow":["GET"]}}],"collection":[{"href":"https:\/\/www.europesays.com\/fr\/wp-json\/wp\/v2\/posts"}],"about":[{"href":"https:\/\/www.europesays.com\/fr\/wp-json\/wp\/v2\/types\/post"}],"author":[{"embeddable":true,"href":"https:\/\/www.europesays.com\/fr\/wp-json\/wp\/v2\/users\/2"}],"replies":[{"embeddable":true,"href":"https:\/\/www.europesays.com\/fr\/wp-json\/wp\/v2\/comments?post=673646"}],"version-history":[{"count":0,"href":"https:\/\/www.europesays.com\/fr\/wp-json\/wp\/v2\/posts\/673646\/revisions"}],"wp:featuredmedia":[{"embeddable":true,"href":"https:\/\/www.europesays.com\/fr\/wp-json\/wp\/v2\/media\/673647"}],"wp:attachment":[{"href":"https:\/\/www.europesays.com\/fr\/wp-json\/wp\/v2\/media?parent=673646"}],"wp:term":[{"taxonomy":"category","embeddable":true,"href":"https:\/\/www.europesays.com\/fr\/wp-json\/wp\/v2\/categories?post=673646"},{"taxonomy":"post_tag","embeddable":true,"href":"https:\/\/www.europesays.com\/fr\/wp-json\/wp\/v2\/tags?post=673646"}],"curies":[{"name":"wp","href":"https:\/\/api.w.org\/{rel}","templated":true}]}}