{"id":673662,"date":"2026-01-19T04:50:10","date_gmt":"2026-01-19T04:50:10","guid":{"rendered":"https:\/\/www.europesays.com\/fr\/673662\/"},"modified":"2026-01-19T04:50:10","modified_gmt":"2026-01-19T04:50:10","slug":"fenouillet-gabriel-sandoval-emeut-avec-son-roman-silencio","status":"publish","type":"post","link":"https:\/\/www.europesays.com\/fr\/673662\/","title":{"rendered":"Fenouillet. Gabriel Sandoval \u00e9meut avec son roman Silencio"},"content":{"rendered":"<p>La m\u00e9diath\u00e8que Georges Wolinski a vibr\u00e9 ce samedi au rythme des mots et des \u00e9motions, lors de la venue exceptionnelle de l\u2019auteur Gabriel Sandoval. Venu pr\u00e9senter son dernier roman, \u00ab\u00a0Silencio\u00a0\u00bb, publi\u00e9 aux \u00e9ditions de la Serna, l\u2019\u00e9crivain a offert aux nombreux visiteurs une matin\u00e9e d\u2019\u00e9changes aussi intenses que son \u0153uvre. D\u00e8s l\u2019ouverture des portes, les lecteurs se sont press\u00e9s pour rencontrer celui dont la plume, \u00e0 la fois puissante et d\u00e9licate, a marqu\u00e9 la rentr\u00e9e litt\u00e9raire. \u00ab\u00a0Silencio\u00a0\u00bb, un roman acclam\u00e9 par la critique, explore les m\u00e9andres de l\u2019\u00e2me humaine avec une profondeur qui ne laisse personne indiff\u00e9rent. Dans ce livre, Sandoval plonge son lecteur dans une introspection po\u00e9tique, o\u00f9 les silences en disent souvent plus que les mots. \u00ab\u00a0C\u2019est un roman qui parle de ce qu\u2019on ne dit pas, de ces non-dits qui nous habitent\u00a0\u00bb, confie l\u2019auteur, visiblement \u00e9mu par l\u2019accueil chaleureux r\u00e9serv\u00e9 par le public fenouilletain. Les participantes, majoritaires ce jour-l\u00e0, sont venues nombreuses, certaines ayant parcouru des dizaines de kilom\u00e8tres pour l\u2019occasion. \u00ab\u00a0Je voulais absolument le rencontrer apr\u00e8s avoir d\u00e9vor\u00e9 son livre en une nuit\u00a0\u00bb, t\u00e9moigne Claire, une lectrice venue de Toulouse. \u00ab\u00a0Son \u00e9criture est comme une caresse sur les blessures de l\u2019\u00e2me. \u00c7a fait du bien de lire quelque chose d\u2019aussi vrai\u00a0\u00bb.<\/p>\n<p>\u00ab\u00a0Silencio\u00a0\u00bb n\u2019est pas un roman comme les autres. \u00c0 travers une narration subtile et des personnages profond\u00e9ment humains, Gabriel Sandoval aborde des th\u00e8mes universels : la solitude, le deuil, mais aussi la r\u00e9silience. Pendant plus d\u2019une heure, l\u2019auteur a partag\u00e9 les coulisses de son \u00e9criture, \u00e9voquant ses inspirations, ses doutes, et ces moments o\u00f9 les mots jaillissent comme une \u00e9vidence.<\/p>\n<p>Des d\u00e9dicaces charg\u00e9es d\u2019\u00e9motion<\/p>\n<p>La s\u00e9ance de d\u00e9dicaces qui a suivi a \u00e9t\u00e9 l\u2019occasion pour les admirateurs de l\u2019auteur d\u2019\u00e9changer avec lui, parfois avec une \u00e9motion palpable. \u00ab\u00a0Merci pour ce que vous nous offrez\u00a0\u00bb, lui glisse une lectrice, les yeux brillants, en lui tendant son exemplaire annot\u00e9 de \u00ab\u00a0Silencio\u00a0\u00bb. La m\u00e9diath\u00e8que Georges Wolinski, qui multiplie les initiatives pour promouvoir la rencontre entre les auteurs et leur public, a une fois de plus prouv\u00e9 son r\u00f4le central dans la vie culturelle locale.<\/p>\n<p>Avec \u00ab\u00a0Silencio\u00a0\u00bb, Gabriel Sandoval confirme son statut d\u2019auteur incontournable, capable de m\u00ealer profondeur psychologique et beaut\u00e9 stylistique. Pour ceux qui n\u2019ont pas pu assister \u00e0 cette rencontre, \u00ab\u00a0Silencio\u00a0\u00bb reste disponible \u00e0 la m\u00e9diath\u00e8que, et l\u2019auteur promet de revenir dans la r\u00e9gion pour de nouvelles discussions.<\/p>\n","protected":false},"excerpt":{"rendered":"La m\u00e9diath\u00e8que Georges Wolinski a vibr\u00e9 ce samedi au rythme des mots et des \u00e9motions, lors de la&hellip;\n","protected":false},"author":2,"featured_media":673663,"comment_status":"","ping_status":"","sticky":false,"template":"","format":"standard","meta":{"footnotes":""},"categories":[2816],"tags":[1111,11,1063,872,1777,674,73579,1011,27,2722,12,2680,25,2312],"class_list":{"0":"post-673662","1":"post","2":"type-post","3":"status-publish","4":"format-standard","5":"has-post-thumbnail","7":"category-toulouse","8":"tag-actu","9":"tag-actualites","10":"tag-animations","11":"tag-culture-et-loisirs","12":"tag-eu","13":"tag-europe","14":"tag-fenouillet","15":"tag-fr","16":"tag-france","17":"tag-haute-garonne","18":"tag-news","19":"tag-occitanie","20":"tag-republique-francaise","21":"tag-toulouse"},"share_on_mastodon":{"url":"https:\/\/pubeurope.com\/@fr\/115919966869319583","error":""},"_links":{"self":[{"href":"https:\/\/www.europesays.com\/fr\/wp-json\/wp\/v2\/posts\/673662","targetHints":{"allow":["GET"]}}],"collection":[{"href":"https:\/\/www.europesays.com\/fr\/wp-json\/wp\/v2\/posts"}],"about":[{"href":"https:\/\/www.europesays.com\/fr\/wp-json\/wp\/v2\/types\/post"}],"author":[{"embeddable":true,"href":"https:\/\/www.europesays.com\/fr\/wp-json\/wp\/v2\/users\/2"}],"replies":[{"embeddable":true,"href":"https:\/\/www.europesays.com\/fr\/wp-json\/wp\/v2\/comments?post=673662"}],"version-history":[{"count":0,"href":"https:\/\/www.europesays.com\/fr\/wp-json\/wp\/v2\/posts\/673662\/revisions"}],"wp:featuredmedia":[{"embeddable":true,"href":"https:\/\/www.europesays.com\/fr\/wp-json\/wp\/v2\/media\/673663"}],"wp:attachment":[{"href":"https:\/\/www.europesays.com\/fr\/wp-json\/wp\/v2\/media?parent=673662"}],"wp:term":[{"taxonomy":"category","embeddable":true,"href":"https:\/\/www.europesays.com\/fr\/wp-json\/wp\/v2\/categories?post=673662"},{"taxonomy":"post_tag","embeddable":true,"href":"https:\/\/www.europesays.com\/fr\/wp-json\/wp\/v2\/tags?post=673662"}],"curies":[{"name":"wp","href":"https:\/\/api.w.org\/{rel}","templated":true}]}}