{"id":673672,"date":"2026-01-19T04:58:51","date_gmt":"2026-01-19T04:58:51","guid":{"rendered":"https:\/\/www.europesays.com\/fr\/673672\/"},"modified":"2026-01-19T04:58:51","modified_gmt":"2026-01-19T04:58:51","slug":"en-superiorite-numerique-lyon-regale-le-groupama-stadium-2-1","status":"publish","type":"post","link":"https:\/\/www.europesays.com\/fr\/673672\/","title":{"rendered":"en sup\u00e9riorit\u00e9 num\u00e9rique, Lyon r\u00e9gale le Groupama Stadium (2-1)"},"content":{"rendered":"<p>Pour cette rencontre, <strong>Paulo Fonseca<\/strong> devait faire sans son meilleur joueur <strong>Corentin Tolisso<\/strong>, suspendu. Mais il pouvait \u00e9videmment compter sur <strong>Endrick<\/strong>, l&rsquo;attaquant br\u00e9silien obs\u00e9d\u00e9 par le but. Ce dernier ne mettait pas une minute \u00e0 s&rsquo;infiltrer dans la surface apr\u00e8s un pressing gagnant, mais le retour d&rsquo;un d\u00e9fenseur l&#8217;emp\u00eachait de faire vibrer le Groupama Stadium, qui n&rsquo;attendait que \u00e7a pour f\u00eater dignement ses 10 ans.<\/p>\n<p><strong>Nicolas Tagliafico<\/strong>, capitaine du soir, faisait disjoncter <strong>Romain Del Castillo<\/strong> \u00e0 la 19e minute. L&rsquo;ailier form\u00e9 \u00e0 l&rsquo;OL se vengeait d&rsquo;une intervention de l&rsquo;Argentin, et il \u00e9tait expuls\u00e9 pour son tacle par derri\u00e8re sur la cheville.<\/p>\n<p>En sup\u00e9riorit\u00e9 num\u00e9rique, Lyon peinait \u00e0 se montrer concr\u00e8tement dangereux. Endrick avait bien une balle de but mais il ratait son face-\u00e0-face.<\/p>\n<p>C&rsquo;est finalement <strong>Pavel Sulc<\/strong>, en grande difficult\u00e9 jusque l\u00e0, qui ouvrait le score \u00e0 la 41e. Lanc\u00e9 en profondeur, le Tch\u00e8que effa\u00e7ait <strong>Gr\u00e9goire Coudert<\/strong> avant de marquer en force dans un angle ferm\u00e9 (1-0).<\/p>\n<p>Juste avant la mi-temps, dans le temps additionnel, <strong>Abner<\/strong>, replac\u00e9 eu milieu de terrain, s&rsquo;offrait un superbe but d&rsquo;une frappe d\u00e9clench\u00e9e \u00e0 l&rsquo;entr\u00e9e de la surface, et qui terminait dans la lucarne oppos\u00e9e (2-0).<\/p>\n<p>L&rsquo;OL continuait son show face \u00e0 des Brestois regroup\u00e9s en d\u00e9fense. Mais ne parvenait pas \u00e0 inscrire le troisi\u00e8me but.<\/p>\n<p>Et Brest en profitait pour r\u00e9duire l&rsquo;\u00e9cart \u00e0 la 87e. Sur un cafouillage dans la surface, <strong>Eric Dina Ebimbe<\/strong> fusillait <strong>Dominik Greif<\/strong> (2-1). Un dernier frisson sur une occasion bretonne \u00e0 deux doigts du poteau lyonnais et c&rsquo;\u00e9tait fini !<\/p>\n<p>Avec cette victoire, Lyon se retrouve quatri\u00e8me, \u00e0 deux points du podium et de l&rsquo;OM.<\/p>\n<p>L&rsquo;OL retrouvera la Ligue Europa ce jeudi, avec le fameux match contre les Young Boys que vous ne verrez pas, aucun diffuseur fran\u00e7ais n&rsquo;est pr\u00e9vu \u00e0 cause d&rsquo;un sponsor du club suisse.<\/p>\n<p><strong>Olympique Lyonnais-Stade Brestois 2-1 (2-0)<\/strong><br \/><strong>Avertissements<\/strong> : Maitland-Niles (46&prime;) pour Lyon<br \/><strong>Buts<\/strong> : Sulc (41&prime;) et Abner (45&prime;) pour Lyon. Dina Ebimbe (87&prime;) pour Brest.<\/p>\n","protected":false},"excerpt":{"rendered":"Pour cette rencontre, Paulo Fonseca devait faire sans son meilleur joueur Corentin Tolisso, suspendu. Mais il pouvait \u00e9videmment&hellip;\n","protected":false},"author":2,"featured_media":673673,"comment_status":"","ping_status":"","sticky":false,"template":"","format":"standard","meta":{"footnotes":""},"categories":[1889],"tags":[1111,11,2813,2430,1109,1112,1777,674,2257,1011,27,1922,1110,1114,2428,2851,12,241,25,517],"class_list":{"0":"post-673672","1":"post","2":"type-post","3":"status-publish","4":"format-standard","5":"has-post-thumbnail","7":"category-lyon","8":"tag-actu","9":"tag-actualites","10":"tag-article","11":"tag-auvergne-rhone-alpes","12":"tag-breves","13":"tag-depeches","14":"tag-eu","15":"tag-europe","16":"tag-foot","17":"tag-fr","18":"tag-france","19":"tag-info","20":"tag-informations","21":"tag-infos","22":"tag-lyon","23":"tag-lyonfoot","24":"tag-news","25":"tag-ol","26":"tag-republique-francaise","27":"tag-sport"},"share_on_mastodon":{"url":"https:\/\/pubeurope.com\/@fr\/115920002242661400","error":""},"_links":{"self":[{"href":"https:\/\/www.europesays.com\/fr\/wp-json\/wp\/v2\/posts\/673672","targetHints":{"allow":["GET"]}}],"collection":[{"href":"https:\/\/www.europesays.com\/fr\/wp-json\/wp\/v2\/posts"}],"about":[{"href":"https:\/\/www.europesays.com\/fr\/wp-json\/wp\/v2\/types\/post"}],"author":[{"embeddable":true,"href":"https:\/\/www.europesays.com\/fr\/wp-json\/wp\/v2\/users\/2"}],"replies":[{"embeddable":true,"href":"https:\/\/www.europesays.com\/fr\/wp-json\/wp\/v2\/comments?post=673672"}],"version-history":[{"count":0,"href":"https:\/\/www.europesays.com\/fr\/wp-json\/wp\/v2\/posts\/673672\/revisions"}],"wp:featuredmedia":[{"embeddable":true,"href":"https:\/\/www.europesays.com\/fr\/wp-json\/wp\/v2\/media\/673673"}],"wp:attachment":[{"href":"https:\/\/www.europesays.com\/fr\/wp-json\/wp\/v2\/media?parent=673672"}],"wp:term":[{"taxonomy":"category","embeddable":true,"href":"https:\/\/www.europesays.com\/fr\/wp-json\/wp\/v2\/categories?post=673672"},{"taxonomy":"post_tag","embeddable":true,"href":"https:\/\/www.europesays.com\/fr\/wp-json\/wp\/v2\/tags?post=673672"}],"curies":[{"name":"wp","href":"https:\/\/api.w.org\/{rel}","templated":true}]}}