{"id":673802,"date":"2026-01-19T06:24:11","date_gmt":"2026-01-19T06:24:11","guid":{"rendered":"https:\/\/www.europesays.com\/fr\/673802\/"},"modified":"2026-01-19T06:24:11","modified_gmt":"2026-01-19T06:24:11","slug":"lukraine-dit-avoir-eu-des-discussions-substantielles-avec-les-etats-unis","status":"publish","type":"post","link":"https:\/\/www.europesays.com\/fr\/673802\/","title":{"rendered":"L\u2019Ukraine dit avoir eu des discussions \u00ab\u00a0substantielles\u00a0\u00bb avec les \u00c9tats-Unis\u2026"},"content":{"rendered":"<p>Nouvelle aide de l\u2019Italie pour la population ukrainienne<\/p>\n<p>Le chef de cabinet de Volodymyr Zelensky, Kyrylo Boudanov, a indiqu\u00e9 dimanche que l\u2019Ukraine allait recevoir des \u00e9quipements de chauffage de l\u2019Italie pour \u00ab\u00a0soutenir les r\u00e9gions les plus touch\u00e9es par la terreur russe\u00a0\u00bb en plein hiver.<\/p>\n<p>L\u2019Ukraine dit avoir eu des discussions \u00ab\u00a0substantielles\u00a0\u00bb avec les \u00c9tats-Unis<\/p>\n<p>Les repr\u00e9sentants de l\u2019Ukraine ont eu des discussions \u00ab\u00a0substantielles\u00a0\u00bb aux Etats-Unis avec les \u00e9missaires am\u00e9ricains Steve Witkoff et Jared Kushner, qui doivent se poursuivre la semaine prochaine, a d\u00e9clar\u00e9 dimanche un des n\u00e9gociateurs ukrainiens, Roustem Oumerov.<\/p>\n<p>Le pr\u00e9sident ukrainien Volodymyr Zelensky, qui a dit esp\u00e9rer signer des documents avec les Etats-Unis sur les garanties de s\u00e9curit\u00e9 lors du forum \u00e9conomique de Davos, en Suisse, a \u00e9galement confirm\u00e9 que la d\u00e9l\u00e9gation de son pays avait eu plusieurs s\u00e9ances de n\u00e9gociations avec la partie am\u00e9ricaine. Selon Roustem Oumerov, celles-ci ont port\u00e9 \u00ab\u00a0sur le d\u00e9veloppement \u00e9conomique et un plan de prosp\u00e9rit\u00e9, ainsi que sur les garanties de s\u00e9curit\u00e9 pour l\u2019Ukraine\u00a0\u00bb.<\/p>\n<p>Bienvenue dans ce nouveau Live<\/p>\n<p>Bonjour \u00e0 toutes et \u00e0 tous. Comme chaque jour, la r\u00e9daction de 20 Minutes est mobilis\u00e9e pour vous donner l\u2019ensemble des informations sur le conflit entre Kiev et Moscou.<\/p>\n<p>Diplomatiquement, les Etats-Unis m\u00e8nent toujours des pourparlers pour tenter de trouver une issue \u00e0 la guerre. Mais sur le terrain, les armes continuent de parler. Et au c\u0153ur de l\u2019hiver, la Russie cible massivement le secteur \u00e9nerg\u00e9tique ukrainien afin de miner le moral de la population.<\/p>\n","protected":false},"excerpt":{"rendered":"Nouvelle aide de l\u2019Italie pour la population ukrainienne Le chef de cabinet de Volodymyr Zelensky, Kyrylo Boudanov, a&hellip;\n","protected":false},"author":2,"featured_media":673803,"comment_status":"","ping_status":"","sticky":false,"template":"","format":"standard","meta":{"footnotes":""},"categories":[1586],"tags":[47,11,75,73,1777,674,1779,1011,27,131,74,12,25,132,1778,364,555,133,135,134],"class_list":{"0":"post-673802","1":"post","2":"type-post","3":"status-publish","4":"format-standard","5":"has-post-thumbnail","7":"category-europe","8":"tag-actualite","9":"tag-actualites","10":"tag-donald-trump","11":"tag-etats-unis","12":"tag-eu","13":"tag-europe","14":"tag-european-union","15":"tag-fr","16":"tag-france","17":"tag-guerre-en-ukraine","18":"tag-monde","19":"tag-news","20":"tag-republique-francaise","21":"tag-russie","22":"tag-ue","23":"tag-union-europeenne","24":"tag-union-europeenne-ue","25":"tag-video","26":"tag-vladimir-poutine","27":"tag-volodymyr-zelensky"},"share_on_mastodon":{"url":"https:\/\/pubeurope.com\/@fr\/115920336573801685","error":""},"_links":{"self":[{"href":"https:\/\/www.europesays.com\/fr\/wp-json\/wp\/v2\/posts\/673802","targetHints":{"allow":["GET"]}}],"collection":[{"href":"https:\/\/www.europesays.com\/fr\/wp-json\/wp\/v2\/posts"}],"about":[{"href":"https:\/\/www.europesays.com\/fr\/wp-json\/wp\/v2\/types\/post"}],"author":[{"embeddable":true,"href":"https:\/\/www.europesays.com\/fr\/wp-json\/wp\/v2\/users\/2"}],"replies":[{"embeddable":true,"href":"https:\/\/www.europesays.com\/fr\/wp-json\/wp\/v2\/comments?post=673802"}],"version-history":[{"count":0,"href":"https:\/\/www.europesays.com\/fr\/wp-json\/wp\/v2\/posts\/673802\/revisions"}],"wp:featuredmedia":[{"embeddable":true,"href":"https:\/\/www.europesays.com\/fr\/wp-json\/wp\/v2\/media\/673803"}],"wp:attachment":[{"href":"https:\/\/www.europesays.com\/fr\/wp-json\/wp\/v2\/media?parent=673802"}],"wp:term":[{"taxonomy":"category","embeddable":true,"href":"https:\/\/www.europesays.com\/fr\/wp-json\/wp\/v2\/categories?post=673802"},{"taxonomy":"post_tag","embeddable":true,"href":"https:\/\/www.europesays.com\/fr\/wp-json\/wp\/v2\/tags?post=673802"}],"curies":[{"name":"wp","href":"https:\/\/api.w.org\/{rel}","templated":true}]}}