{"id":673820,"date":"2026-01-19T06:38:14","date_gmt":"2026-01-19T06:38:14","guid":{"rendered":"https:\/\/www.europesays.com\/fr\/673820\/"},"modified":"2026-01-19T06:38:14","modified_gmt":"2026-01-19T06:38:14","slug":"tf1-devoile-pour-la-premiere-fois-les-images-du-casse-du-louvre-dans-le-musee","status":"publish","type":"post","link":"https:\/\/www.europesays.com\/fr\/673820\/","title":{"rendered":"TF1 d\u00e9voile pour la premi\u00e8re fois les images du casse du Louvre dans le mus\u00e9e"},"content":{"rendered":"<p>        <img decoding=\"async\" loading=\"lazy\" src=\"https:\/\/www.europesays.com\/fr\/wp-content\/uploads\/2026\/01\/a231fa4_upload-1-xfe8augov4pr-afp-20260106-hl-ebroncard-3010213-v1-highres-francethelouvremuseum.jpg\"  width=\"728\" height=\"409\" alt=\"Au mus\u00e9e du Louvre, \u00e0 Paris, le 5\u00a0janvier 2026.\"\/>  <\/p>\n<p>ERIC BRONCARD \/ Hans Lucas via AFP<\/p>\n<p>Au mus\u00e9e du Louvre, \u00e0 Paris, le 5\u00a0janvier 2026.<\/p>\n<p class=\"asset asset-text\">Ce sont des images exclusives, trois mois apr\u00e8s le spectaculaire casse du Louvre \u00e0 Paris. L\u2019\u00e9mission de TF1\u00a0Sept \u00e0 Huit va diffuser ce dimanche 18\u00a0janvier un reportage in\u00e9dit, contenant des images du <a href=\"https:\/\/www.huffingtonpost.fr\/faits-divers\/article\/un-braquage-a-l-ouverture-du-louvre-ce-dimanche-matin-le-musee-ferme-aujourd-hui_256153.html\" target=\"_blank\" rel=\"noopener\">vol des bijoux<\/a>.<\/p>\n<p class=\"asset asset-text\">L\u2019\u00e9mission a d\u00e9j\u00e0 publi\u00e9 sur ses r\u00e9seaux sociaux un extrait d\u2019une minute dans lequel on peut voir les cambrioleurs \u00e0 l\u2019\u0153uvre, s\u2019attaquant aux vitrines de la galerie d\u2019Apollon le 19\u00a0octobre\u00a02025 (<strong>voir la vid\u00e9o plus bas<\/strong>).<\/p>\n<p class=\"asset asset-text\">On y voit notamment l\u2019un des malfaiteurs s\u2019acharnant sur une vitre avec une disqueuse, puis en donnant de violents coups de coude, avant de mettre la main sur les joyaux.\u00a0Il est v\u00eatu d\u2019un gilet jaune et habill\u00e9 tout en noir. Il se dirige ensuite vers la vitrine de son complice pour l\u2019aider \u00e0 briser la vitre qui r\u00e9siste.<\/p>\n<p> La lecture de ce contenu est susceptible d\u2019entra\u00eener un d\u00e9p\u00f4t de cookies de la part de l\u2019op\u00e9rateur tiers qui l\u2019h\u00e9berge. Compte-tenu des choix que vous avez exprim\u00e9s en mati\u00e8re de d\u00e9p\u00f4t de cookies, nous avons bloqu\u00e9 l\u2019affichage de ce contenu. Si vous souhaitez y acc\u00e9der, vous devez accepter la cat\u00e9gorie de cookies \u201cContenus tiers\u201d en cliquant sur le bouton ci-dessous. <\/p>\n<p> Lire la Vid\u00e9o        <\/p>\n<p class=\"asset asset-text\">Trois mois apr\u00e8s le casse, <a href=\"https:\/\/www.huffingtonpost.fr\/france\/article\/casse-au-louvre-le-quatrieme-membre-presume-du-commando-de-cambrioleurs-a-ete-mis-en-examen_257651.html\" target=\"_blank\" rel=\"noopener\">les quatre membres pr\u00e9sum\u00e9s du commando<\/a> sont tous sous les verrous, mais les bijoux restent toujours introuvables tandis que le plus grand mus\u00e9e du monde se d\u00e9bat dans une crise sans pr\u00e9c\u00e9dent.<\/p>\n<p class=\"asset asset-text\">Dans un coffre \u00e0 l\u2019\u00e9tranger, une planque en France ou m\u00eame au fond de la Seine\u00a0? Le myst\u00e8re reste entier sur le devenir <a href=\"https:\/\/www.huffingtonpost.fr\/faits-divers\/article\/braquage-au-musee-du-louvre-voici-la-liste-des-huit-bijoux-derobes-dans-la-galerie-d-apollon_256164.html\" target=\"_blank\" rel=\"noopener\">des joyaux de la Couronne<\/a>, estim\u00e9s \u00e0 88\u00a0millions d\u2019euros et d\u00e9rob\u00e9s sous les yeux du monde entier.<\/p>\n<p class=\"asset asset-text\">D\u2019autres images diffus\u00e9es par France T\u00e9l\u00e9visions montrent que du personnel du Louvre a rapidement p\u00e9n\u00e9tr\u00e9 dans la salle sans \u00eatre en mesure d\u2019intervenir.<\/p>\n<p> La lecture de ce contenu est susceptible d\u2019entra\u00eener un d\u00e9p\u00f4t de cookies de la part de l\u2019op\u00e9rateur tiers qui l\u2019h\u00e9berge. Compte-tenu des choix que vous avez exprim\u00e9s en mati\u00e8re de d\u00e9p\u00f4t de cookies, nous avons bloqu\u00e9 l\u2019affichage de ce contenu. Si vous souhaitez y acc\u00e9der, vous devez accepter la cat\u00e9gorie de cookies \u201cContenus tiers\u201d en cliquant sur le bouton ci-dessous. <\/p>\n<p> Lire la Vid\u00e9o        Pas si \u00ab\u00a0bras cass\u00e9s\u00a0\u00bb que \u00e7a    <\/p>\n<p class=\"asset asset-text\">La compagne de l\u2019un des membres du commando, consid\u00e9r\u00e9e comme leur complice, est elle d\u00e9sormais libre sous contr\u00f4le judiciaire.<\/p>\n<p class=\"asset asset-text\">Les malfaiteurs, trentenaires et pour certains presque quarantenaires, sont entendus depuis la mi-janvier par les juges d\u2019instruction. Ils ont des profils qui ne correspondent pas \u00e0 ceux \u00ab\u00a0que, g\u00e9n\u00e9ralement on associe au haut du spectre de la criminalit\u00e9 organis\u00e9e\u00a0\u00bb, avait indiqu\u00e9 la procureure de Paris Laure Beccuau lors de leur mise en examen.<\/p>\n<p class=\"asset asset-text\">Deux suspects ont \u00e9t\u00e9 confondus par de l\u2019ADN retrouv\u00e9 au Louvre ou sur <a href=\"https:\/\/www.huffingtonpost.fr\/international\/article\/casse-au-louvre-cette-entreprise-allemande-en-profite-pour-faire-la-publicite-de-son-monte-charge_256312.html\" target=\"_blank\" rel=\"noopener\">la nacelle<\/a>\u00a0; le troisi\u00e8me par un scooter identifi\u00e9 sur les cam\u00e9ras puis surveill\u00e9, et sur lequel de l\u2019ADN a parl\u00e9. Le quatri\u00e8me homme, soup\u00e7onn\u00e9 d\u2019avoir positionn\u00e9 la nacelle sous les fen\u00eatres de la galerie d\u2019Apollon, a lui \u00e9t\u00e9 identifi\u00e9 via \u00ab\u00a0des recoupements et des investigations\u00a0\u00bb.<\/p>\n<p class=\"asset asset-text\">Si certains observateurs ont pu pr\u00e9senter les malfaiteurs comme des \u00ab\u00a0bras cass\u00e9s\u00a0\u00bb, en raison de l\u2019ADN laiss\u00e9 ou de la couronne de l\u2019imp\u00e9ratrice Eug\u00e9nie tomb\u00e9e dans leur fuite, une source proche du dossier, interrog\u00e9e par l\u2019AFP, affirme qu\u2019ils ne sont \u00ab\u00a0pas si branquignols que cela\u00a0\u00bb. \u00ab\u00a0Ils avaient mis leurs scooters et le mat\u00e9riel dans des boxes, et avaient d\u00e9mont\u00e9 la vid\u00e9o surveillance\u00a0\u00bb, observe-t-elle.<\/p>\n<p class=\"asset asset-text\">L\u2019op\u00e9ration elle-m\u00eame, en se faisant passer pour des ouvriers en gilet jaune, sur une nacelle \u00e9l\u00e9vatrice, a \u00e9t\u00e9 boucl\u00e9e en huit minutes, sans effusion de sang. \u00ab\u00a0Apr\u00e8s le casse, un v\u00e9hicule relais a pris la direction des Yvelines pour perdre les enqu\u00eateurs en allant dans une zone non couverte par les cam\u00e9ras, avant de revenir en Seine-Saint-Denis. Ils ne se sont plus appel\u00e9s ensuite et ont repris leurs activit\u00e9s comme si de rien n\u2019\u00e9tait\u00a0\u00bb, selon cette source.<\/p>\n","protected":false},"excerpt":{"rendered":"ERIC BRONCARD \/ Hans Lucas via AFP Au mus\u00e9e du Louvre, \u00e0 Paris, le 5\u00a0janvier 2026. Ce sont&hellip;\n","protected":false},"author":2,"featured_media":673821,"comment_status":"","ping_status":"","sticky":false,"template":"","format":"standard","meta":{"footnotes":""},"categories":[1358],"tags":[1348,1384,1385,1386,58,59,118,1011,27,11274,252,199],"class_list":{"0":"post-673820","1":"post","2":"type-post","3":"status-publish","4":"format-standard","5":"has-post-thumbnail","7":"category-arts-et-design","8":"tag-arts","9":"tag-arts-and-design","10":"tag-arts-et-design","11":"tag-design","12":"tag-divertissement","13":"tag-entertainment","14":"tag-faits-divers","15":"tag-fr","16":"tag-france","17":"tag-louvre","18":"tag-television","19":"tag-tf1"},"share_on_mastodon":{"url":"https:\/\/pubeurope.com\/@fr\/115920391663356360","error":""},"_links":{"self":[{"href":"https:\/\/www.europesays.com\/fr\/wp-json\/wp\/v2\/posts\/673820","targetHints":{"allow":["GET"]}}],"collection":[{"href":"https:\/\/www.europesays.com\/fr\/wp-json\/wp\/v2\/posts"}],"about":[{"href":"https:\/\/www.europesays.com\/fr\/wp-json\/wp\/v2\/types\/post"}],"author":[{"embeddable":true,"href":"https:\/\/www.europesays.com\/fr\/wp-json\/wp\/v2\/users\/2"}],"replies":[{"embeddable":true,"href":"https:\/\/www.europesays.com\/fr\/wp-json\/wp\/v2\/comments?post=673820"}],"version-history":[{"count":0,"href":"https:\/\/www.europesays.com\/fr\/wp-json\/wp\/v2\/posts\/673820\/revisions"}],"wp:featuredmedia":[{"embeddable":true,"href":"https:\/\/www.europesays.com\/fr\/wp-json\/wp\/v2\/media\/673821"}],"wp:attachment":[{"href":"https:\/\/www.europesays.com\/fr\/wp-json\/wp\/v2\/media?parent=673820"}],"wp:term":[{"taxonomy":"category","embeddable":true,"href":"https:\/\/www.europesays.com\/fr\/wp-json\/wp\/v2\/categories?post=673820"},{"taxonomy":"post_tag","embeddable":true,"href":"https:\/\/www.europesays.com\/fr\/wp-json\/wp\/v2\/tags?post=673820"}],"curies":[{"name":"wp","href":"https:\/\/api.w.org\/{rel}","templated":true}]}}