{"id":673824,"date":"2026-01-19T06:41:14","date_gmt":"2026-01-19T06:41:14","guid":{"rendered":"https:\/\/www.europesays.com\/fr\/673824\/"},"modified":"2026-01-19T06:41:14","modified_gmt":"2026-01-19T06:41:14","slug":"aap-rocky-met-en-scene-dont-be-dumb-dans-une-performance-exclusive-amazon-music-songline-pour-yams-day","status":"publish","type":"post","link":"https:\/\/www.europesays.com\/fr\/673824\/","title":{"rendered":"A$AP Rocky met en sc\u00e8ne Don\u2019t Be Dumb dans une performance exclusive Amazon Music \u2018Songline\u2019 pour Yams Day"},"content":{"rendered":"<p itemprop=\"description\"><strong>\u00c0 l\u2019occasion du Yams Day 2026, A$AP Rocky s\u2019appr\u00eate \u00e0 pr\u00e9senter une performance in\u00e9dite de son nouvel album Don\u2019t Be Dumb dans le cadre de la s\u00e9rie Songline d\u2019Amazon Music. Un \u00e9v\u00e9nement cin\u00e9matique m\u00ealant musique, hommage et storytelling, diffus\u00e9 en streaming mondial.<\/strong><\/p>\n<p>\u00c0 peine quelques jours apr\u00e8s la sortie tr\u00e8s attendue de <strong>Don\u2019t Be Dumb<\/strong>, <a href=\"https:\/\/generations.fr\/news\/musique\/77820\/asap-rocky-annonce-son-nouvel-album-don-t-be-dumb\" target=\"_blank\" rel=\"noopener\">A$AP Rocky <\/a>transforme le <strong>Yams Day 2026<\/strong> en une c\u00e9l\u00e9bration artistique majeure. <strong>Amazon Music a annonc\u00e9 que le rappeur de Harlem sera la star de la prochaine \u00e9dition de sa s\u00e9rie Songline<\/strong>, une plateforme audiovisuelle qui met en lumi\u00e8re les talents et processus cr\u00e9atifs des artistes hip-hop.<\/p>\n<p>La performance sp\u00e9ciale, pr\u00e9vue pour le <strong>18 janvier \u00e0 21 h ET<\/strong>, sera diffus\u00e9e <strong>en exclusivit\u00e9 sur Amazon Music, Prime Video et Twitch<\/strong>. Film\u00e9e \u00e0 travers plusieurs lieux embl\u00e9matiques de <strong>New York City<\/strong>, elle m\u00ealera <strong>nouvelles chansons tir\u00e9es de l\u2019album<\/strong>, orchestrations spectaculaires \u2014 sign\u00e9es par <strong>Danny Elfman<\/strong> \u2014, et <strong>moments narratifs personnels<\/strong> qui d\u00e9voilent la vision artistique de Rocky.<\/p>\n<\/p>\n<p>Ce format immersif, propre \u00e0 Songline, propose une <strong>exp\u00e9rience bien au-del\u00e0 de la simple performance live<\/strong> : il combine <strong>interviews, musique live et storytelling visuel<\/strong>, offrant aux fans une perspective profonde sur la conception de l\u2019album et l\u2019\u00e9volution cr\u00e9ative du rappeur.<\/p>\n<p>L\u2019\u00e9v\u00e9nement rev\u00eat une dimension symbolique particuli\u00e8re. Il tombe pr\u00e9cis\u00e9ment le <strong>Yams Day<\/strong>, date anniversaire de la disparition de <strong>A$AP Yams<\/strong>, cofondateur visionnaire de l\u2019A$AP Mob et figure centrale de la carri\u00e8re de Rocky. En l\u2019honneur de son fr\u00e8re de rap et mentor spirituel, la performance int\u00e8gre des <strong>tributs et clins d\u2019\u0153il<\/strong> \u00e0 son h\u00e9ritage, rappelant l\u2019influence durable de Yams dans la culture hip-hop.<\/p>\n<p>L\u2019\u00e9pisode \u00ab Songline \u00bb s\u2019inscrit dans la <strong>promotion de l\u2019album Don\u2019t Be Dumb<\/strong>, dont la sortie officielle est programm\u00e9e le <strong>16 janvier<\/strong>. Le premier single, <strong>\u201cPunk Rocky\u201d<\/strong>, a d\u00e9j\u00e0 attis\u00e9 l\u2019int\u00e9r\u00eat des fans et des critiques, pr\u00e9sageant un projet musical riche et ambitieux.<\/p>\n<\/p>\n<p>Avec cette initiative, <a href=\"https:\/\/generations.fr\/news\/coulisse\/80344\/a-ap-rocky-et-rihanna-accueillent-leur-troisieme-enfant\" target=\"_blank\" rel=\"noopener\">A$AP Rocky<\/a> ne se contente pas de lancer un nouvel album : il <strong>r\u00e9invente la mani\u00e8re de partager de la musique<\/strong>, en proposant une exp\u00e9rience immersive qui r\u00e9sonne \u00e0 la fois comme un hommage affectif et une d\u00e9claration artistique pour l\u2019avenir.<\/p>\n","protected":false},"excerpt":{"rendered":"\u00c0 l\u2019occasion du Yams Day 2026, A$AP Rocky s\u2019appr\u00eate \u00e0 pr\u00e9senter une performance in\u00e9dite de son nouvel album&hellip;\n","protected":false},"author":2,"featured_media":673825,"comment_status":"","ping_status":"","sticky":false,"template":"","format":"standard","meta":{"footnotes":""},"categories":[1355],"tags":[1111,67642,11,2163,58,59,1011,27,3612,3620,3606,3607,3605,3608,3617,3615,3609,1922,1361,873,12,2189,3658,1825,67643,3616,3656,67641,3619,3621,3611,3610,2955,3655],"class_list":{"0":"post-673824","1":"post","2":"type-post","3":"status-publish","4":"format-standard","5":"has-post-thumbnail","7":"category-musique","8":"tag-actu","9":"tag-actu-rap","10":"tag-actualites","11":"tag-chroniques","12":"tag-divertissement","13":"tag-entertainment","14":"tag-fr","15":"tag-france","16":"tag-freestyles","17":"tag-funk","18":"tag-generation","19":"tag-generation88-2","20":"tag-generations","21":"tag-generations88-2","22":"tag-hip-hop","23":"tag-hiphop","24":"tag-hiphopsoul","25":"tag-info","26":"tag-music","27":"tag-musique","28":"tag-news","29":"tag-photos","30":"tag-playlist","31":"tag-radio","32":"tag-radio-rap","33":"tag-rap","34":"tag-rapfr","35":"tag-rapus","36":"tag-reggae","37":"tag-rnb","38":"tag-sons","39":"tag-soul","40":"tag-videos","41":"tag-webradio"},"share_on_mastodon":{"url":"https:\/\/pubeurope.com\/@fr\/115920403366295672","error":""},"_links":{"self":[{"href":"https:\/\/www.europesays.com\/fr\/wp-json\/wp\/v2\/posts\/673824","targetHints":{"allow":["GET"]}}],"collection":[{"href":"https:\/\/www.europesays.com\/fr\/wp-json\/wp\/v2\/posts"}],"about":[{"href":"https:\/\/www.europesays.com\/fr\/wp-json\/wp\/v2\/types\/post"}],"author":[{"embeddable":true,"href":"https:\/\/www.europesays.com\/fr\/wp-json\/wp\/v2\/users\/2"}],"replies":[{"embeddable":true,"href":"https:\/\/www.europesays.com\/fr\/wp-json\/wp\/v2\/comments?post=673824"}],"version-history":[{"count":0,"href":"https:\/\/www.europesays.com\/fr\/wp-json\/wp\/v2\/posts\/673824\/revisions"}],"wp:featuredmedia":[{"embeddable":true,"href":"https:\/\/www.europesays.com\/fr\/wp-json\/wp\/v2\/media\/673825"}],"wp:attachment":[{"href":"https:\/\/www.europesays.com\/fr\/wp-json\/wp\/v2\/media?parent=673824"}],"wp:term":[{"taxonomy":"category","embeddable":true,"href":"https:\/\/www.europesays.com\/fr\/wp-json\/wp\/v2\/categories?post=673824"},{"taxonomy":"post_tag","embeddable":true,"href":"https:\/\/www.europesays.com\/fr\/wp-json\/wp\/v2\/tags?post=673824"}],"curies":[{"name":"wp","href":"https:\/\/api.w.org\/{rel}","templated":true}]}}