{"id":673870,"date":"2026-01-19T07:13:10","date_gmt":"2026-01-19T07:13:10","guid":{"rendered":"https:\/\/www.europesays.com\/fr\/673870\/"},"modified":"2026-01-19T07:13:10","modified_gmt":"2026-01-19T07:13:10","slug":"lens-toujours-leader-devant-le-psg-monaco-et-nice-en-perdition","status":"publish","type":"post","link":"https:\/\/www.europesays.com\/fr\/673870\/","title":{"rendered":"Lens toujours leader devant le PSG, Monaco et Nice en perdition"},"content":{"rendered":"<p>\n    D\u00e9couvrez le classement du championnat de France de football toujours domin\u00e9 \u00e0 l\u2019issue de la 18e journ\u00e9e par le Racing Club de Lens, devant le Paris Saint-Germain et l\u2019Olympique de Marseille.<\/p>\n<p class=\"fig-paragraph\">Podium inchang\u00e9. Tous trois vainqueurs ce week-end lors de la 18e journ\u00e9e de Ligue 1,<a href=\"http:\/\/www.lefigaro.fr\/sports\/football\/ligue-1\/ligue-1-lens-enchaine-face-a-auxerre-et-recupere-sa-place-de-leader-20260117\" data-fig-type=\"NewsFlash\" data-gtm-custom-categorie=\"navigation\" data-gtm-custom-action=\"crossclick\" data-gtm-custom-label=\"Contextuel\" data-gtm-event=\"customEventSPE\" data-fig-domain=\"LEFIGARO\" target=\"_blank\" rel=\"noopener\">\u00a0le Racing Club de Lens<\/a>\u00a0(1er, 43 points),<a href=\"http:\/\/www.lefigaro.fr\/sports\/football\/ligue-1\/ligue-1-avec-un-bijou-signe-dembele-le-psg-couche-lille-et-prend-provisoirement-la-tete-20260116\" data-fig-type=\"NewsFlash\" data-gtm-custom-categorie=\"navigation\" data-gtm-custom-action=\"crossclick\" data-gtm-custom-label=\"Contextuel\" data-gtm-event=\"customEventSPE\" data-fig-domain=\"LEFIGARO\" target=\"_blank\" rel=\"noopener\">\u00a0le Paris Saint-Germain<\/a>\u00a0(2e, 42 pts) et\u00a0<a href=\"http:\/\/www.lefigaro.fr\/sports\/football\/ligue-1\/ligue-1-l-om-assure-face-a-angers-et-conforte-sa-place-sur-le-podium-20260117\" data-fig-type=\"NewsFlash\" data-gtm-custom-categorie=\"navigation\" data-gtm-custom-action=\"crossclick\" data-gtm-custom-label=\"Contextuel\" data-gtm-event=\"customEventSPE\" data-fig-domain=\"LEFIGARO\" target=\"_blank\" rel=\"noopener\">l\u2019Olympique de Marseille<\/a>\u00a0(3e, 35 pts) ont conserv\u00e9 leur position. Samedi, le leader lensois se rendra au stade V\u00e9lodrome pour d\u00e9fier l\u2019OM.<\/p>\n<p class=\"fig-paragraph\">Derri\u00e8re ce trio, c\u2019est l\u2019Olympique Lyonnais (4e, 33 pts),<a href=\"http:\/\/www.lefigaro.fr\/sports\/football\/ligue-1\/ligue-1-tombeur-de-brest-l-ol-grimpe-dans-le-top-4-20260118\" data-fig-type=\"NewsFlash\" data-gtm-custom-categorie=\"navigation\" data-gtm-custom-action=\"crossclick\" data-gtm-custom-label=\"Contextuel\" data-gtm-event=\"customEventSPE\" data-fig-domain=\"LEFIGARO\" target=\"_blank\" rel=\"noopener\">\u00a0vainqueur de Brest<\/a>, qui a r\u00e9alis\u00e9 la bonne op\u00e9ration en grimpant dans le top 4, devant Lille et\u00a0<a href=\"http:\/\/www.lefigaro.fr\/sports\/football\/ligue-1\/ligue-1-le-paris-fc-respire-et-enfonce-nantes-rennes-ralenti-par-le-havre-20260118\" data-fig-type=\"NewsFlash\" data-gtm-custom-categorie=\"navigation\" data-gtm-custom-action=\"crossclick\" data-gtm-custom-label=\"Contextuel\" data-gtm-event=\"customEventSPE\" data-fig-domain=\"LEFIGARO\" target=\"_blank\" rel=\"noopener\">Rennes\u00a0<\/a>(31 pts). Cette course \u00e0 l\u2019Europe ne concerne quasiment plus l\u2019AS Monaco, rel\u00e9gu\u00e9 \u00e0 la 10e place (32 pts) apr\u00e8s sa cuisante d\u00e9faite (1-3) face \u00e0 Lorient vendredi. Et c\u2019est encore pire pour son voisin azur\u00e9en, l\u2019OGC Nice,\u00a0<a href=\"http:\/\/www.lefigaro.fr\/sports\/football\/ligue-1\/ligue-1-ecrase-a-toulouse-le-nice-de-claude-puel-n-en-finit-pas-de-sombrer-20260117\" data-fig-type=\"NewsFlash\" data-gtm-custom-categorie=\"navigation\" data-gtm-custom-action=\"crossclick\" data-gtm-custom-label=\"Contextuel\" data-gtm-event=\"customEventSPE\" data-fig-domain=\"LEFIGARO\" target=\"_blank\" rel=\"noopener\">\u00e9cras\u00e9 \u00e0 Toulouse<\/a>\u00a0et d\u00e9sormais 15e (18 pts).<\/p>\n<p>                                            <a class=\"fig-a11y-skip\" href=\"#fig-a11y-skip-main-inarticle\" data-module=\"a11y-skip\" data-context=\"was @visible\"><br \/>\n    Passer la publicit\u00e9<br \/>\n<\/a>            <\/p>\n<p class=\"fig-paragraph\">Les Ni\u00e7ois de Claude Puel poss\u00e8dent seulement quatre points d\u2019avance sur le FC Nantes (16e), en position de barragiste. L\u2019AJ Auxerre (17e) et le FC Metz (18e) ferment la marche avec 12 unit\u00e9s.<\/p>\n<p class=\"fig-paragraph\">Le classement complet de Ligue 1 est<a href=\"https:\/\/www.lefigaro.fr\/sports\/football\/ligue-1\/classement\" target=\"_blank\" rel=\"sponsored noopener\" data-gtm-custom-categorie=\"navigation\" data-gtm-custom-action=\"crossclick\" data-gtm-custom-label=\"Contextuel\" data-gtm-event=\"customEventSPE\">\u00a0\u00e0 retrouver ici.<\/a><\/p>\n<tr>\n<td>1. Lens<\/td>\n<td>43 points<\/td>\n<\/tr>\n<tr>\n<td>2. PSG<\/td>\n<td>42 points<\/td>\n<\/tr>\n<tr>\n<td>3. Marseille<\/td>\n<td>35 points<\/td>\n<\/tr>\n<tr>\n<td>4. Lyon<\/td>\n<td>33 points<\/td>\n<\/tr>\n<tr>\n<td>5. Lille<\/td>\n<td>31 points<\/td>\n<\/tr>\n<tr>\n<td>6. Rennes<\/td>\n<td>31 points<\/td>\n<\/tr>\n<tr>\n<td>7. Strasbourg<\/td>\n<td>27 points<\/td>\n<\/tr>\n","protected":false},"excerpt":{"rendered":"D\u00e9couvrez le classement du championnat de France de football toujours domin\u00e9 \u00e0 l\u2019issue de la 18e journ\u00e9e par&hellip;\n","protected":false},"author":2,"featured_media":673871,"comment_status":"","ping_status":"","sticky":false,"template":"","format":"standard","meta":{"footnotes":""},"categories":[2819],"tags":[1111,11,1777,674,1011,27,12,2401,2268,1176,91,882,2264,25],"class_list":{"0":"post-673870","1":"post","2":"type-post","3":"status-publish","4":"format-standard","5":"has-post-thumbnail","7":"category-nice","8":"tag-actu","9":"tag-actualites","10":"tag-eu","11":"tag-europe","12":"tag-fr","13":"tag-france","14":"tag-news","15":"tag-nice","16":"tag-ogc-nice","17":"tag-olympique-de-marseille","18":"tag-paris-saint-germain","19":"tag-provence-alpes-cote-dazur","20":"tag-rc-lens","21":"tag-republique-francaise"},"share_on_mastodon":{"url":"https:\/\/pubeurope.com\/@fr\/115920529134989136","error":""},"_links":{"self":[{"href":"https:\/\/www.europesays.com\/fr\/wp-json\/wp\/v2\/posts\/673870","targetHints":{"allow":["GET"]}}],"collection":[{"href":"https:\/\/www.europesays.com\/fr\/wp-json\/wp\/v2\/posts"}],"about":[{"href":"https:\/\/www.europesays.com\/fr\/wp-json\/wp\/v2\/types\/post"}],"author":[{"embeddable":true,"href":"https:\/\/www.europesays.com\/fr\/wp-json\/wp\/v2\/users\/2"}],"replies":[{"embeddable":true,"href":"https:\/\/www.europesays.com\/fr\/wp-json\/wp\/v2\/comments?post=673870"}],"version-history":[{"count":0,"href":"https:\/\/www.europesays.com\/fr\/wp-json\/wp\/v2\/posts\/673870\/revisions"}],"wp:featuredmedia":[{"embeddable":true,"href":"https:\/\/www.europesays.com\/fr\/wp-json\/wp\/v2\/media\/673871"}],"wp:attachment":[{"href":"https:\/\/www.europesays.com\/fr\/wp-json\/wp\/v2\/media?parent=673870"}],"wp:term":[{"taxonomy":"category","embeddable":true,"href":"https:\/\/www.europesays.com\/fr\/wp-json\/wp\/v2\/categories?post=673870"},{"taxonomy":"post_tag","embeddable":true,"href":"https:\/\/www.europesays.com\/fr\/wp-json\/wp\/v2\/tags?post=673870"}],"curies":[{"name":"wp","href":"https:\/\/api.w.org\/{rel}","templated":true}]}}