{"id":67399,"date":"2025-05-01T17:31:09","date_gmt":"2025-05-01T17:31:09","guid":{"rendered":"https:\/\/www.europesays.com\/fr\/67399\/"},"modified":"2025-05-01T17:31:09","modified_gmt":"2025-05-01T17:31:09","slug":"saint-etienne-et-son-agglomeration-saint-etienne-celebration-de-la-victoire-du-8-mai-1945-appel-a-temoignages","status":"publish","type":"post","link":"https:\/\/www.europesays.com\/fr\/67399\/","title":{"rendered":"Saint-Etienne et son agglom\u00e9ration | Saint-\u00c9tienne. C\u00e9l\u00e9bration de la victoire du 8-Mai 1945\u00a0: appel \u00e0 t\u00e9moignages"},"content":{"rendered":"<p>L\u2019acte de capitulation de l\u2019Allemagne nazie est sign\u00e9 le 8\u00a0mai 1945 \u00e0 Berlin\u00a0; il marque la fin des combats de la Seconde Guerre mondiale en Europe. Dans le cadre de ce 80e anniversaire qui marque la fin d\u2019une p\u00e9riode de terreur, notre journal recherche des personnes ayant v\u00e9cu la c\u00e9l\u00e9bration du 8\u00a0mai 1945 \u00e0 Saint-\u00c9tienne et son agglom\u00e9ration.<\/p>\n<p class=\"note\">Si vous souhaitiez t\u00e9moigner de ce pan d\u2019histoire, veillez nous contacter au 04.77.91.47.47 ou nous joindre sur notre adresse mail\u00a0: lprstetienne@leprogres.fr. (merci de bien laisser vos coordonn\u00e9es pour qu\u2019on puisse vous rappeler).<\/p>\n","protected":false},"excerpt":{"rendered":"L\u2019acte de capitulation de l\u2019Allemagne nazie est sign\u00e9 le 8\u00a0mai 1945 \u00e0 Berlin\u00a0; il marque la fin des&hellip;\n","protected":false},"author":2,"featured_media":30227,"comment_status":"","ping_status":"","sticky":false,"template":"","format":"standard","meta":{"footnotes":""},"categories":[9653],"tags":[1111,11,2430,7539,1777,674,1011,27,937,12,25,4001,7538,104],"class_list":{"0":"post-67399","1":"post","2":"type-post","3":"status-publish","4":"format-standard","5":"has-post-thumbnail","7":"category-saint-etienne","8":"tag-actu","9":"tag-actualites","10":"tag-auvergne-rhone-alpes","11":"tag-edition-loire-sud","12":"tag-eu","13":"tag-europe","14":"tag-fr","15":"tag-france","16":"tag-histoire","17":"tag-news","18":"tag-republique-francaise","19":"tag-saint-etienne","20":"tag-saint-etienne-ville","21":"tag-societe"},"share_on_mastodon":{"url":"https:\/\/pubeurope.com\/@fr\/114433771667634566","error":""},"_links":{"self":[{"href":"https:\/\/www.europesays.com\/fr\/wp-json\/wp\/v2\/posts\/67399","targetHints":{"allow":["GET"]}}],"collection":[{"href":"https:\/\/www.europesays.com\/fr\/wp-json\/wp\/v2\/posts"}],"about":[{"href":"https:\/\/www.europesays.com\/fr\/wp-json\/wp\/v2\/types\/post"}],"author":[{"embeddable":true,"href":"https:\/\/www.europesays.com\/fr\/wp-json\/wp\/v2\/users\/2"}],"replies":[{"embeddable":true,"href":"https:\/\/www.europesays.com\/fr\/wp-json\/wp\/v2\/comments?post=67399"}],"version-history":[{"count":0,"href":"https:\/\/www.europesays.com\/fr\/wp-json\/wp\/v2\/posts\/67399\/revisions"}],"wp:featuredmedia":[{"embeddable":true,"href":"https:\/\/www.europesays.com\/fr\/wp-json\/wp\/v2\/media\/30227"}],"wp:attachment":[{"href":"https:\/\/www.europesays.com\/fr\/wp-json\/wp\/v2\/media?parent=67399"}],"wp:term":[{"taxonomy":"category","embeddable":true,"href":"https:\/\/www.europesays.com\/fr\/wp-json\/wp\/v2\/categories?post=67399"},{"taxonomy":"post_tag","embeddable":true,"href":"https:\/\/www.europesays.com\/fr\/wp-json\/wp\/v2\/tags?post=67399"}],"curies":[{"name":"wp","href":"https:\/\/api.w.org\/{rel}","templated":true}]}}