{"id":674024,"date":"2026-01-19T08:52:11","date_gmt":"2026-01-19T08:52:11","guid":{"rendered":"https:\/\/www.europesays.com\/fr\/674024\/"},"modified":"2026-01-19T08:52:11","modified_gmt":"2026-01-19T08:52:11","slug":"coercition-economique-larme-de-lunion-europeenne-face-aux-menaces-commerciales-de-trump-aujourdhui-leconomie","status":"publish","type":"post","link":"https:\/\/www.europesays.com\/fr\/674024\/","title":{"rendered":"Coercition \u00e9conomique: l\u2019arme de l\u2019Union europ\u00e9enne face aux menaces commerciales de Trump &#8211; Aujourd&rsquo;hui l&rsquo;\u00e9conomie"},"content":{"rendered":"<p>\n                                                La tension monte entre les \u00c9tats-Unis et l\u2019Union europ\u00e9enne. En cause: des menaces de droits de douane brandies par Donald Trump pour contraindre plusieurs pays europ\u00e9ens \u00e0 accepter l\u2019achat du Groenland par Washington. Face \u00e0 ce chantage assum\u00e9, Bruxelles envisage pour la premi\u00e8re fois d\u2019utiliser son arme commerciale la plus puissante: l\u2019instrument anti-coercition.                    <\/p>\n<p>Le point de d\u00e9part de cette nouvelle crise transatlantique est clair. <strong><a href=\"https:\/\/www.rfi.fr\/fr\/europe\/20260117-le-groenland-n-est-pas-\u00e0-vendre-manifestation-\u00e0-copenhague-apr\u00e8s-les-menaces-d-annexion-de-trump\" target=\"_self\" rel=\"noopener\">Donald Trump menace plusieurs pays europ\u00e9ens d\u2019imposer des droits de douane<\/a><\/strong> afin de les forcer \u00e0 laisser Washington acheter le Groenland. Pour Bruxelles, c\u2019est la menace de trop. Le pr\u00e9sident am\u00e9ricain \u00e9voque des surtaxes pr\u00e9cises: 10% de droits de douane d\u00e8s le 1er f\u00e9vrier, puis 25% \u00e0 partir du mois de juin. Ces mesures cibleraient pour l\u2019instant huit pays europ\u00e9ens, dont la France, l\u2019Allemagne, la Su\u00e8de ou encore le Royaume-Uni. Ce qui frappe les Europ\u00e9ens, c\u2019est que l\u2019on n\u2019est plus dans une n\u00e9gociation commerciale classique. Le rapport de force est assum\u00e9, dans une logique propre \u00e0 Donald Trump: le tarif douanier utilis\u00e9 comme levier politique pour peser sur une d\u00e9cision souveraine.<\/p>\n<p class=\"a-read-more\">\u00c0 lire aussi<a href=\"https:\/\/www.rfi.fr\/fr\/podcasts\/lignes-de-d\u00e9fense\/20260118-avec-des-militaires-au-groenland-les-europ\u00e9ens-envoient-un-signal-\u00e0-tout-le-monde\" target=\"_self\" class=\"a-read-more__link\" rel=\"noopener\">Avec des militaires au Groenland, les Europ\u00e9ens envoient \u00abun signal\u00bb \u00e0 \u00abtout le monde\u00bb<\/a><\/p>\n<p> Des cons\u00e9quences \u00e9conomiques imm\u00e9diates des deux c\u00f4t\u00e9s de l\u2019Atlantique <\/p>\n<p>Ces menaces ne sont \u00e9videmment pas sans cons\u00e9quences \u00e9conomiques. De nombreux secteurs europ\u00e9ens continuent d\u2019exporter massivement vers les \u00c9tats-Unis, notamment l\u2019automobile, l\u2019agroalimentaire ou encore le textile. Pour les entreprises europ\u00e9ennes, l\u2019impact serait direct\u00a0: perte de comp\u00e9titivit\u00e9, marges \u00e9cras\u00e9es, et investissements retard\u00e9s. Dans un contexte d\u00e9j\u00e0 incertain, l\u2019instauration de droits de douane suppl\u00e9mentaires freinerait encore davantage les d\u00e9cisions d\u2019investissement.<\/p>\n<p>Mais le pi\u00e8ge pour Washington, c\u2019est que ces mesures toucheraient aussi l\u2019\u00e9conomie am\u00e9ricaine. Les cha\u00eenes de valeur sont aujourd\u2019hui fortement imbriqu\u00e9es. En effet,\u00a0des composants europ\u00e9ens sont essentiels \u00e0 l\u2019industrie am\u00e9ricaine. Une guerre commerciale aurait donc des effets n\u00e9gatifs des deux c\u00f4t\u00e9s de l\u2019Atlantique.<\/p>\n<p> L\u2019instrument anti-coercition, le \u00ab bazooka \u00bb commercial de Bruxelles <\/p>\n<p>Face \u00e0 cette situation, Bruxelles pourrait r\u00e9pondre par un mot: coercition. Dans les grandes lignes, la coercition \u00e9conomique d\u00e9signe le fait de menacer ou d\u2019appliquer des mesures commerciales pour forcer un autre \u00c9tat \u00e0 modifier une d\u00e9cision souveraine. Le message de la Commission europ\u00e9enne aux \u00c9tats-Unis serait alors sans ambigu\u00eft\u00e9 : \u00ab\u00a0trop, c\u2019est trop. Ne touchez pas au Groenland, sinon vous le paierez \u00e9conomiquement \u00bb.<\/p>\n<p>Cet instrument existe dans les textes europ\u00e9ens, mais il n\u2019a encore jamais \u00e9t\u00e9 utilis\u00e9. Il permet \u00e0 l\u2019Union europ\u00e9enne de riposter de mani\u00e8re gradu\u00e9e et cibl\u00e9e. Parmi les mesures envisag\u00e9es: la restriction de l\u2019acc\u00e8s au march\u00e9 europ\u00e9en, le blocage de certains investissements \u00e9trangers, la limitation de services, y compris num\u00e9riques.<\/p>\n<p class=\"a-read-more\">\u00c0 lire aussi<a href=\"https:\/\/www.rfi.fr\/fr\/podcasts\/invit\u00e9-international\/20260118-jean-baptiste-velut-l-europe-peut-utiliser-le-bazooka-commercial-l-instrument-anti-coercition-face-\u00e0-d-trump\" target=\"_self\" class=\"a-read-more__link\" rel=\"noopener\">Jean-Baptiste Velut : \u00abL&rsquo;Europe peut utiliser le bazooka commercial, l&rsquo;instrument anti-coercition\u00bb face \u00e0 D. Trump<\/a><\/p>\n<p>L\u2019objectif est clair: toucher l\u00e0 o\u00f9 \u00e7a fait mal, notamment les grands groupes am\u00e9ricains tr\u00e8s d\u00e9pendants du march\u00e9 europ\u00e9en. D\u2019o\u00f9 les surnoms qui circulent dans la presse: \u00ab\u00a0bazooka \u00bb, \u00ab\u00a0arme nucl\u00e9aire \u00e9conomique \u00bb. Mais cet outil reste un instrument de dernier recours, pens\u00e9 avant tout comme dissuasif. Or, le probl\u00e8me de la dissuasion est bien connu:\u00a0tant qu\u2019on ne l\u2019a jamais utilis\u00e9e, son efficacit\u00e9 reste th\u00e9orique.<\/p>\n<p>En parall\u00e8le, Bruxelles envisage une riposte plus classique: r\u00e9activer des droits de douane sur 93 milliards d\u2019euros de produits am\u00e9ricains. Une liste qui existe d\u00e9j\u00e0 et qui avait \u00e9t\u00e9 suspendue apr\u00e8s un accord commercial conclu l\u2019\u00e9t\u00e9 dernier avec Washington. Au final, l\u2019enjeu est surtout europ\u00e9en. Les Vingt-Sept sont-ils pr\u00eats \u00e0 utiliser la puissance \u00e9conomique du continent pour d\u00e9fendre leur souverainet\u00e9 ? Une chose est s\u00fbre: le compromis, la retenue et le multilat\u00e9ralisme sont des concepts peu compatibles avec la politique de Donald Trump.<\/p>\n","protected":false},"excerpt":{"rendered":"La tension monte entre les \u00c9tats-Unis et l\u2019Union europ\u00e9enne. En cause: des menaces de droits de douane brandies&hellip;\n","protected":false},"author":2,"featured_media":674025,"comment_status":"","ping_status":"","sticky":false,"template":"","format":"standard","meta":{"footnotes":""},"categories":[1586],"tags":[11,672,2577,2578,145,554,75,33,1073,313,73,1777,674,1779,590,1011,27,4710,146,2581,12,25,473,1778,364,2544],"class_list":{"0":"post-674024","1":"post","2":"type-post","3":"status-publish","4":"format-standard","5":"has-post-thumbnail","7":"category-europe","8":"tag-actualites","9":"tag-allemagne","10":"tag-aujourdhui-leconomie","11":"tag-commerce-et-echanges","12":"tag-danemark","13":"tag-defense","14":"tag-donald-trump","15":"tag-economie","16":"tag-emmanuel-macron","17":"tag-entreprises","18":"tag-etats-unis","19":"tag-eu","20":"tag-europe","21":"tag-european-union","22":"tag-finance","23":"tag-fr","24":"tag-france","25":"tag-friedrich-merz","26":"tag-groenland","27":"tag-keir-starmer","28":"tag-news","29":"tag-republique-francaise","30":"tag-royaume-uni","31":"tag-ue","32":"tag-union-europeenne","33":"tag-ursula-von-der-leyen"},"share_on_mastodon":{"url":"https:\/\/pubeurope.com\/@fr\/115920918594146424","error":""},"_links":{"self":[{"href":"https:\/\/www.europesays.com\/fr\/wp-json\/wp\/v2\/posts\/674024","targetHints":{"allow":["GET"]}}],"collection":[{"href":"https:\/\/www.europesays.com\/fr\/wp-json\/wp\/v2\/posts"}],"about":[{"href":"https:\/\/www.europesays.com\/fr\/wp-json\/wp\/v2\/types\/post"}],"author":[{"embeddable":true,"href":"https:\/\/www.europesays.com\/fr\/wp-json\/wp\/v2\/users\/2"}],"replies":[{"embeddable":true,"href":"https:\/\/www.europesays.com\/fr\/wp-json\/wp\/v2\/comments?post=674024"}],"version-history":[{"count":0,"href":"https:\/\/www.europesays.com\/fr\/wp-json\/wp\/v2\/posts\/674024\/revisions"}],"wp:featuredmedia":[{"embeddable":true,"href":"https:\/\/www.europesays.com\/fr\/wp-json\/wp\/v2\/media\/674025"}],"wp:attachment":[{"href":"https:\/\/www.europesays.com\/fr\/wp-json\/wp\/v2\/media?parent=674024"}],"wp:term":[{"taxonomy":"category","embeddable":true,"href":"https:\/\/www.europesays.com\/fr\/wp-json\/wp\/v2\/categories?post=674024"},{"taxonomy":"post_tag","embeddable":true,"href":"https:\/\/www.europesays.com\/fr\/wp-json\/wp\/v2\/tags?post=674024"}],"curies":[{"name":"wp","href":"https:\/\/api.w.org\/{rel}","templated":true}]}}