{"id":674026,"date":"2026-01-19T08:53:23","date_gmt":"2026-01-19T08:53:23","guid":{"rendered":"https:\/\/www.europesays.com\/fr\/674026\/"},"modified":"2026-01-19T08:53:23","modified_gmt":"2026-01-19T08:53:23","slug":"article-49-3-ou-ordonnance-le-dilemme-de-lecornu-bien-illustre-par-ce-rappel-cruel-de-braun-pivet","status":"publish","type":"post","link":"https:\/\/www.europesays.com\/fr\/674026\/","title":{"rendered":"Article 49-3 ou ordonnance\u00a0? Le dilemme de Lecornu bien illustr\u00e9 par ce rappel cruel de Braun-Pivet"},"content":{"rendered":"<p>        <img decoding=\"async\" loading=\"lazy\" src=\"https:\/\/www.europesays.com\/fr\/wp-content\/uploads\/2026\/01\/76de13f_upload-1-eeyxnetiyzco-afp-20260109-926k2u8-v1-highres-francejusticepolitics.jpg\"  width=\"728\" height=\"409\" alt=\"49.3\u00a0ou ordonnance\u00a0? Ce cruel rappel de Braun Pivet dit tout du dilemme de Lecornu\"\/>  <\/p>\n<p>BERTRAND GUAY \/ AFP<\/p>\n<p>49.3\u00a0ou ordonnance\u00a0? Ce cruel rappel de Braun Pivet dit tout du dilemme de Lecornu<\/p>\n<p>      <strong>EN BREF<\/strong> <strong>\u2022 <\/strong>La pr\u00e9sidente de l\u2019Assembl\u00e9e nationale regrette que le chef du gouvernement soit oblig\u00e9 de revenir sur son engagement de ne pas passer en force.<br \/><strong>\u2022 <\/strong>S\u00e9bastien Lecornu doit choisir dans les prochaines heures entre le 49-3 et les ordonnances pour faire passer son budget.<br \/><strong>\u2022 <\/strong>Les deux options sont tr\u00e8s risqu\u00e9es pour le Premier ministre mais il ne peut pas faire autrement.                         <\/p>\n<p class=\"asset asset-text\">Il faudra bien sortir du bois. <a href=\"https:\/\/www.huffingtonpost.fr\/politique\/article\/cet-autre-angle-mort-dans-le-discours-de-sebastien-lecornu-sur-le-budget-2026_259300.html\" target=\"_blank\" rel=\"noopener\">S\u00e9bastien Lecornu<\/a> entrevoit la fin du tunnel budg\u00e9taire gr\u00e2ce \u00e0 la bienveillance des socialistes acquises apr\u00e8s <a href=\"https:\/\/www.huffingtonpost.fr\/politique\/article\/dans-le-budget-le-gouvernement-prevoit-bien-cette-surtaxe-mais-hesite-encore-sur-les-montants_259309.html\" target=\"_blank\" rel=\"noopener\">d\u2019ultimes concessions<\/a>. Mais pour d\u00e9finitivement solder cette longue p\u00e9riode, le chef du gouvernement doit maintenant choisir le chemin qui lui permettra de contourner le Parlement et \u00e9viter l\u2019emb\u00fbche du vote.<\/p>\n<p class=\"asset asset-text\">Probl\u00e8me\u00a0: les deux pistes disponibles,<a href=\"https:\/\/www.huffingtonpost.fr\/politique\/article\/49-3-ou-ordonnances-les-avantages-et-inconvenients-des-options-de-lecornu-sur-le-budget-2026_259275.html\" target=\"_blank\" rel=\"noopener\"> l\u2019article\u00a049.3\u00a0de la Constitution, et celui des ordonnances (47)<\/a>, sont risqu\u00e9es. C\u2019est ce qu\u2019est venue lui rappeler Ya\u00ebl Braun-Pivet, peut-\u00eatre sans le vouloir, ce dimanche 18\u00a0janvier sur RTL.<\/p>\n<p class=\"asset asset-text\">Refusant de dire sa pr\u00e9f\u00e9rence pour l\u2019outil qui sera finalement d\u00e9gain\u00e9, la pr\u00e9sidente de l\u2019Assembl\u00e9e nationale a rappel\u00e9 la promesse initiale du Premier ministre\u00a0: ne pas passer en force. \u00ab\u00a0Quand on fait de la politique, il faut tenir les engagements qu\u2019on prend\u00a0\u00bb, a-t-elle ainsi gliss\u00e9, avouant qu\u2019elle \u00ab\u00a0partage(ait)\u00a0\u00bb le constat d\u2019\u00e9chec de la m\u00e9thode de S\u00e9bastien Lecornu, qui s\u2019\u00e9tait fait fort, lors de son installation \u00e0 Matignon, de laisser l\u2019article \u00e0 trois chiffres au fond des cartons.<\/p>\n<p>                     <strong>Que des mauvaises options<\/strong>    <\/p>\n<p class=\"asset asset-text\">Ainsi, Ya\u00ebl Braun-Pivet souligne le difficile dilemme auquel le chef du gouvernement est confront\u00e9, m\u00eame si le risque de censure semble s\u2019\u00e9loigner. C\u00f4t\u00e9 pile\u00a0: il invoque l\u2019article\u00a049.3\u00a0de la Constitution, une voie privil\u00e9gi\u00e9e par plusieurs macronistes en ce qu\u2019elle pr\u00e9sente l\u2019avantage de produire des cons\u00e9quences attendues.<\/p>\n<p> La lecture de ce contenu est susceptible d\u2019entra\u00eener un d\u00e9p\u00f4t de cookies de la part de l\u2019op\u00e9rateur tiers qui l\u2019h\u00e9berge. Compte-tenu des choix que vous avez exprim\u00e9s en mati\u00e8re de d\u00e9p\u00f4t de cookies, nous avons bloqu\u00e9 l\u2019affichage de ce contenu. Si vous souhaitez y acc\u00e9der, vous devez accepter la cat\u00e9gorie de cookies \u201cContenus tiers\u201d en cliquant sur le bouton ci-dessous. <\/p>\n<p> Lire la Vid\u00e9o        <\/p>\n<p class=\"asset asset-text\">S\u2019il fait cela, le Premier ministre prend toutefois le risque de brouiller son image, en reniant la promesse originelle qui lui a permis de s\u2019installer durablement \u00e0 Matignon. Un risque d\u2019autant plus important que la proc\u00e9dure, qu\u2019il devra d\u00e9clencher \u00e0 trois reprises (pour chaque partie du budget, puis le vote final), souffre toujours d\u2019une image tr\u00e8s n\u00e9gative aupr\u00e8s des Fran\u00e7ais. S\u00e9bastien Lecornu doit donc s\u2019attendre \u00e0 de nombreuses critiques l\u2019accusant de \u00ab\u00a0d\u00e9ni de d\u00e9mocratie\u00a0\u00bb, chaque fois qu\u2019il montera \u00e0 la tribune pour couper court aux d\u00e9bats.<\/p>\n<p class=\"asset asset-text\">C\u00f4t\u00e9 face, l\u2019ordonnance pr\u00e9sente un avantage ind\u00e9niable\u00a0: elle permet de faire passer le texte d\u2019un trait, sans s\u2019appesantir au Parlement, et n\u2019engage pas la responsabilit\u00e9 du gouvernement. En clair, les d\u00e9put\u00e9s pourraient bien renverser le locataire de Matignon et ses ministres, le budget pourra entrer en vigueur. En revanche, cet outil comporte un inconv\u00e9nient majeur\u00a0: il n\u2019a jamais \u00e9t\u00e9 utilis\u00e9, et des doutes subsistent sur ce qu\u2019il permet.<\/p>\n<p class=\"asset asset-text\">Selon l\u2019interpr\u00e9tation la plus r\u00e9pandue chez les sp\u00e9cialistes, seul le texte initial, celui d\u00e9pos\u00e9 \u00e0 l\u2019automne donc, pourrait \u00eatre transcrit dans une ordonnance budg\u00e9taire. Ce qui rendrait cette option potentiellement risqu\u00e9e pour le Premier ministre, car elle viendrait balayer l\u2019ensemble des n\u00e9gociations des derniers mois, comme ses toutes derni\u00e8res annonces pour amadouer le Parti socialiste. Complexe.<\/p>\n<p class=\"asset asset-text\">S\u00e9bastien Lecornu doit d\u00e9voiler son plan en d\u00e9but de semaine, avant une reprise des discussions pr\u00e9vues initialement mardi 20\u00a0janvier \u00e0 l\u2019Assembl\u00e9e nationale. Plus que quelques heures pour dissiper le brouillard qui entoure encore la fin du tunnel.<\/p>\n","protected":false},"excerpt":{"rendered":"BERTRAND GUAY \/ AFP 49.3\u00a0ou ordonnance\u00a0? Ce cruel rappel de Braun Pivet dit tout du dilemme de Lecornu&hellip;\n","protected":false},"author":2,"featured_media":674027,"comment_status":"","ping_status":"","sticky":false,"template":"","format":"standard","meta":{"footnotes":""},"categories":[2],"tags":[11,76680,1003,1011,27,12,316,25,11067,6385],"class_list":{"0":"post-674026","1":"post","2":"type-post","3":"status-publish","4":"format-standard","5":"has-post-thumbnail","7":"category-actualites","8":"tag-actualites","9":"tag-article-49-3","10":"tag-budget","11":"tag-fr","12":"tag-france","13":"tag-news","14":"tag-politique","15":"tag-republique-francaise","16":"tag-sebastien-lecornu","17":"tag-yael-braun-pivet"},"share_on_mastodon":{"url":"https:\/\/pubeurope.com\/@fr\/115920922504453682","error":""},"_links":{"self":[{"href":"https:\/\/www.europesays.com\/fr\/wp-json\/wp\/v2\/posts\/674026","targetHints":{"allow":["GET"]}}],"collection":[{"href":"https:\/\/www.europesays.com\/fr\/wp-json\/wp\/v2\/posts"}],"about":[{"href":"https:\/\/www.europesays.com\/fr\/wp-json\/wp\/v2\/types\/post"}],"author":[{"embeddable":true,"href":"https:\/\/www.europesays.com\/fr\/wp-json\/wp\/v2\/users\/2"}],"replies":[{"embeddable":true,"href":"https:\/\/www.europesays.com\/fr\/wp-json\/wp\/v2\/comments?post=674026"}],"version-history":[{"count":0,"href":"https:\/\/www.europesays.com\/fr\/wp-json\/wp\/v2\/posts\/674026\/revisions"}],"wp:featuredmedia":[{"embeddable":true,"href":"https:\/\/www.europesays.com\/fr\/wp-json\/wp\/v2\/media\/674027"}],"wp:attachment":[{"href":"https:\/\/www.europesays.com\/fr\/wp-json\/wp\/v2\/media?parent=674026"}],"wp:term":[{"taxonomy":"category","embeddable":true,"href":"https:\/\/www.europesays.com\/fr\/wp-json\/wp\/v2\/categories?post=674026"},{"taxonomy":"post_tag","embeddable":true,"href":"https:\/\/www.europesays.com\/fr\/wp-json\/wp\/v2\/tags?post=674026"}],"curies":[{"name":"wp","href":"https:\/\/api.w.org\/{rel}","templated":true}]}}