{"id":674126,"date":"2026-01-19T10:00:18","date_gmt":"2026-01-19T10:00:18","guid":{"rendered":"https:\/\/www.europesays.com\/fr\/674126\/"},"modified":"2026-01-19T10:00:18","modified_gmt":"2026-01-19T10:00:18","slug":"92-drones-ukrainiens-detruits-dans-la-nuit","status":"publish","type":"post","link":"https:\/\/www.europesays.com\/fr\/674126\/","title":{"rendered":"92 drones ukrainiens d\u00e9truits dans la nuit"},"content":{"rendered":"<p class=\"tdm-descr\">\u00a9 Agenzia Nova &#8211; Reproduction r\u00e9serv\u00e9e<\/p>\n<p>Les forces de d\u00e9fense a\u00e9rienne russes ont d\u00e9truit 92 drones ukrainiens dans la nuit. Le minist\u00e8re russe de la D\u00e9fense l&rsquo;a signal\u00e9. \u00ab Hier soir, les tentatives du r\u00e9gime de Kiev de mener des attaques terroristes \u00e0 l&rsquo;aide de 92 drones a\u00e9riens visant des cibles situ\u00e9es sur le territoire de la F\u00e9d\u00e9ration de Russie ont \u00e9t\u00e9 d\u00e9jou\u00e9es \u00bb, peut-on lire dans le message.<\/p>\n<p>\u00ab 31 drones ont \u00e9t\u00e9 d\u00e9truits dans la r\u00e9gion de Belgorod, 29 dans la r\u00e9gion de Saratov, 25 dans la r\u00e9gion de Voronej, trois dans les r\u00e9gions de Briansk et de Tambov, et un dans la r\u00e9gion de Koursk \u00bb, a pr\u00e9cis\u00e9 le minist\u00e8re.<\/p>\n<p class=\"gt-block\">Lire aussi d&rsquo;autres nouvelles sur <strong><a href=\"https:\/\/www.agenzianova.com\/fr\/news\" target=\"_blank\" rel=\"noopener\">Nouvelles Nova<\/a><\/strong><\/p>\n<p class=\"gt-block\"><strong><a style=\"color: #0000ff;\" href=\" https:\/\/whatsapp.com\/channel\/0029VaZNLBP6BIEk5MzqOb2Q \">Cliquez ici et recevez des mises \u00e0 jour sur WhatsApp<\/a><\/strong><\/p>\n<p class=\"gt-block\">Suivez-nous sur les r\u00e9seaux sociaux de Nova News sur <strong><a href=\"https:\/\/twitter.com\/agenzia_nova\" target=\"_blank\" rel=\"noopener\">Twitter<\/a>, <a href=\"https:\/\/www.linkedin.com\/company\/64989554\/admin\/\" target=\"_blank\" rel=\"noopener\">LinkedIn<\/a>, <a href=\"https:\/\/www.instagram.com\/agenzia.nova\/\" target=\"_blank\" rel=\"noopener\">Instagram, <\/a><a href=\"https:\/\/t.me\/novanewsagenzia\">Telegram<\/a><\/strong><\/p>\n<p class=\"tdm-descr\">\u00a9 Agenzia Nova &#8211; Reproduction r\u00e9serv\u00e9e<\/p>\n<p><script async src=\"https:\/\/platform.twitter.com\/widgets.js\" charset=\"utf-8\"><\/script><script async src=\"\/\/www.instagram.com\/embed.js\"><\/script><\/p>\n","protected":false},"excerpt":{"rendered":"\u00a9 Agenzia Nova &#8211; Reproduction r\u00e9serv\u00e9e Les forces de d\u00e9fense a\u00e9rienne russes ont d\u00e9truit 92 drones ukrainiens dans&hellip;\n","protected":false},"author":2,"featured_media":674127,"comment_status":"","ping_status":"","sticky":false,"template":"","format":"standard","meta":{"footnotes":""},"categories":[1591],"tags":[11,2024,1887,12,1885,1886,132],"class_list":{"0":"post-674126","1":"post","2":"type-post","3":"status-publish","4":"format-standard","5":"has-post-thumbnail","7":"category-russie","8":"tag-actualites","9":"tag-drones","10":"tag-federation-de-russie","11":"tag-news","12":"tag-russia","13":"tag-russian-federation","14":"tag-russie"},"share_on_mastodon":{"url":"https:\/\/pubeurope.com\/@fr\/115921185935808243","error":""},"_links":{"self":[{"href":"https:\/\/www.europesays.com\/fr\/wp-json\/wp\/v2\/posts\/674126","targetHints":{"allow":["GET"]}}],"collection":[{"href":"https:\/\/www.europesays.com\/fr\/wp-json\/wp\/v2\/posts"}],"about":[{"href":"https:\/\/www.europesays.com\/fr\/wp-json\/wp\/v2\/types\/post"}],"author":[{"embeddable":true,"href":"https:\/\/www.europesays.com\/fr\/wp-json\/wp\/v2\/users\/2"}],"replies":[{"embeddable":true,"href":"https:\/\/www.europesays.com\/fr\/wp-json\/wp\/v2\/comments?post=674126"}],"version-history":[{"count":0,"href":"https:\/\/www.europesays.com\/fr\/wp-json\/wp\/v2\/posts\/674126\/revisions"}],"wp:featuredmedia":[{"embeddable":true,"href":"https:\/\/www.europesays.com\/fr\/wp-json\/wp\/v2\/media\/674127"}],"wp:attachment":[{"href":"https:\/\/www.europesays.com\/fr\/wp-json\/wp\/v2\/media?parent=674126"}],"wp:term":[{"taxonomy":"category","embeddable":true,"href":"https:\/\/www.europesays.com\/fr\/wp-json\/wp\/v2\/categories?post=674126"},{"taxonomy":"post_tag","embeddable":true,"href":"https:\/\/www.europesays.com\/fr\/wp-json\/wp\/v2\/tags?post=674126"}],"curies":[{"name":"wp","href":"https:\/\/api.w.org\/{rel}","templated":true}]}}