{"id":674207,"date":"2026-01-19T10:53:19","date_gmt":"2026-01-19T10:53:19","guid":{"rendered":"https:\/\/www.europesays.com\/fr\/674207\/"},"modified":"2026-01-19T10:53:19","modified_gmt":"2026-01-19T10:53:19","slug":"que-faire-a-nantes-ce-week-end-du-22-au-25-janvier-2026","status":"publish","type":"post","link":"https:\/\/www.europesays.com\/fr\/674207\/","title":{"rendered":"Que faire \u00e0 Nantes ce week-end du 22 au 25 janvier 2026 ?"},"content":{"rendered":"<p>Bonne nouvelle : <strong>le jour le plus d\u00e9primant de l\u2019ann\u00e9e est officiellement derri\u00e8re nous ! <\/strong>Et encore mieux, on approche doucement mais s\u00fbrement de la fin du mois de janvier. Autant dire que ce week-end tombe \u00e0 point nomm\u00e9 pour se remonter le moral. <strong>Du 22 au 25 janvier 2026<\/strong>, Nantes te g\u00e2te avec un programme qui fait du bien : <strong>cin\u00e9 \u00e0 prix mini <\/strong>pour se faire plaisir sans exploser le budget, <strong>Nuits de la lecture<\/strong> pour nourrir l\u2019esprit et dernier week-end du<strong> festival d\u2019astronomie <\/strong>pour en prendre plein les yeux. Bref, plus d\u2019excuses pour rester sous la couette, t\u2019as plus qu\u2019\u00e0 suivre le programme de <a href=\"https:\/\/www.instagram.com\/bigcitynantes\/\" target=\"_blank\" rel=\"noreferrer noopener\">Big City <\/a>!<\/p>\n<p>Que Faire \u00e0 Nantes ce week-end : le programme des sorties du jeudi 22 au dimanche 25 janvier 2026<\/p>\n<p><strong>Ce week-end du 22 au 25 janvier<\/strong> s\u2019annonce tr\u00e8s cool, avec plein de bons plans pour te r\u00e9chauffer\u2026 et surtout, ne pas t\u2019ennuyer !<\/p>\n<p>On commence avec le rendez-vous mode \u00e0 ne pas rater : <strong><a href=\"https:\/\/www.bigcitynantes.fr\/que-faire-a-nantes\/atelier-tuffery-la-manufacture-francaise-iconique-de-jeans-debarque-a-nantes\/\" target=\"_blank\" rel=\"noopener\">l\u2019Atelier TUFFERY<\/a><\/strong> d\u00e9barque \u00e0 Nantes du <strong>20 au 24 janvier 2026<\/strong> ! La plus ancienne manufacture fran\u00e7aise de jeans t\u2019attend pour d\u00e9couvrir ses cr\u00e9ations.<\/p>\n<p>C\u00f4t\u00e9 culture, il y en a pour tous les go\u00fbts : <strong><a href=\"https:\/\/www.bigcitynantes.fr\/actu\/cette-histoire-vraie-completement-improbable-arrive-bientot-sur-scene-a-nantes\/\" target=\"_blank\" rel=\"noopener\">\u00ab\u202fLa Guerre des \u00e9meus\u202f\u00bb au Th\u00e9\u00e2tre 100 Noms<\/a><\/strong>, des places de cin\u00e9 \u00e0 5\u20ac avec le festival Les Incontournables.<\/p>\n<p><strong>Et enfin pour faire la f\u00eate,<\/strong> ne rate pas la <strong><a href=\"https:\/\/www.bigcitynantes.fr\/que-faire-a-nantes\/c-fini-party-by-art-view-fete-ses-5-ans-chez-taproom-aerofab\/\" target=\"_blank\" rel=\"noopener\">C Fini Party by Art View<\/a><\/strong><a href=\"https:\/\/www.bigcitynantes.fr\/que-faire-a-nantes\/c-fini-party-by-art-view-fete-ses-5-ans-chez-taproom-aerofab\/\" target=\"_blank\" rel=\"noopener\"> <\/a>avec des exposant\u00b7e\u00b7s, de la bonne musique live, des DJ sets\u2026 et m\u00eame des tatoueur\u00b7euse\u00b7s bien trop fort.e.s.<\/p>\n<p>Et \u00e7a, c\u2019est qu\u2019un aper\u00e7u\u2026 Regarde la liste ci-dessous pour ne rien manquer, et surtout, on te souhaite un bon week-end \u00e0 Nantes \u2764\ufe0f<\/p>\n<p>TousJeudiVendrediSamediDimancheToute la semaine<\/p>\n<p>  <script async src=\"\/\/www.instagram.com\/embed.js\"><\/script><\/p>\n","protected":false},"excerpt":{"rendered":"Bonne nouvelle : le jour le plus d\u00e9primant de l\u2019ann\u00e9e est officiellement derri\u00e8re nous ! Et encore mieux,&hellip;\n","protected":false},"author":2,"featured_media":674208,"comment_status":"","ping_status":"","sticky":false,"template":"","format":"standard","meta":{"footnotes":""},"categories":[2818],"tags":[1111,11,48554,4156,4157,1777,674,1011,27,766,12,2636,25,953,1669,3140,4064],"class_list":{"0":"post-674207","1":"post","2":"type-post","3":"status-publish","4":"format-standard","5":"has-post-thumbnail","7":"category-nantes","8":"tag-actu","9":"tag-actualites","10":"tag-carrousel","11":"tag-concerts","12":"tag-dj-sets","13":"tag-eu","14":"tag-europe","15":"tag-fr","16":"tag-france","17":"tag-nantes","18":"tag-news","19":"tag-pays-de-la-loire","20":"tag-republique-francaise","21":"tag-soiree","22":"tag-sorties","23":"tag-spectacle","24":"tag-week-end"},"share_on_mastodon":{"url":"https:\/\/pubeurope.com\/@fr\/115921394331722298","error":""},"_links":{"self":[{"href":"https:\/\/www.europesays.com\/fr\/wp-json\/wp\/v2\/posts\/674207","targetHints":{"allow":["GET"]}}],"collection":[{"href":"https:\/\/www.europesays.com\/fr\/wp-json\/wp\/v2\/posts"}],"about":[{"href":"https:\/\/www.europesays.com\/fr\/wp-json\/wp\/v2\/types\/post"}],"author":[{"embeddable":true,"href":"https:\/\/www.europesays.com\/fr\/wp-json\/wp\/v2\/users\/2"}],"replies":[{"embeddable":true,"href":"https:\/\/www.europesays.com\/fr\/wp-json\/wp\/v2\/comments?post=674207"}],"version-history":[{"count":0,"href":"https:\/\/www.europesays.com\/fr\/wp-json\/wp\/v2\/posts\/674207\/revisions"}],"wp:featuredmedia":[{"embeddable":true,"href":"https:\/\/www.europesays.com\/fr\/wp-json\/wp\/v2\/media\/674208"}],"wp:attachment":[{"href":"https:\/\/www.europesays.com\/fr\/wp-json\/wp\/v2\/media?parent=674207"}],"wp:term":[{"taxonomy":"category","embeddable":true,"href":"https:\/\/www.europesays.com\/fr\/wp-json\/wp\/v2\/categories?post=674207"},{"taxonomy":"post_tag","embeddable":true,"href":"https:\/\/www.europesays.com\/fr\/wp-json\/wp\/v2\/tags?post=674207"}],"curies":[{"name":"wp","href":"https:\/\/api.w.org\/{rel}","templated":true}]}}